{"id":2559,"date":"2011-07-04T19:31:13","date_gmt":"2011-07-04T18:31:13","guid":{"rendered":"http:\/\/www.tuseichholzremmighausen.de\/wordpress\/?p=2559"},"modified":"2020-09-11T20:21:18","modified_gmt":"2020-09-11T18:21:18","slug":"tt-abteilung-vor-der-auflosung","status":"publish","type":"post","link":"https:\/\/www.tuseichholzremmighausen.de\/wordpress\/archives\/2559","title":{"rendered":"TT-Abteilung vor der Aufl\u00f6sung?"},"content":{"rendered":"<figure id=\"attachment_2560\" aria-describedby=\"caption-attachment-2560\" style=\"width: 400px\" class=\"wp-caption alignleft\"><a href=\"https:\/\/i0.wp.com\/www.tuseichholzremmighausen.de\/wordpress\/wp-content\/uploads\/2011\/07\/tt_vorstand_110704.jpg?ssl=1\"><img data-recalc-dims=\"1\" loading=\"lazy\" decoding=\"async\" data-attachment-id=\"2560\" data-permalink=\"https:\/\/www.tuseichholzremmighausen.de\/wordpress\/archives\/2559\/tt_vorstand_110704\" data-orig-file=\"https:\/\/i0.wp.com\/www.tuseichholzremmighausen.de\/wordpress\/wp-content\/uploads\/2011\/07\/tt_vorstand_110704.jpg?fit=400%2C266&amp;ssl=1\" data-orig-size=\"400,266\" data-comments-opened=\"1\" data-image-meta=\"{&quot;aperture&quot;:&quot;4&quot;,&quot;credit&quot;:&quot;&quot;,&quot;camera&quot;:&quot;NIKON D40&quot;,&quot;caption&quot;:&quot;&quot;,&quot;created_timestamp&quot;:&quot;1309807008&quot;,&quot;copyright&quot;:&quot;&quot;,&quot;focal_length&quot;:&quot;40&quot;,&quot;iso&quot;:&quot;800&quot;,&quot;shutter_speed&quot;:&quot;0.033333333333333&quot;,&quot;title&quot;:&quot;&quot;,&quot;orientation&quot;:&quot;1&quot;}\" data-image-title=\"tt_vorstand_110704\" data-image-description=\"\" data-image-caption=\"&lt;p&gt;Au\u00dferordentliche Abteilungsversammlung&lt;\/p&gt;\n\" data-large-file=\"https:\/\/i0.wp.com\/www.tuseichholzremmighausen.de\/wordpress\/wp-content\/uploads\/2011\/07\/tt_vorstand_110704.jpg?fit=400%2C266&amp;ssl=1\" class=\"size-full wp-image-2560\" title=\"tt_vorstand_110704\" src=\"https:\/\/i0.wp.com\/www.tuseichholzremmighausen.de\/wordpress\/wp-content\/uploads\/2011\/07\/tt_vorstand_110704.jpg?resize=400%2C266&#038;ssl=1\" alt=\"Au\u00dferordentliche Abteilungsversammlung\" width=\"400\" height=\"266\" srcset=\"https:\/\/i0.wp.com\/www.tuseichholzremmighausen.de\/wordpress\/wp-content\/uploads\/2011\/07\/tt_vorstand_110704.jpg?w=400&amp;ssl=1 400w, https:\/\/i0.wp.com\/www.tuseichholzremmighausen.de\/wordpress\/wp-content\/uploads\/2011\/07\/tt_vorstand_110704.jpg?resize=300%2C199&amp;ssl=1 300w\" sizes=\"auto, (max-width: 400px) 100vw, 400px\" \/><\/a><figcaption id=\"caption-attachment-2560\" class=\"wp-caption-text\">Au\u00dferordentliche Abteilungsversammlung<\/figcaption><\/figure>\n<p>Die Tischtennis-Abteilungsversammlung am 4. Juli brachte keine neuen Erkenntnisse! Jetzt steht die Abteilung leider kurz vor der Aufl\u00f6sung. Die Leitung bleibt vorerst kommissarisch im Amt.\u00a0 Der TuS-Vorsitzende wird jetzt einen weiteren Versammlungstermin anberaumen, bis dahin soll eine L\u00f6sung erarbeitet werden. Eventuell wird eine Hobbygruppe zuk\u00fcnftig die L\u00fccke schlie\u00dfen, damit die Sportart Tischtennis weiterhin im TuS vertreten ist. Ein Selbstl\u00e4ufer wird aber selbst die Hobbygruppe nicht, wie man den Bemerkungen und Einsch\u00e4tzungen der 4 anwesenden Aktiven entnehmen konnte!<\/p>\n","protected":false},"excerpt":{"rendered":"<p>Die Tischtennis-Abteilungsversammlung am 4. Juli brachte keine neuen Erkenntnisse! Jetzt steht die Abteilung leider kurz vor der Aufl\u00f6sung. Die Leitung<\/p>\n","protected":false},"author":2,"featured_media":0,"comment_status":"closed","ping_status":"closed","sticky":false,"template":"","format":"standard","meta":{"colormag_page_container_layout":"default_layout","colormag_page_sidebar_layout":"default_layout","_jetpack_memberships_contains_paid_content":false,"footnotes":"","jetpack_publicize_message":"","jetpack_publicize_feature_enabled":true,"jetpack_social_post_already_shared":false,"jetpack_social_options":{"image_generator_settings":{"template":"highway","default_image_id":0,"font":"","enabled":false},"version":2}},"categories":[157],"tags":[],"class_list":["post-2559","post","type-post","status-publish","format-standard","hentry","category-archiv"],"jetpack_publicize_connections":[],"jetpack_featured_media_url":"","jetpack_sharing_enabled":true,"_links":{"self":[{"href":"https:\/\/www.tuseichholzremmighausen.de\/wordpress\/wp-json\/wp\/v2\/posts\/2559","targetHints":{"allow":["GET"]}}],"collection":[{"href":"https:\/\/www.tuseichholzremmighausen.de\/wordpress\/wp-json\/wp\/v2\/posts"}],"about":[{"href":"https:\/\/www.tuseichholzremmighausen.de\/wordpress\/wp-json\/wp\/v2\/types\/post"}],"author":[{"embeddable":true,"href":"https:\/\/www.tuseichholzremmighausen.de\/wordpress\/wp-json\/wp\/v2\/users\/2"}],"replies":[{"embeddable":true,"href":"https:\/\/www.tuseichholzremmighausen.de\/wordpress\/wp-json\/wp\/v2\/comments?post=2559"}],"version-history":[{"count":0,"href":"https:\/\/www.tuseichholzremmighausen.de\/wordpress\/wp-json\/wp\/v2\/posts\/2559\/revisions"}],"wp:attachment":[{"href":"https:\/\/www.tuseichholzremmighausen.de\/wordpress\/wp-json\/wp\/v2\/media?parent=2559"}],"wp:term":[{"taxonomy":"category","embeddable":true,"href":"https:\/\/www.tuseichholzremmighausen.de\/wordpress\/wp-json\/wp\/v2\/categories?post=2559"},{"taxonomy":"post_tag","embeddable":true,"href":"https:\/\/www.tuseichholzremmighausen.de\/wordpress\/wp-json\/wp\/v2\/tags?post=2559"}],"curies":[{"name":"wp","href":"https:\/\/api.w.org\/{rel}","templated":true}]}}