{"id":2618,"date":"2011-07-11T20:02:14","date_gmt":"2011-07-11T19:02:14","guid":{"rendered":"http:\/\/www.tuseichholzremmighausen.de\/wordpress\/?p=2618"},"modified":"2020-09-11T20:21:18","modified_gmt":"2020-09-11T18:21:18","slug":"fusballjugendtag","status":"publish","type":"post","link":"https:\/\/www.tuseichholzremmighausen.de\/wordpress\/archives\/2618","title":{"rendered":"Fu\u00dfballjugendtag"},"content":{"rendered":"<p>An alle<br \/>\nFu\u00dfballjugendspieler \/ innen, Trainer und Betreuer<\/p>\n<p><strong>Einladung zum Jugendtag der Fachabteilung<br \/>\nFu\u00dfball am Freitag, den 22.07.2011<\/strong><\/p>\n<p>Werte Sportkameraden \/ innen<\/p>\n<p>Am Freitag, den 15.07.2011 um 18:00 Uhr findet der Jugendtag der Fachabteilung Fu\u00dfball im Jugendheim in Remmighausen statt. Ich m\u00f6chte hiermit alle Fu\u00dfballjugendspieler \/ innen, Trainer und Betreuer sowie interessierte Personen recht herzlich dazu einladen.<\/p>\n<p><strong>Tagesordnung<\/strong><\/p>\n<p>1.\u00a0 Begr\u00fc\u00dfung<br \/>\n2. Berichte der Trainer zur Saison<br \/>\n3. Wahlen<br \/>\n4. Vorstellung Trainer und Betreuer Saison 2011 \/ 2012<br \/>\n5. Verschiedenes<\/p>\n<p>Ich w\u00fcnsche mir im Interesse der Fu\u00dfballjugend eine rege Teilnahme und bitte um p\u00fcnktliches Erscheinen.<\/p>\n<p>Mit sportlichem Gru\u00df<\/p>\n<p>Udo Kaiser<br \/>\nFu\u00dfballjugendobmann<br \/>\nTuS Eichholz-Remmighausen<\/p>\n","protected":false},"excerpt":{"rendered":"<p>An alle Fu\u00dfballjugendspieler \/ innen, Trainer und Betreuer Einladung zum Jugendtag der Fachabteilung Fu\u00dfball am Freitag, den 22.07.2011 Werte Sportkameraden<\/p>\n","protected":false},"author":2,"featured_media":0,"comment_status":"closed","ping_status":"closed","sticky":false,"template":"","format":"standard","meta":{"colormag_page_container_layout":"default_layout","colormag_page_sidebar_layout":"default_layout","_jetpack_memberships_contains_paid_content":false,"footnotes":"","jetpack_publicize_message":"","jetpack_publicize_feature_enabled":true,"jetpack_social_post_already_shared":false,"jetpack_social_options":{"image_generator_settings":{"template":"highway","default_image_id":0,"font":"","enabled":false},"version":2}},"categories":[157],"tags":[],"class_list":["post-2618","post","type-post","status-publish","format-standard","hentry","category-archiv"],"jetpack_publicize_connections":[],"jetpack_featured_media_url":"","jetpack_sharing_enabled":true,"_links":{"self":[{"href":"https:\/\/www.tuseichholzremmighausen.de\/wordpress\/wp-json\/wp\/v2\/posts\/2618","targetHints":{"allow":["GET"]}}],"collection":[{"href":"https:\/\/www.tuseichholzremmighausen.de\/wordpress\/wp-json\/wp\/v2\/posts"}],"about":[{"href":"https:\/\/www.tuseichholzremmighausen.de\/wordpress\/wp-json\/wp\/v2\/types\/post"}],"author":[{"embeddable":true,"href":"https:\/\/www.tuseichholzremmighausen.de\/wordpress\/wp-json\/wp\/v2\/users\/2"}],"replies":[{"embeddable":true,"href":"https:\/\/www.tuseichholzremmighausen.de\/wordpress\/wp-json\/wp\/v2\/comments?post=2618"}],"version-history":[{"count":0,"href":"https:\/\/www.tuseichholzremmighausen.de\/wordpress\/wp-json\/wp\/v2\/posts\/2618\/revisions"}],"wp:attachment":[{"href":"https:\/\/www.tuseichholzremmighausen.de\/wordpress\/wp-json\/wp\/v2\/media?parent=2618"}],"wp:term":[{"taxonomy":"category","embeddable":true,"href":"https:\/\/www.tuseichholzremmighausen.de\/wordpress\/wp-json\/wp\/v2\/categories?post=2618"},{"taxonomy":"post_tag","embeddable":true,"href":"https:\/\/www.tuseichholzremmighausen.de\/wordpress\/wp-json\/wp\/v2\/tags?post=2618"}],"curies":[{"name":"wp","href":"https:\/\/api.w.org\/{rel}","templated":true}]}}