{"id":2667,"date":"2011-07-24T17:37:10","date_gmt":"2011-07-24T16:37:10","guid":{"rendered":"http:\/\/www.tuseichholzremmighausen.de\/wordpress\/?p=2667"},"modified":"2020-09-11T20:21:18","modified_gmt":"2020-09-11T18:21:18","slug":"vize-europameisterin-kommt-aus-dem-tus","status":"publish","type":"post","link":"https:\/\/www.tuseichholzremmighausen.de\/wordpress\/archives\/2667","title":{"rendered":"Vize-Europameisterin kommt aus dem TuS"},"content":{"rendered":"<p><strong>Ein Bericht von Klaus Brand<\/strong><\/p>\n<p>Seit Jahren schon bewegt sich <strong>Lilli Schnitzerling<\/strong> aus kleinen Anf\u00e4ngen kontinuierlich auf die Weltspitze zu. Nachdem sie vier Jahre lang in der Leichtathletik-Gruppe von Christine Brand die Grundlagen mitbekommen hatte, wurde sie in der LG Lippe-S\u00fcd (von der der TuS ein Teil ist) weiter gef\u00f6rdert. Schon im letzten Jahr kam sie in die Jugend-Nationalmannschaft und wurde unter Trainer Olaf Hilker eine der besten Stabhochspringerinnen ihres Jahrgangs in Deutschland. <!--more-->Jeder andere Verein w\u00e4re stolz und gl\u00fccklich, solche eine Ausnahmeathletin bei sich im Verein zu haben, doch leider war dies dem TuS selbst bei der Jahreshauptversammlung 2011 nicht einmal eine Erw\u00e4hnung wert gewesen.<\/p>\n<p>Weil Lilli sich 2011 mittlerweile auch international einen Namen gemacht hatte, wurde sie sogar f\u00fcr die Jugend-Nationalmeisterschaft, die auf den U20-Europameisterschaften vom 21.-24.7.2011 in Tallinn (Estland) starten sollte, nominiert. Die LZ widmete diesem Ereignis eine halbe Seite am 20.7.2011. Hierin tr\u00e4umte Lilli von der Finalteilnahme und dass eine \u201eTop-Sechs-Platzierung eine Riesenerfolg w\u00e4re\u201c.<\/p>\n<p>Gestern war es dann soweit: Finale erreichen = nach Spr\u00fcngen jeweils im ersten Versuch \u00fcber 3,80-3,90-4,00 und 4,10m souver\u00e4n am letzten Donnerstag abgehakt. Sie wollte um Medaillen mit springen = nach 4,10m gab es auf einmal nur noch drei aus Europa, die dabei waren. Auf der Homepage des Deutschen Leichtathletik-Verbandes steht:<br \/>\n\u201e<strong>Lilli Schnitzerling, die Kleinste im Finalfeld der Stabhochspringerinnen, stieg am Samstagabend zu einer der ganz Gro\u00dfen auf<\/strong>. Mit 4,20m gewann die Springerin der LG Lippe-S\u00fcd Silber hinter der \u00fcberragenden U20-Weltmeisterin Angelica Bengtsson, die mit 4,57m einen neuen europ\u00e4ischen Rekord sprang. Bronze gewann die Russin Natalia Demidenko (4,20m), die einen Fehlversuch zuviel hatte.&#8220;<br \/>\nVorher hatte sich Lilli als eine von vielen Anw\u00e4rterinnen auf eine Medaille gesehen. \u201eDass es jetzt wirklich eine geworden ist, das ist schon geil.\u201c An 4,25m scheiterte sie nur knapp. \u201eBei zwei Versuchen war ich eigentlich schon dr\u00fcber und habe die Latte nur leicht touchiert. Das ist ein bisschen schade, aber eigentlich auch egal, weil ich die Medaille gewonnen habe!\u201c<br \/>\n<strong>Herzliche Gl\u00fcckw\u00fcnsche, Lilli, aus dem gesamten TuS Eichholz-Remmighausen f\u00fcr die U20-Vize-Europameisterschaft 2011<\/strong><\/p>\n<p>N\u00e4here Informationen: <a href=\"http:\/\/www.lg-lippe-sued.de\" target=\"_self\" rel=\"noopener noreferrer\">LG Lippe-S\u00fcd<\/a> oder \u00fcber <a href=\"http:\/\/www.leichtathletik.de\" target=\"_self\" rel=\"noopener noreferrer\">Leichtathletik<\/a><\/p>\n<p><strong>Klaus Brand<\/strong><\/p>\n<p>Mitglied im TuS<br \/>\nVorstand und Trainer LG Lippe-S\u00fcd<br \/>\nVorsitzender des Kreis-Leichtathletik-Ausschusses<br \/>\nLeiter des Leichtathletik-Landes-Leistungsst\u00fctzpunktes Lippe<\/p>\n","protected":false},"excerpt":{"rendered":"<p>Ein Bericht von Klaus Brand Seit Jahren schon bewegt sich Lilli Schnitzerling aus kleinen Anf\u00e4ngen kontinuierlich auf die Weltspitze zu.<\/p>\n","protected":false},"author":2,"featured_media":0,"comment_status":"closed","ping_status":"closed","sticky":false,"template":"","format":"standard","meta":{"colormag_page_container_layout":"default_layout","colormag_page_sidebar_layout":"default_layout","_jetpack_memberships_contains_paid_content":false,"footnotes":"","jetpack_publicize_message":"","jetpack_publicize_feature_enabled":true,"jetpack_social_post_already_shared":false,"jetpack_social_options":{"image_generator_settings":{"template":"highway","default_image_id":0,"font":"","enabled":false},"version":2}},"categories":[157],"tags":[],"class_list":["post-2667","post","type-post","status-publish","format-standard","hentry","category-archiv"],"jetpack_publicize_connections":[],"jetpack_featured_media_url":"","jetpack_sharing_enabled":true,"_links":{"self":[{"href":"https:\/\/www.tuseichholzremmighausen.de\/wordpress\/wp-json\/wp\/v2\/posts\/2667","targetHints":{"allow":["GET"]}}],"collection":[{"href":"https:\/\/www.tuseichholzremmighausen.de\/wordpress\/wp-json\/wp\/v2\/posts"}],"about":[{"href":"https:\/\/www.tuseichholzremmighausen.de\/wordpress\/wp-json\/wp\/v2\/types\/post"}],"author":[{"embeddable":true,"href":"https:\/\/www.tuseichholzremmighausen.de\/wordpress\/wp-json\/wp\/v2\/users\/2"}],"replies":[{"embeddable":true,"href":"https:\/\/www.tuseichholzremmighausen.de\/wordpress\/wp-json\/wp\/v2\/comments?post=2667"}],"version-history":[{"count":0,"href":"https:\/\/www.tuseichholzremmighausen.de\/wordpress\/wp-json\/wp\/v2\/posts\/2667\/revisions"}],"wp:attachment":[{"href":"https:\/\/www.tuseichholzremmighausen.de\/wordpress\/wp-json\/wp\/v2\/media?parent=2667"}],"wp:term":[{"taxonomy":"category","embeddable":true,"href":"https:\/\/www.tuseichholzremmighausen.de\/wordpress\/wp-json\/wp\/v2\/categories?post=2667"},{"taxonomy":"post_tag","embeddable":true,"href":"https:\/\/www.tuseichholzremmighausen.de\/wordpress\/wp-json\/wp\/v2\/tags?post=2667"}],"curies":[{"name":"wp","href":"https:\/\/api.w.org\/{rel}","templated":true}]}}