{"id":2787,"date":"2011-10-12T16:32:54","date_gmt":"2011-10-12T15:32:54","guid":{"rendered":"http:\/\/www.tuseichholzremmighausen.de\/wordpress\/?p=2787"},"modified":"2020-09-11T20:22:31","modified_gmt":"2020-09-11T18:22:31","slug":"8-ordentliche-vorstandssitzung-am-06-september-2011","status":"publish","type":"post","link":"https:\/\/www.tuseichholzremmighausen.de\/wordpress\/archives\/2787","title":{"rendered":"8. Ordentliche Vorstandssitzung am 06. September 2011"},"content":{"rendered":"<div><strong><span style=\"font-size: small;\"><span style=\"font-family: Calibri;\">Vorsitzende:<\/span><\/span><\/strong><\/div>\n<div>Begr\u00fc\u00dfung:<\/div>\n<div>* Internetauftritt des TuS nur eingeschr\u00e4nkt m\u00f6glich<\/div>\n<div>* Au\u00dfenrevier Halle Eichholz gereinigt<\/div>\n<div>* Festausschuss jetzt verst\u00e4rkt f\u00fcr die Vorbereitung 100-Jahrfeier des TuS<!--more--><\/div>\n<div><strong>Kassenwarte:<\/strong><\/div>\n<div>* Bericht, Etatabrechnung erst wieder nach dem 30.09.2011<\/div>\n<div>* Begleichung aller ausstehenden Rechnungen ist erfolgt<\/div>\n<div><\/div>\n<div><strong>Schriftf\u00fchrer:<\/strong><\/div>\n<div>* 1.070 Mitglieder hat der TuS im September 2011<\/div>\n<div>* Meldung der Abteilungen und der Vereinsjugend \u00fcber Aktivit\u00e4ten in 2010 \/2011<\/div>\n<div>* Hobbytischtennis erstmals Montag,12. September 2011, Halle Eichholz<\/div>\n<div><\/div>\n<div><strong><span style=\"font-size: small;\"><span style=\"font-family: Calibri;\">Sozialwart:<\/span><\/span><\/strong><\/div>\n<div><strong><span style=\"font-size: small;\"><span style=\"font-family: Calibri;\"> <\/span><\/span><\/strong><span style=\"font-family: Times New Roman; font-size: small;\">* Unfa<\/span>ll bei den Alten Herren<\/div>\n<div class=\"MsoNormal\" style=\"margin: 0cm 0cm 10pt;\"><strong><span style=\"font-size: small;\"> <\/span><\/strong><strong><span style=\"font-size: small;\"><span style=\"font-family: Calibri;\"><br \/>\nVereinsjugend:<\/span><\/span><\/strong><\/div>\n<div class=\"MsoNormal\" style=\"margin: 0cm 0cm 10pt;\">* Vereinsjugend unterst\u00fctzt das Rosengartenfest in Remmighausen<br \/>\n* VUI  legt neue Regeln f\u00fcr           Preisverteilung bei Verlosung Weihnachtsmarkt fest<\/div>\n<div class=\"MsoNormal\" style=\"margin: 0cm 0cm 10pt;\"><strong><span style=\"font-size: small;\"> <\/span><\/strong><strong><span style=\"font-size: small;\"><span style=\"font-family: Calibri;\">Schachabteilung:<\/span><\/span><\/strong><\/div>\n<div class=\"MsoNormal\" style=\"margin: 0cm 0cm 10pt;\"><strong><span style=\"font-size: small;\"><span style=\"font-family: Calibri;\"> <\/span><\/span><\/strong>* Pokalwettbewerb intern geplant<br \/>\n* Abteilungsversammlung schon am 17. November 2011<br \/>\n* Weihnachtsblitzturnier am 15. Dezember 2011<\/div>\n<div class=\"MsoNormal\" style=\"margin: 0cm 0cm 10pt;\"><strong><span style=\"font-size: small;\"> <\/span><\/strong><strong><span style=\"font-size: small;\"><span style=\"font-family: Calibri;\">Turn- u. Leichtathletikabteilung:<\/span><\/span><\/strong><\/div>\n<div class=\"MsoNormal\" style=\"margin: 0cm 0cm 10pt;\"><strong><span style=\"font-size: small;\"><span style=\"font-family: Calibri;\"> <\/span><\/span><\/strong>* Vorbereitung f\u00fcr Sportgala in der Lipperlandhalle<\/div>\n<div class=\"MsoNormal\" style=\"margin: 0cm 0cm 10pt;\"><strong><span style=\"font-size: small;\"> <\/span><\/strong><strong><span style=\"font-size: small;\"><span style=\"font-family: Calibri;\">Handballabteilung:<\/span><\/span><\/strong><\/div>\n<div class=\"MsoNormal\" style=\"margin: 0cm 0cm 10pt;\"><strong><span style=\"font-size: small;\"><span style=\"font-family: Calibri;\"> <\/span><\/span><\/strong>* Im Moment Pokalspiele<br \/>\n* Meisterschaftsspiele beginnen erst sp\u00e4ter<br \/>\n* Es werden immer noch Schiedsrichter gesucht<\/div>\n<div class=\"MsoNormal\" style=\"margin: 0cm 0cm 10pt;\"><strong><span style=\"font-size: small;\"><span style=\"font-family: Calibri;\">Fu\u00dfballabteilung:<\/span><\/span><\/strong><\/div>\n<div class=\"MsoNormal\" style=\"margin: 0cm 0cm 10pt;\"><span style=\"font-size: small;\"><span style=\"font-family: Calibri;\">* Torwartfrage immer noch offen<\/span><\/span><br \/>\n* 1. und 2. Senioren planen mit gro\u00dfem Kader f\u00fcr  die neue Saison<br \/>\n* Aushilfe in beiden Mannschaften durch die Alten Herren<\/div>\n<div class=\"MsoNormal\" style=\"margin: 0cm 0cm 10pt;\"><strong><span style=\"font-size: small;\"><span style=\"font-family: Calibri;\">Tischtennisabteilung:<\/span><\/span><\/strong><\/div>\n<div class=\"MsoNormal\" style=\"margin: 0cm 0cm 10pt;\"><strong><span style=\"font-size: small;\"><span style=\"font-family: Calibri;\"> <\/span><\/span><\/strong>* Unter Leitung der Vereinsjugend, montags, Hobbytischtennis<\/div>\n<div class=\"MsoNormal\" style=\"margin: 0cm 0cm 10pt;\"><strong><span style=\"font-size: small;\"><span style=\"font-family: Calibri;\">Verschiedenes:<\/span><\/span><\/strong><\/div>\n<div class=\"MsoNormal\" style=\"margin: 0cm 0cm 10pt;\"><strong><span style=\"font-size: small;\"><span style=\"font-family: Calibri;\"> <\/span><\/span><\/strong>* Fototermine f\u00fcr die Festzeitschrift und Termine Festausschusssitzungen<\/div>\n","protected":false},"excerpt":{"rendered":"<p>Vorsitzende: Begr\u00fc\u00dfung: * Internetauftritt des TuS nur eingeschr\u00e4nkt m\u00f6glich * Au\u00dfenrevier Halle Eichholz gereinigt * Festausschuss jetzt verst\u00e4rkt f\u00fcr die<\/p>\n","protected":false},"author":46,"featured_media":0,"comment_status":"closed","ping_status":"closed","sticky":false,"template":"","format":"standard","meta":{"colormag_page_container_layout":"default_layout","colormag_page_sidebar_layout":"default_layout","_jetpack_memberships_contains_paid_content":false,"footnotes":"","jetpack_publicize_message":"","jetpack_publicize_feature_enabled":true,"jetpack_social_post_already_shared":false,"jetpack_social_options":{"image_generator_settings":{"template":"highway","default_image_id":0,"font":"","enabled":false},"version":2}},"categories":[157],"tags":[],"class_list":["post-2787","post","type-post","status-publish","format-standard","hentry","category-archiv"],"jetpack_publicize_connections":[],"jetpack_featured_media_url":"","jetpack_sharing_enabled":true,"_links":{"self":[{"href":"https:\/\/www.tuseichholzremmighausen.de\/wordpress\/wp-json\/wp\/v2\/posts\/2787","targetHints":{"allow":["GET"]}}],"collection":[{"href":"https:\/\/www.tuseichholzremmighausen.de\/wordpress\/wp-json\/wp\/v2\/posts"}],"about":[{"href":"https:\/\/www.tuseichholzremmighausen.de\/wordpress\/wp-json\/wp\/v2\/types\/post"}],"author":[{"embeddable":true,"href":"https:\/\/www.tuseichholzremmighausen.de\/wordpress\/wp-json\/wp\/v2\/users\/46"}],"replies":[{"embeddable":true,"href":"https:\/\/www.tuseichholzremmighausen.de\/wordpress\/wp-json\/wp\/v2\/comments?post=2787"}],"version-history":[{"count":0,"href":"https:\/\/www.tuseichholzremmighausen.de\/wordpress\/wp-json\/wp\/v2\/posts\/2787\/revisions"}],"wp:attachment":[{"href":"https:\/\/www.tuseichholzremmighausen.de\/wordpress\/wp-json\/wp\/v2\/media?parent=2787"}],"wp:term":[{"taxonomy":"category","embeddable":true,"href":"https:\/\/www.tuseichholzremmighausen.de\/wordpress\/wp-json\/wp\/v2\/categories?post=2787"},{"taxonomy":"post_tag","embeddable":true,"href":"https:\/\/www.tuseichholzremmighausen.de\/wordpress\/wp-json\/wp\/v2\/tags?post=2787"}],"curies":[{"name":"wp","href":"https:\/\/api.w.org\/{rel}","templated":true}]}}