{"id":2840,"date":"2011-10-03T12:28:17","date_gmt":"2011-10-03T11:28:17","guid":{"rendered":"http:\/\/www.tuseichholzremmighausen.de\/wordpress\/?p=2840"},"modified":"2025-01-10T11:37:53","modified_gmt":"2025-01-10T10:37:53","slug":"erstes-mini-turnier-in-mussen","status":"publish","type":"post","link":"https:\/\/www.tuseichholzremmighausen.de\/wordpress\/archives\/2840","title":{"rendered":"Erstes Mini-Turnier in M\u00fcssen"},"content":{"rendered":"<p>Am Samstag, den 01.10. trafen sich um 9.15 Uhr 6 hochmotivierte Minis. Eigentlich erwarteten wir wesentlich mehr Spieler, die leider nicht erschienen!<\/p>\n<p>Also machten wir das Beste aus der Situation und fuhren ohne Auswechselspieler bei sch\u00f6nstem Sonnenschein nach M\u00fcssen. Dort angekommen, erfuhren wir, da\u00df es bei den anderen Vereinen genau solche Ausf\u00e4lle gibt. Ein Problem, an dem wir alle Arbeiten sollten!<!--more--><\/p>\n<p>Doch nun zu dem erfolgreich bestrittenen Turnier:<\/p>\n<p>Nach kurzer Unterredung des Betreuerteams, bestehend aus Jan, Tim und Nicole, stand die Taktik und Aufstellung. Die Kinder setzten diese so gekonnt um, da\u00df wir von allen anderen Mannschaften geh\u00f6riges Lob erhielten.<\/p>\n<p>Samih hatte sich im Tor viel vorgenommen. Er zeigte eine Glanzparade nach der anderen. Manuel Neuer w\u00e4re vor Neid erblasst! Sp\u00e4ter im Feld zeigte er auch seine Qualit\u00e4ten auf dem Feld. Ein Lattentor nur als Beispiel.<\/p>\n<p>Andr\u00e9 bekam die Aufgabe einer 10 zugeteilt! Als Spielmacher bl\u00fchte er richtig auf. Egal wo der Ball war, war Andr\u00e9 nicht weit. Die Kapit\u00e4nsbinde hat er sich redlich verdient. Er erzielte insgesamt 6 Tore.<\/p>\n<p>Maxim spielte zuerst in der Abwehr. Durch seine \u00dcbersicht und seinen Kampfgeist, hatte der Gegner kaum Chancen. Besonders \u00fcberzeugte seine faire Spielweise, da viele Gegner ihn scharf attakierten.<\/p>\n<p>Alexander st\u00fcrmte zu Anfang und tauschte sp\u00e4ter mit Maxim. Auch er hatte eine sehr gute \u00dcbersicht und lief die B\u00e4lle wunderbar ab. Sein Kampfgeist war wirklich Klasse! Zudem sah er auch immer seine Mitspieler und passte den Ball gekonnt in die R\u00e4ume.<\/p>\n<p>Luca \u00fcberzeugte durch seine P\u00e4sse in den Raum und das tolle Zusammenspiel mit Sabri. Sonst beim Training sehr zur\u00fcckhaltend, zeigte er mal eine ganz andere Seite von sich; viel Spiel\u00fcbersicht! Seine Laufwege und sein Stellungsspiel waren perfekt.<\/p>\n<p>Sabri und Luca zeigten den &#8222;Gro\u00dfen&#8220; mal wie man ein Spiel aufbaut. Sie spielten sich den Ball durch die gegnerischen Reihen zu und legten Andr\u00e9 den Ball zum Torschu\u00df vor. Sabri, sonst von der Gr\u00f6\u00dfe der Gegner beeindruckt, stellte sich jedem in den Weg und luchste ihnen gekonnt die B\u00e4lle ab!<\/p>\n<p><a href=\"https:\/\/i0.wp.com\/www.tuseichholzremmighausen.de\/wordpress\/wp-content\/uploads\/2011\/10\/306433_297755870238441_100000120910474_1354854_1641936157_n.jpg?ssl=1\"><img data-recalc-dims=\"1\" loading=\"lazy\" decoding=\"async\" data-attachment-id=\"2843\" data-permalink=\"https:\/\/www.tuseichholzremmighausen.de\/wordpress\/archives\/2840\/306433_297755870238441_100000120910474_1354854_1641936157_n\" data-orig-file=\"https:\/\/i0.wp.com\/www.tuseichholzremmighausen.de\/wordpress\/wp-content\/uploads\/2011\/10\/306433_297755870238441_100000120910474_1354854_1641936157_n-e1317641162475.jpg?fit=720%2C540&amp;ssl=1\" data-orig-size=\"720,540\" data-comments-opened=\"1\" data-image-meta=\"{&quot;aperture&quot;:&quot;0&quot;,&quot;credit&quot;:&quot;&quot;,&quot;camera&quot;:&quot;&quot;,&quot;caption&quot;:&quot;&quot;,&quot;created_timestamp&quot;:&quot;0&quot;,&quot;copyright&quot;:&quot;&quot;,&quot;focal_length&quot;:&quot;0&quot;,&quot;iso&quot;:&quot;0&quot;,&quot;shutter_speed&quot;:&quot;0&quot;,&quot;title&quot;:&quot;&quot;,&quot;orientation&quot;:&quot;0&quot;}\" data-image-title=\"306433_297755870238441_100000120910474_1354854_1641936157_n\" data-image-description=\"\" data-image-caption=\"\" data-large-file=\"https:\/\/i0.wp.com\/www.tuseichholzremmighausen.de\/wordpress\/wp-content\/uploads\/2011\/10\/306433_297755870238441_100000120910474_1354854_1641936157_n-e1317641162475.jpg?fit=720%2C540&amp;ssl=1\" class=\"alignleft size-medium wp-image-2843\" src=\"https:\/\/i0.wp.com\/www.tuseichholzremmighausen.de\/wordpress\/wp-content\/uploads\/2011\/10\/306433_297755870238441_100000120910474_1354854_1641936157_n-e1317641162475-300x225.jpg?resize=300%2C225&#038;ssl=1\" alt=\"\" width=\"300\" height=\"225\" srcset=\"https:\/\/i0.wp.com\/www.tuseichholzremmighausen.de\/wordpress\/wp-content\/uploads\/2011\/10\/306433_297755870238441_100000120910474_1354854_1641936157_n-e1317641162475.jpg?resize=300%2C225&amp;ssl=1 300w, https:\/\/i0.wp.com\/www.tuseichholzremmighausen.de\/wordpress\/wp-content\/uploads\/2011\/10\/306433_297755870238441_100000120910474_1354854_1641936157_n-e1317641162475.jpg?resize=600%2C450&amp;ssl=1 600w, https:\/\/i0.wp.com\/www.tuseichholzremmighausen.de\/wordpress\/wp-content\/uploads\/2011\/10\/306433_297755870238441_100000120910474_1354854_1641936157_n-e1317641162475.jpg?w=720&amp;ssl=1 720w\" sizes=\"auto, (max-width: 300px) 100vw, 300px\" \/><\/a><\/p>\n<p>Stolze Kinder, Eltern und \u00a0Betreuerteam sahen zwei knappe Niederlagen gegen Hiddessen I (2:1) und Heiligenkirchen (1:0). Aber auch einen grandiosen Sieg gegen M\u00fcssen (8:0). Allerdings war das gr\u00f6\u00dfte Highlight an diesem Vormittag ein Flugzeug!<\/p>\n<p>In der Mitte des Spieles gegen M\u00fcssen \u00fcberquerte ein Flugzeug den Sportplatz. Das Spiel wurde unfreiwillig unterbrochen, da alle Nasen in die Luft gestreckt wurden. Da konnte der Schiedsrichter noch so laut rufen, das Flugzeug war interessanter!<\/p>\n<p>Alles in allem war es ein erfolgreicher Tag! Ich freue mich schon auf n\u00e4chsten Samstag, den 08.10., wo wir um 9.00 Uhr in Hiddessen unser n\u00e4chstes Turnier bestreiten. Und Jungs:<\/p>\n<p>Wir sind alle ganz stolz auf euch! <a href=\"https:\/\/i0.wp.com\/www.tuseichholzremmighausen.de\/wordpress\/wp-content\/uploads\/2011\/10\/309628_297755780238450_100000120910474_1354851_1582576031_n.jpg?ssl=1\"><img data-recalc-dims=\"1\" loading=\"lazy\" decoding=\"async\" data-attachment-id=\"2842\" data-permalink=\"https:\/\/www.tuseichholzremmighausen.de\/wordpress\/archives\/2840\/309628_297755780238450_100000120910474_1354851_1582576031_n\" data-orig-file=\"https:\/\/i0.wp.com\/www.tuseichholzremmighausen.de\/wordpress\/wp-content\/uploads\/2011\/10\/309628_297755780238450_100000120910474_1354851_1582576031_n.jpg?fit=720%2C540&amp;ssl=1\" data-orig-size=\"720,540\" data-comments-opened=\"1\" data-image-meta=\"{&quot;aperture&quot;:&quot;0&quot;,&quot;credit&quot;:&quot;&quot;,&quot;camera&quot;:&quot;&quot;,&quot;caption&quot;:&quot;&quot;,&quot;created_timestamp&quot;:&quot;0&quot;,&quot;copyright&quot;:&quot;&quot;,&quot;focal_length&quot;:&quot;0&quot;,&quot;iso&quot;:&quot;0&quot;,&quot;shutter_speed&quot;:&quot;0&quot;,&quot;title&quot;:&quot;&quot;,&quot;orientation&quot;:&quot;0&quot;}\" data-image-title=\"Foto: privat\" data-image-description=\"\" data-image-caption=\"\" data-large-file=\"https:\/\/i0.wp.com\/www.tuseichholzremmighausen.de\/wordpress\/wp-content\/uploads\/2011\/10\/309628_297755780238450_100000120910474_1354851_1582576031_n.jpg?fit=720%2C540&amp;ssl=1\" class=\"size-medium wp-image-2842 alignright\" src=\"https:\/\/i0.wp.com\/www.tuseichholzremmighausen.de\/wordpress\/wp-content\/uploads\/2011\/10\/309628_297755780238450_100000120910474_1354851_1582576031_n.jpg?resize=300%2C225&#038;ssl=1\" alt=\"\" width=\"300\" height=\"225\" srcset=\"https:\/\/i0.wp.com\/www.tuseichholzremmighausen.de\/wordpress\/wp-content\/uploads\/2011\/10\/309628_297755780238450_100000120910474_1354851_1582576031_n.jpg?resize=300%2C225&amp;ssl=1 300w, https:\/\/i0.wp.com\/www.tuseichholzremmighausen.de\/wordpress\/wp-content\/uploads\/2011\/10\/309628_297755780238450_100000120910474_1354851_1582576031_n.jpg?resize=600%2C450&amp;ssl=1 600w, https:\/\/i0.wp.com\/www.tuseichholzremmighausen.de\/wordpress\/wp-content\/uploads\/2011\/10\/309628_297755780238450_100000120910474_1354851_1582576031_n.jpg?w=720&amp;ssl=1 720w\" sizes=\"auto, (max-width: 300px) 100vw, 300px\" \/><\/a><\/p>\n","protected":false},"excerpt":{"rendered":"<p>Am Samstag, den 01.10. trafen sich um 9.15 Uhr 6 hochmotivierte Minis. Eigentlich erwarteten wir wesentlich mehr Spieler, die leider<\/p>\n","protected":false},"author":46,"featured_media":0,"comment_status":"closed","ping_status":"closed","sticky":false,"template":"","format":"standard","meta":{"colormag_page_container_layout":"default_layout","colormag_page_sidebar_layout":"default_layout","_jetpack_memberships_contains_paid_content":false,"footnotes":"","jetpack_publicize_message":"","jetpack_publicize_feature_enabled":true,"jetpack_social_post_already_shared":false,"jetpack_social_options":{"image_generator_settings":{"template":"highway","default_image_id":0,"font":"","enabled":false},"version":2}},"categories":[157,158,201],"tags":[],"class_list":["post-2840","post","type-post","status-publish","format-standard","hentry","category-archiv","category-fb-jugend-aktuell","category-minikicker"],"jetpack_publicize_connections":[],"jetpack_featured_media_url":"","jetpack_sharing_enabled":true,"_links":{"self":[{"href":"https:\/\/www.tuseichholzremmighausen.de\/wordpress\/wp-json\/wp\/v2\/posts\/2840","targetHints":{"allow":["GET"]}}],"collection":[{"href":"https:\/\/www.tuseichholzremmighausen.de\/wordpress\/wp-json\/wp\/v2\/posts"}],"about":[{"href":"https:\/\/www.tuseichholzremmighausen.de\/wordpress\/wp-json\/wp\/v2\/types\/post"}],"author":[{"embeddable":true,"href":"https:\/\/www.tuseichholzremmighausen.de\/wordpress\/wp-json\/wp\/v2\/users\/46"}],"replies":[{"embeddable":true,"href":"https:\/\/www.tuseichholzremmighausen.de\/wordpress\/wp-json\/wp\/v2\/comments?post=2840"}],"version-history":[{"count":0,"href":"https:\/\/www.tuseichholzremmighausen.de\/wordpress\/wp-json\/wp\/v2\/posts\/2840\/revisions"}],"wp:attachment":[{"href":"https:\/\/www.tuseichholzremmighausen.de\/wordpress\/wp-json\/wp\/v2\/media?parent=2840"}],"wp:term":[{"taxonomy":"category","embeddable":true,"href":"https:\/\/www.tuseichholzremmighausen.de\/wordpress\/wp-json\/wp\/v2\/categories?post=2840"},{"taxonomy":"post_tag","embeddable":true,"href":"https:\/\/www.tuseichholzremmighausen.de\/wordpress\/wp-json\/wp\/v2\/tags?post=2840"}],"curies":[{"name":"wp","href":"https:\/\/api.w.org\/{rel}","templated":true}]}}