{"id":2997,"date":"2011-11-05T22:32:09","date_gmt":"2011-11-05T21:32:09","guid":{"rendered":"http:\/\/www.tuseichholzremmighausen.de\/wordpress\/?p=2997"},"modified":"2020-09-11T20:22:30","modified_gmt":"2020-09-11T18:22:30","slug":"u60-lipper-auf-110-km-treckingtour","status":"publish","type":"post","link":"https:\/\/www.tuseichholzremmighausen.de\/wordpress\/archives\/2997","title":{"rendered":"\u00fc60 Lipper auf 110 km Treckingtour"},"content":{"rendered":"<p><strong>Das TuS AH-Mitglied Erwin Linnebr\u00fcgge und 3 Begleiter erobern zusammen den Meraner H\u00f6henweg. <\/strong><\/p>\n<figure id=\"attachment_2998\" aria-describedby=\"caption-attachment-2998\" style=\"width: 600px\" class=\"wp-caption alignleft\"><a href=\"https:\/\/i0.wp.com\/www.tuseichholzremmighausen.de\/wordpress\/wp-content\/uploads\/2011\/11\/fb_ah_meran_1109_026_600.jpg?ssl=1\"><img data-recalc-dims=\"1\" loading=\"lazy\" decoding=\"async\" data-attachment-id=\"2998\" data-permalink=\"https:\/\/www.tuseichholzremmighausen.de\/wordpress\/archives\/2997\/fb_ah_meran_1109_026_600\" data-orig-file=\"https:\/\/i0.wp.com\/www.tuseichholzremmighausen.de\/wordpress\/wp-content\/uploads\/2011\/11\/fb_ah_meran_1109_026_600.jpg?fit=600%2C457&amp;ssl=1\" data-orig-size=\"600,457\" data-comments-opened=\"1\" data-image-meta=\"{&quot;aperture&quot;:&quot;2.6&quot;,&quot;credit&quot;:&quot;&quot;,&quot;camera&quot;:&quot;Canon PowerShot A530&quot;,&quot;caption&quot;:&quot;&quot;,&quot;created_timestamp&quot;:&quot;1314956758&quot;,&quot;copyright&quot;:&quot;&quot;,&quot;focal_length&quot;:&quot;5.8&quot;,&quot;iso&quot;:&quot;0&quot;,&quot;shutter_speed&quot;:&quot;0.0025&quot;,&quot;title&quot;:&quot;&quot;,&quot;orientation&quot;:&quot;1&quot;}\" data-image-title=\"fb_ah_meran_1109_026_600\" data-image-description=\"\" data-image-caption=\"&lt;p&gt;Zusammen 258 Lebensjahre&lt;\/p&gt;\n\" data-large-file=\"https:\/\/i0.wp.com\/www.tuseichholzremmighausen.de\/wordpress\/wp-content\/uploads\/2011\/11\/fb_ah_meran_1109_026_600.jpg?fit=600%2C457&amp;ssl=1\" class=\"size-full wp-image-2998\" title=\"fb_ah_meran_1109_026_600\" src=\"https:\/\/i0.wp.com\/www.tuseichholzremmighausen.de\/wordpress\/wp-content\/uploads\/2011\/11\/fb_ah_meran_1109_026_600.jpg?resize=600%2C457&#038;ssl=1\" alt=\"Zusammen 258 Lebensjahre\" width=\"600\" height=\"457\" srcset=\"https:\/\/i0.wp.com\/www.tuseichholzremmighausen.de\/wordpress\/wp-content\/uploads\/2011\/11\/fb_ah_meran_1109_026_600.jpg?w=600&amp;ssl=1 600w, https:\/\/i0.wp.com\/www.tuseichholzremmighausen.de\/wordpress\/wp-content\/uploads\/2011\/11\/fb_ah_meran_1109_026_600.jpg?resize=300%2C228&amp;ssl=1 300w\" sizes=\"auto, (max-width: 600px) 100vw, 600px\" \/><\/a><figcaption id=\"caption-attachment-2998\" class=\"wp-caption-text\">Zusammen 258 Lebensjahre<\/figcaption><\/figure>\n<p>Die <strong>LZ<\/strong> (Lippische Landeszeitung) schrieb dazu u.a., Zitat: &#8222;<em>Das muss ihnen erst mal einer nachmachen: Vier r\u00fcstige Rentner haben jetzt den Meraner H\u00f6henweg bew\u00e4ltigt. <!--more-->Und das, obwohl sie es gemeinsam immerhin auf ein Lebensalter von 258 Jahren bringen<\/em>&#8220; Hier aber nun <strong>Erwin Linnebr\u00fcgges <\/strong> Kurzbericht:<\/p>\n<figure id=\"attachment_2999\" aria-describedby=\"caption-attachment-2999\" style=\"width: 400px\" class=\"wp-caption alignleft\"><a href=\"https:\/\/i0.wp.com\/www.tuseichholzremmighausen.de\/wordpress\/wp-content\/uploads\/2011\/11\/fb_ah_meran_1109_031_400.jpg?ssl=1\"><img data-recalc-dims=\"1\" loading=\"lazy\" decoding=\"async\" data-attachment-id=\"2999\" data-permalink=\"https:\/\/www.tuseichholzremmighausen.de\/wordpress\/archives\/2997\/fb_ah_meran_1109_031_400\" data-orig-file=\"https:\/\/i0.wp.com\/www.tuseichholzremmighausen.de\/wordpress\/wp-content\/uploads\/2011\/11\/fb_ah_meran_1109_031_400.jpg?fit=400%2C266&amp;ssl=1\" data-orig-size=\"400,266\" data-comments-opened=\"1\" data-image-meta=\"{&quot;aperture&quot;:&quot;2.6&quot;,&quot;credit&quot;:&quot;&quot;,&quot;camera&quot;:&quot;Canon PowerShot A530&quot;,&quot;caption&quot;:&quot;&quot;,&quot;created_timestamp&quot;:&quot;1314957782&quot;,&quot;copyright&quot;:&quot;&quot;,&quot;focal_length&quot;:&quot;5.8&quot;,&quot;iso&quot;:&quot;0&quot;,&quot;shutter_speed&quot;:&quot;0.0025&quot;,&quot;title&quot;:&quot;&quot;,&quot;orientation&quot;:&quot;1&quot;}\" data-image-title=\"fb_ah_meran_1109_031_400\" data-image-description=\"\" data-image-caption=\"&lt;p&gt;Unterwegs&lt;\/p&gt;\n\" data-large-file=\"https:\/\/i0.wp.com\/www.tuseichholzremmighausen.de\/wordpress\/wp-content\/uploads\/2011\/11\/fb_ah_meran_1109_031_400.jpg?fit=400%2C266&amp;ssl=1\" class=\"size-full wp-image-2999 \" title=\"fb_ah_meran_1109_031_400\" src=\"https:\/\/i0.wp.com\/www.tuseichholzremmighausen.de\/wordpress\/wp-content\/uploads\/2011\/11\/fb_ah_meran_1109_031_400.jpg?resize=400%2C266&#038;ssl=1\" alt=\"Unterwegs\" width=\"400\" height=\"266\" srcset=\"https:\/\/i0.wp.com\/www.tuseichholzremmighausen.de\/wordpress\/wp-content\/uploads\/2011\/11\/fb_ah_meran_1109_031_400.jpg?w=400&amp;ssl=1 400w, https:\/\/i0.wp.com\/www.tuseichholzremmighausen.de\/wordpress\/wp-content\/uploads\/2011\/11\/fb_ah_meran_1109_031_400.jpg?resize=300%2C199&amp;ssl=1 300w\" sizes=\"auto, (max-width: 400px) 100vw, 400px\" \/><\/a><figcaption id=\"caption-attachment-2999\" class=\"wp-caption-text\">Unterwegs auf dem H\u00f6henweg<\/figcaption><\/figure>\n<figure id=\"attachment_3000\" aria-describedby=\"caption-attachment-3000\" style=\"width: 190px\" class=\"wp-caption alignleft\"><a href=\"https:\/\/i0.wp.com\/www.tuseichholzremmighausen.de\/wordpress\/wp-content\/uploads\/2011\/11\/fb_ah_meran_1109_046_190.jpg?ssl=1\"><img data-recalc-dims=\"1\" loading=\"lazy\" decoding=\"async\" data-attachment-id=\"3000\" data-permalink=\"https:\/\/www.tuseichholzremmighausen.de\/wordpress\/archives\/2997\/fb_ah_meran_1109_046_190\" data-orig-file=\"https:\/\/i0.wp.com\/www.tuseichholzremmighausen.de\/wordpress\/wp-content\/uploads\/2011\/11\/fb_ah_meran_1109_046_190.jpg?fit=190%2C265&amp;ssl=1\" data-orig-size=\"190,265\" data-comments-opened=\"1\" data-image-meta=\"{&quot;aperture&quot;:&quot;2.6&quot;,&quot;credit&quot;:&quot;&quot;,&quot;camera&quot;:&quot;Canon PowerShot A530&quot;,&quot;caption&quot;:&quot;&quot;,&quot;created_timestamp&quot;:&quot;1314963116&quot;,&quot;copyright&quot;:&quot;&quot;,&quot;focal_length&quot;:&quot;5.8&quot;,&quot;iso&quot;:&quot;0&quot;,&quot;shutter_speed&quot;:&quot;0.0025&quot;,&quot;title&quot;:&quot;&quot;,&quot;orientation&quot;:&quot;1&quot;}\" data-image-title=\"fb_ah_meran_1109_046_190\" data-image-description=\"\" data-image-caption=\"&lt;p&gt;Auf geht\u00b4s&lt;\/p&gt;\n\" data-large-file=\"https:\/\/i0.wp.com\/www.tuseichholzremmighausen.de\/wordpress\/wp-content\/uploads\/2011\/11\/fb_ah_meran_1109_046_190.jpg?fit=190%2C265&amp;ssl=1\" class=\"size-full wp-image-3000\" title=\"fb_ah_meran_1109_046_190\" src=\"https:\/\/i0.wp.com\/www.tuseichholzremmighausen.de\/wordpress\/wp-content\/uploads\/2011\/11\/fb_ah_meran_1109_046_190.jpg?resize=190%2C265&#038;ssl=1\" alt=\"Auf geht\u00b4s\" width=\"190\" height=\"265\" \/><\/a><figcaption id=\"caption-attachment-3000\" class=\"wp-caption-text\">Auf geht\u00b4s<\/figcaption><\/figure>\n<p>Nach dem Motto &#8222;Was lange geplant und besprochen muss jetzt endlich angegangen werden&#8220;, traf man sich morgens fr\u00fch in Horn-Bellenberg, um von dort aus zu einer ca. 850 km Autofahrt auf zu brechen. Zielort war &#8222;Dorf Tirol&#8220; bei Meran im italienischen S\u00fcdtirol.<\/p>\n<figure id=\"attachment_3001\" aria-describedby=\"caption-attachment-3001\" style=\"width: 190px\" class=\"wp-caption alignleft\"><a href=\"https:\/\/i0.wp.com\/www.tuseichholzremmighausen.de\/wordpress\/wp-content\/uploads\/2011\/11\/fb_ah_meran_1109_125_190.jpg?ssl=1\"><img data-recalc-dims=\"1\" loading=\"lazy\" decoding=\"async\" data-attachment-id=\"3001\" data-permalink=\"https:\/\/www.tuseichholzremmighausen.de\/wordpress\/archives\/2997\/fb_ah_meran_1109_125_190\" data-orig-file=\"https:\/\/i0.wp.com\/www.tuseichholzremmighausen.de\/wordpress\/wp-content\/uploads\/2011\/11\/fb_ah_meran_1109_125_190.jpg?fit=190%2C266&amp;ssl=1\" data-orig-size=\"190,266\" data-comments-opened=\"1\" data-image-meta=\"{&quot;aperture&quot;:&quot;2.6&quot;,&quot;credit&quot;:&quot;&quot;,&quot;camera&quot;:&quot;Canon PowerShot A530&quot;,&quot;caption&quot;:&quot;&quot;,&quot;created_timestamp&quot;:&quot;1315140908&quot;,&quot;copyright&quot;:&quot;&quot;,&quot;focal_length&quot;:&quot;5.8&quot;,&quot;iso&quot;:&quot;0&quot;,&quot;shutter_speed&quot;:&quot;0.00625&quot;,&quot;title&quot;:&quot;&quot;,&quot;orientation&quot;:&quot;1&quot;}\" data-image-title=\"fb_ah_meran_1109_125_190\" data-image-description=\"\" data-image-caption=\"&lt;p&gt;Andreas Hofer?&lt;\/p&gt;\n\" data-large-file=\"https:\/\/i0.wp.com\/www.tuseichholzremmighausen.de\/wordpress\/wp-content\/uploads\/2011\/11\/fb_ah_meran_1109_125_190.jpg?fit=190%2C266&amp;ssl=1\" class=\"size-full wp-image-3001\" title=\"fb_ah_meran_1109_125_190\" src=\"https:\/\/i0.wp.com\/www.tuseichholzremmighausen.de\/wordpress\/wp-content\/uploads\/2011\/11\/fb_ah_meran_1109_125_190.jpg?resize=190%2C266&#038;ssl=1\" alt=\"Andreas Hofer?\" width=\"190\" height=\"266\" \/><\/a><figcaption id=\"caption-attachment-3001\" class=\"wp-caption-text\">Andreas Hofer?<\/figcaption><\/figure>\n<figure id=\"attachment_3002\" aria-describedby=\"caption-attachment-3002\" style=\"width: 399px\" class=\"wp-caption alignleft\"><a href=\"https:\/\/i0.wp.com\/www.tuseichholzremmighausen.de\/wordpress\/wp-content\/uploads\/2011\/11\/fb_ah_meran_1109_152_400.jpg?ssl=1\"><img data-recalc-dims=\"1\" loading=\"lazy\" decoding=\"async\" data-attachment-id=\"3002\" data-permalink=\"https:\/\/www.tuseichholzremmighausen.de\/wordpress\/archives\/2997\/fb_ah_meran_1109_152_400\" data-orig-file=\"https:\/\/i0.wp.com\/www.tuseichholzremmighausen.de\/wordpress\/wp-content\/uploads\/2011\/11\/fb_ah_meran_1109_152_400.jpg?fit=399%2C266&amp;ssl=1\" data-orig-size=\"399,266\" data-comments-opened=\"1\" data-image-meta=\"{&quot;aperture&quot;:&quot;3.2&quot;,&quot;credit&quot;:&quot;&quot;,&quot;camera&quot;:&quot;Canon PowerShot A530&quot;,&quot;caption&quot;:&quot;&quot;,&quot;created_timestamp&quot;:&quot;1315240929&quot;,&quot;copyright&quot;:&quot;&quot;,&quot;focal_length&quot;:&quot;7.889&quot;,&quot;iso&quot;:&quot;0&quot;,&quot;shutter_speed&quot;:&quot;0.0015625&quot;,&quot;title&quot;:&quot;&quot;,&quot;orientation&quot;:&quot;1&quot;}\" data-image-title=\"fb_ah_meran_1109_152_400\" data-image-description=\"\" data-image-caption=\"&lt;p&gt;S\u00fcdtirol&lt;\/p&gt;\n\" data-large-file=\"https:\/\/i0.wp.com\/www.tuseichholzremmighausen.de\/wordpress\/wp-content\/uploads\/2011\/11\/fb_ah_meran_1109_152_400.jpg?fit=399%2C266&amp;ssl=1\" class=\"size-full wp-image-3002\" title=\"fb_ah_meran_1109_152_400\" src=\"https:\/\/i0.wp.com\/www.tuseichholzremmighausen.de\/wordpress\/wp-content\/uploads\/2011\/11\/fb_ah_meran_1109_152_400.jpg?resize=399%2C266&#038;ssl=1\" alt=\"S\u00fcdtirol\" width=\"399\" height=\"266\" srcset=\"https:\/\/i0.wp.com\/www.tuseichholzremmighausen.de\/wordpress\/wp-content\/uploads\/2011\/11\/fb_ah_meran_1109_152_400.jpg?w=399&amp;ssl=1 399w, https:\/\/i0.wp.com\/www.tuseichholzremmighausen.de\/wordpress\/wp-content\/uploads\/2011\/11\/fb_ah_meran_1109_152_400.jpg?resize=300%2C200&amp;ssl=1 300w\" sizes=\"auto, (max-width: 399px) 100vw, 399px\" \/><\/a><figcaption id=\"caption-attachment-3002\" class=\"wp-caption-text\">S\u00fcdtirol<\/figcaption><\/figure>\n<p>Nach einer ersten \u00dcbernachtung und folgender Seilbahnfahrt wurde von Hochmuth aus die Umrundung der Texelgruppe, der ber\u00fchmte &#8222;Meraner H\u00f6henweg&#8220; in Angriff genommen. Dass hie\u00df: 110 km alpine Hochgebirgswanderung mit einem ca. 12 kg schweren Rucksack auf dem Buckel!<\/p>\n<figure id=\"attachment_3003\" aria-describedby=\"caption-attachment-3003\" style=\"width: 400px\" class=\"wp-caption alignleft\"><a href=\"https:\/\/i0.wp.com\/www.tuseichholzremmighausen.de\/wordpress\/wp-content\/uploads\/2011\/11\/fb_ah_meran_1109_171_400.jpg?ssl=1\"><img data-recalc-dims=\"1\" loading=\"lazy\" decoding=\"async\" data-attachment-id=\"3003\" data-permalink=\"https:\/\/www.tuseichholzremmighausen.de\/wordpress\/archives\/2997\/fb_ah_meran_1109_171_400\" data-orig-file=\"https:\/\/i0.wp.com\/www.tuseichholzremmighausen.de\/wordpress\/wp-content\/uploads\/2011\/11\/fb_ah_meran_1109_171_400.jpg?fit=400%2C266&amp;ssl=1\" data-orig-size=\"400,266\" data-comments-opened=\"1\" data-image-meta=\"{&quot;aperture&quot;:&quot;5.6&quot;,&quot;credit&quot;:&quot;&quot;,&quot;camera&quot;:&quot;Canon PowerShot A530&quot;,&quot;caption&quot;:&quot;&quot;,&quot;created_timestamp&quot;:&quot;1315305115&quot;,&quot;copyright&quot;:&quot;&quot;,&quot;focal_length&quot;:&quot;5.8&quot;,&quot;iso&quot;:&quot;0&quot;,&quot;shutter_speed&quot;:&quot;0.0025&quot;,&quot;title&quot;:&quot;&quot;,&quot;orientation&quot;:&quot;1&quot;}\" data-image-title=\"fb_ah_meran_1109_171_400\" data-image-description=\"\" data-image-caption=\"&lt;p&gt;Tagesziel vor Augen&lt;\/p&gt;\n\" data-large-file=\"https:\/\/i0.wp.com\/www.tuseichholzremmighausen.de\/wordpress\/wp-content\/uploads\/2011\/11\/fb_ah_meran_1109_171_400.jpg?fit=400%2C266&amp;ssl=1\" class=\"size-full wp-image-3003\" title=\"fb_ah_meran_1109_171_400\" src=\"https:\/\/i0.wp.com\/www.tuseichholzremmighausen.de\/wordpress\/wp-content\/uploads\/2011\/11\/fb_ah_meran_1109_171_400.jpg?resize=400%2C266&#038;ssl=1\" alt=\"Tagesziel\" width=\"400\" height=\"266\" srcset=\"https:\/\/i0.wp.com\/www.tuseichholzremmighausen.de\/wordpress\/wp-content\/uploads\/2011\/11\/fb_ah_meran_1109_171_400.jpg?w=400&amp;ssl=1 400w, https:\/\/i0.wp.com\/www.tuseichholzremmighausen.de\/wordpress\/wp-content\/uploads\/2011\/11\/fb_ah_meran_1109_171_400.jpg?resize=300%2C199&amp;ssl=1 300w\" sizes=\"auto, (max-width: 400px) 100vw, 400px\" \/><\/a><figcaption id=\"caption-attachment-3003\" class=\"wp-caption-text\">Tagesziel vor Augen<\/figcaption><\/figure>\n<figure id=\"attachment_3004\" aria-describedby=\"caption-attachment-3004\" style=\"width: 190px\" class=\"wp-caption alignleft\"><a href=\"https:\/\/i0.wp.com\/www.tuseichholzremmighausen.de\/wordpress\/wp-content\/uploads\/2011\/11\/fb_ah_meran_1109_180_190.jpg?ssl=1\"><img data-recalc-dims=\"1\" loading=\"lazy\" decoding=\"async\" data-attachment-id=\"3004\" data-permalink=\"https:\/\/www.tuseichholzremmighausen.de\/wordpress\/archives\/2997\/fb_ah_meran_1109_180_190\" data-orig-file=\"https:\/\/i0.wp.com\/www.tuseichholzremmighausen.de\/wordpress\/wp-content\/uploads\/2011\/11\/fb_ah_meran_1109_180_190.jpg?fit=190%2C265&amp;ssl=1\" data-orig-size=\"190,265\" data-comments-opened=\"1\" data-image-meta=\"{&quot;aperture&quot;:&quot;5.6&quot;,&quot;credit&quot;:&quot;&quot;,&quot;camera&quot;:&quot;Canon PowerShot A530&quot;,&quot;caption&quot;:&quot;&quot;,&quot;created_timestamp&quot;:&quot;1315308423&quot;,&quot;copyright&quot;:&quot;&quot;,&quot;focal_length&quot;:&quot;5.8&quot;,&quot;iso&quot;:&quot;0&quot;,&quot;shutter_speed&quot;:&quot;0.005&quot;,&quot;title&quot;:&quot;&quot;,&quot;orientation&quot;:&quot;1&quot;}\" data-image-title=\"fb_ah_meran_1109_180_190\" data-image-description=\"\" data-image-caption=\"&lt;p&gt;Baumgrenze \u00fcberschritten&lt;\/p&gt;\n\" data-large-file=\"https:\/\/i0.wp.com\/www.tuseichholzremmighausen.de\/wordpress\/wp-content\/uploads\/2011\/11\/fb_ah_meran_1109_180_190.jpg?fit=190%2C265&amp;ssl=1\" class=\"size-full wp-image-3004\" title=\"fb_ah_meran_1109_180_190\" src=\"https:\/\/i0.wp.com\/www.tuseichholzremmighausen.de\/wordpress\/wp-content\/uploads\/2011\/11\/fb_ah_meran_1109_180_190.jpg?resize=190%2C265&#038;ssl=1\" alt=\"Baumgrenze \u00fcberschritten\" width=\"190\" height=\"265\" \/><\/a><figcaption id=\"caption-attachment-3004\" class=\"wp-caption-text\">Baumgrenze \u00fcberschritten<\/figcaption><\/figure>\n<p>Vielleicht k\u00f6nnen die eingestellten Bilder ein wenig von der grandiosen Natur vermitteln, die wir erleben durften. Nach 7 Tages-Etappen, die \u00dcbernachtungsquartiere waren vorbestellt, trat die Gruppe in k\u00f6rperlich guter Verfassung die Heimreise ins Lipperland an.<\/p>\n<figure id=\"attachment_3005\" aria-describedby=\"caption-attachment-3005\" style=\"width: 190px\" class=\"wp-caption alignleft\"><a href=\"https:\/\/i0.wp.com\/www.tuseichholzremmighausen.de\/wordpress\/wp-content\/uploads\/2011\/11\/fb_ah_meran_1109_204_190.jpg?ssl=1\"><img data-recalc-dims=\"1\" loading=\"lazy\" decoding=\"async\" data-attachment-id=\"3005\" data-permalink=\"https:\/\/www.tuseichholzremmighausen.de\/wordpress\/archives\/2997\/fb_ah_meran_1109_204_190\" data-orig-file=\"https:\/\/i0.wp.com\/www.tuseichholzremmighausen.de\/wordpress\/wp-content\/uploads\/2011\/11\/fb_ah_meran_1109_204_190.jpg?fit=190%2C266&amp;ssl=1\" data-orig-size=\"190,266\" data-comments-opened=\"1\" data-image-meta=\"{&quot;aperture&quot;:&quot;2.6&quot;,&quot;credit&quot;:&quot;&quot;,&quot;camera&quot;:&quot;Canon PowerShot A530&quot;,&quot;caption&quot;:&quot;&quot;,&quot;created_timestamp&quot;:&quot;1315385400&quot;,&quot;copyright&quot;:&quot;&quot;,&quot;focal_length&quot;:&quot;5.8&quot;,&quot;iso&quot;:&quot;0&quot;,&quot;shutter_speed&quot;:&quot;0.005&quot;,&quot;title&quot;:&quot;&quot;,&quot;orientation&quot;:&quot;1&quot;}\" data-image-title=\"fb_ah_meran_1109_204_190\" data-image-description=\"\" data-image-caption=\"&lt;p&gt;Fensterblick&lt;\/p&gt;\n\" data-large-file=\"https:\/\/i0.wp.com\/www.tuseichholzremmighausen.de\/wordpress\/wp-content\/uploads\/2011\/11\/fb_ah_meran_1109_204_190.jpg?fit=190%2C266&amp;ssl=1\" class=\"size-full wp-image-3005\" title=\"fb_ah_meran_1109_204_190\" src=\"https:\/\/i0.wp.com\/www.tuseichholzremmighausen.de\/wordpress\/wp-content\/uploads\/2011\/11\/fb_ah_meran_1109_204_190.jpg?resize=190%2C266&#038;ssl=1\" alt=\"Fensterblick\" width=\"190\" height=\"266\" \/><\/a><figcaption id=\"caption-attachment-3005\" class=\"wp-caption-text\">Fensterblick<\/figcaption><\/figure>\n<figure id=\"attachment_3006\" aria-describedby=\"caption-attachment-3006\" style=\"width: 400px\" class=\"wp-caption alignleft\"><a href=\"https:\/\/i0.wp.com\/www.tuseichholzremmighausen.de\/wordpress\/wp-content\/uploads\/2011\/11\/fb_ah_meran_1109_227_400.jpg?ssl=1\"><img data-recalc-dims=\"1\" loading=\"lazy\" decoding=\"async\" data-attachment-id=\"3006\" data-permalink=\"https:\/\/www.tuseichholzremmighausen.de\/wordpress\/archives\/2997\/fb_ah_meran_1109_227_400\" data-orig-file=\"https:\/\/i0.wp.com\/www.tuseichholzremmighausen.de\/wordpress\/wp-content\/uploads\/2011\/11\/fb_ah_meran_1109_227_400.jpg?fit=400%2C266&amp;ssl=1\" data-orig-size=\"400,266\" data-comments-opened=\"1\" data-image-meta=\"{&quot;aperture&quot;:&quot;2.6&quot;,&quot;credit&quot;:&quot;&quot;,&quot;camera&quot;:&quot;Canon PowerShot A530&quot;,&quot;caption&quot;:&quot;&quot;,&quot;created_timestamp&quot;:&quot;1315467558&quot;,&quot;copyright&quot;:&quot;&quot;,&quot;focal_length&quot;:&quot;5.8&quot;,&quot;iso&quot;:&quot;0&quot;,&quot;shutter_speed&quot;:&quot;0.016666666666667&quot;,&quot;title&quot;:&quot;&quot;,&quot;orientation&quot;:&quot;1&quot;}\" data-image-title=\"fb_ah_meran_1109_227_400\" data-image-description=\"\" data-image-caption=\"&lt;p&gt;Fast ist es geschafft!&lt;\/p&gt;\n\" data-large-file=\"https:\/\/i0.wp.com\/www.tuseichholzremmighausen.de\/wordpress\/wp-content\/uploads\/2011\/11\/fb_ah_meran_1109_227_400.jpg?fit=400%2C266&amp;ssl=1\" class=\"size-full wp-image-3006\" title=\"fb_ah_meran_1109_227_400\" src=\"https:\/\/i0.wp.com\/www.tuseichholzremmighausen.de\/wordpress\/wp-content\/uploads\/2011\/11\/fb_ah_meran_1109_227_400.jpg?resize=400%2C266&#038;ssl=1\" alt=\"Fast ist es geschafft!\" width=\"400\" height=\"266\" srcset=\"https:\/\/i0.wp.com\/www.tuseichholzremmighausen.de\/wordpress\/wp-content\/uploads\/2011\/11\/fb_ah_meran_1109_227_400.jpg?w=400&amp;ssl=1 400w, https:\/\/i0.wp.com\/www.tuseichholzremmighausen.de\/wordpress\/wp-content\/uploads\/2011\/11\/fb_ah_meran_1109_227_400.jpg?resize=300%2C199&amp;ssl=1 300w\" sizes=\"auto, (max-width: 400px) 100vw, 400px\" \/><\/a><figcaption id=\"caption-attachment-3006\" class=\"wp-caption-text\">Fast ist es geschafft!<\/figcaption><\/figure>\n<p>Ich m\u00f6chte mich an dieser Stelle noch einmal bei meinen Wanderfreunden (Karl-Ernst Albert, Gotthard Rimi und Fritz Trachte) f\u00fcr die gute Kameradschaft und Zusammenarbeit bedanken. Detmold im September 2011 &#8211; <strong>Erwin Linnebr\u00fcgge<\/strong><\/p>\n<figure id=\"attachment_3007\" aria-describedby=\"caption-attachment-3007\" style=\"width: 600px\" class=\"wp-caption alignleft\"><a href=\"https:\/\/i0.wp.com\/www.tuseichholzremmighausen.de\/wordpress\/wp-content\/uploads\/2011\/11\/fb_ah_meran_1109_045_600.jpg?ssl=1\"><img data-recalc-dims=\"1\" loading=\"lazy\" decoding=\"async\" data-attachment-id=\"3007\" data-permalink=\"https:\/\/www.tuseichholzremmighausen.de\/wordpress\/archives\/2997\/fb_ah_meran_1109_045_600\" data-orig-file=\"https:\/\/i0.wp.com\/www.tuseichholzremmighausen.de\/wordpress\/wp-content\/uploads\/2011\/11\/fb_ah_meran_1109_045_600.jpg?fit=600%2C318&amp;ssl=1\" data-orig-size=\"600,318\" data-comments-opened=\"1\" data-image-meta=\"{&quot;aperture&quot;:&quot;2.6&quot;,&quot;credit&quot;:&quot;&quot;,&quot;camera&quot;:&quot;Canon PowerShot A530&quot;,&quot;caption&quot;:&quot;&quot;,&quot;created_timestamp&quot;:&quot;1314960718&quot;,&quot;copyright&quot;:&quot;&quot;,&quot;focal_length&quot;:&quot;5.8&quot;,&quot;iso&quot;:&quot;0&quot;,&quot;shutter_speed&quot;:&quot;0.005&quot;,&quot;title&quot;:&quot;&quot;,&quot;orientation&quot;:&quot;1&quot;}\" data-image-title=\"fb_ah_meran_1109_045_600\" data-image-description=\"\" data-image-caption=\"&lt;p&gt;Vier Wanderfreunde&lt;\/p&gt;\n\" data-large-file=\"https:\/\/i0.wp.com\/www.tuseichholzremmighausen.de\/wordpress\/wp-content\/uploads\/2011\/11\/fb_ah_meran_1109_045_600.jpg?fit=600%2C318&amp;ssl=1\" class=\"size-full wp-image-3007 \" title=\"fb_ah_meran_1109_045_600\" src=\"https:\/\/i0.wp.com\/www.tuseichholzremmighausen.de\/wordpress\/wp-content\/uploads\/2011\/11\/fb_ah_meran_1109_045_600.jpg?resize=600%2C318&#038;ssl=1\" alt=\"&quot;Die Vier&quot;\" width=\"600\" height=\"318\" srcset=\"https:\/\/i0.wp.com\/www.tuseichholzremmighausen.de\/wordpress\/wp-content\/uploads\/2011\/11\/fb_ah_meran_1109_045_600.jpg?w=600&amp;ssl=1 600w, https:\/\/i0.wp.com\/www.tuseichholzremmighausen.de\/wordpress\/wp-content\/uploads\/2011\/11\/fb_ah_meran_1109_045_600.jpg?resize=300%2C159&amp;ssl=1 300w\" sizes=\"auto, (max-width: 600px) 100vw, 600px\" \/><\/a><figcaption id=\"caption-attachment-3007\" class=\"wp-caption-text\">&quot;Die Vier&quot;<\/figcaption><\/figure>\n","protected":false},"excerpt":{"rendered":"<p>Das TuS AH-Mitglied Erwin Linnebr\u00fcgge und 3 Begleiter erobern zusammen den Meraner H\u00f6henweg. Die LZ (Lippische Landeszeitung) schrieb dazu u.a.,<\/p>\n","protected":false},"author":2,"featured_media":0,"comment_status":"closed","ping_status":"closed","sticky":false,"template":"","format":"standard","meta":{"colormag_page_container_layout":"default_layout","colormag_page_sidebar_layout":"default_layout","_jetpack_memberships_contains_paid_content":false,"footnotes":"","jetpack_publicize_message":"","jetpack_publicize_feature_enabled":true,"jetpack_social_post_already_shared":false,"jetpack_social_options":{"image_generator_settings":{"template":"highway","default_image_id":0,"font":"","enabled":false},"version":2}},"categories":[157],"tags":[],"class_list":["post-2997","post","type-post","status-publish","format-standard","hentry","category-archiv"],"jetpack_publicize_connections":[],"jetpack_featured_media_url":"","jetpack_sharing_enabled":true,"_links":{"self":[{"href":"https:\/\/www.tuseichholzremmighausen.de\/wordpress\/wp-json\/wp\/v2\/posts\/2997","targetHints":{"allow":["GET"]}}],"collection":[{"href":"https:\/\/www.tuseichholzremmighausen.de\/wordpress\/wp-json\/wp\/v2\/posts"}],"about":[{"href":"https:\/\/www.tuseichholzremmighausen.de\/wordpress\/wp-json\/wp\/v2\/types\/post"}],"author":[{"embeddable":true,"href":"https:\/\/www.tuseichholzremmighausen.de\/wordpress\/wp-json\/wp\/v2\/users\/2"}],"replies":[{"embeddable":true,"href":"https:\/\/www.tuseichholzremmighausen.de\/wordpress\/wp-json\/wp\/v2\/comments?post=2997"}],"version-history":[{"count":0,"href":"https:\/\/www.tuseichholzremmighausen.de\/wordpress\/wp-json\/wp\/v2\/posts\/2997\/revisions"}],"wp:attachment":[{"href":"https:\/\/www.tuseichholzremmighausen.de\/wordpress\/wp-json\/wp\/v2\/media?parent=2997"}],"wp:term":[{"taxonomy":"category","embeddable":true,"href":"https:\/\/www.tuseichholzremmighausen.de\/wordpress\/wp-json\/wp\/v2\/categories?post=2997"},{"taxonomy":"post_tag","embeddable":true,"href":"https:\/\/www.tuseichholzremmighausen.de\/wordpress\/wp-json\/wp\/v2\/tags?post=2997"}],"curies":[{"name":"wp","href":"https:\/\/api.w.org\/{rel}","templated":true}]}}