{"id":3149,"date":"2011-12-11T19:09:31","date_gmt":"2011-12-11T18:09:31","guid":{"rendered":"http:\/\/www.tuseichholzremmighausen.de\/wordpress\/?p=3149"},"modified":"2020-09-11T20:22:29","modified_gmt":"2020-09-11T18:22:29","slug":"fusballfrauen-feiern-weihnachten-2011-im-erweiterten-kreis","status":"publish","type":"post","link":"https:\/\/www.tuseichholzremmighausen.de\/wordpress\/archives\/3149","title":{"rendered":"Fu\u00dfballfrauen feiern Weihnachten 2011 im erweiterten Kreis"},"content":{"rendered":"<p>Zum Ende des turbulenten und erfolgreichen Jahres 2011 trafen sich die Fu\u00dfballfrauen zur Weihnachtsfeier in der Schlo\u00dfwache.<\/p>\n<figure id=\"attachment_3143\" aria-describedby=\"caption-attachment-3143\" style=\"width: 600px\" class=\"wp-caption alignnone\"><a href=\"https:\/\/i0.wp.com\/www.tuseichholzremmighausen.de\/wordpress\/wp-content\/uploads\/2011\/12\/fb_frauen_111210_22.jpg?ssl=1\"><img data-recalc-dims=\"1\" loading=\"lazy\" decoding=\"async\" data-attachment-id=\"3143\" data-permalink=\"https:\/\/www.tuseichholzremmighausen.de\/wordpress\/archives\/3149\/fb_frauen_111210_22\" data-orig-file=\"https:\/\/i0.wp.com\/www.tuseichholzremmighausen.de\/wordpress\/wp-content\/uploads\/2011\/12\/fb_frauen_111210_22.jpg?fit=600%2C436&amp;ssl=1\" data-orig-size=\"600,436\" data-comments-opened=\"1\" data-image-meta=\"{&quot;aperture&quot;:&quot;2.8&quot;,&quot;credit&quot;:&quot;&quot;,&quot;camera&quot;:&quot;DMC-FZ38&quot;,&quot;caption&quot;:&quot;&quot;,&quot;created_timestamp&quot;:&quot;1323555627&quot;,&quot;copyright&quot;:&quot;&quot;,&quot;focal_length&quot;:&quot;4.8&quot;,&quot;iso&quot;:&quot;320&quot;,&quot;shutter_speed&quot;:&quot;0.076923076923077&quot;,&quot;title&quot;:&quot;&quot;,&quot;orientation&quot;:&quot;1&quot;}\" data-image-title=\"fb_frauen_111210_22\" data-image-description=\"\" data-image-caption=\"&lt;p&gt;Lisa &amp;#8211; &amp;#8222;Unter uns&amp;#8220;&lt;\/p&gt;\n\" data-large-file=\"https:\/\/i0.wp.com\/www.tuseichholzremmighausen.de\/wordpress\/wp-content\/uploads\/2011\/12\/fb_frauen_111210_22.jpg?fit=600%2C436&amp;ssl=1\" class=\"size-full wp-image-3143\" src=\"https:\/\/i0.wp.com\/www.tuseichholzremmighausen.de\/wordpress\/wp-content\/uploads\/2011\/12\/fb_frauen_111210_22.jpg?resize=600%2C436&#038;ssl=1\" alt=\"Lisa - &quot;Unter uns&quot;\" width=\"600\" height=\"436\" srcset=\"https:\/\/i0.wp.com\/www.tuseichholzremmighausen.de\/wordpress\/wp-content\/uploads\/2011\/12\/fb_frauen_111210_22.jpg?w=600&amp;ssl=1 600w, https:\/\/i0.wp.com\/www.tuseichholzremmighausen.de\/wordpress\/wp-content\/uploads\/2011\/12\/fb_frauen_111210_22.jpg?resize=300%2C218&amp;ssl=1 300w\" sizes=\"auto, (max-width: 600px) 100vw, 600px\" \/><\/a><figcaption id=\"caption-attachment-3143\" class=\"wp-caption-text\">Lisa - &quot;Unter uns&quot;<\/figcaption><\/figure>\n<p>Ausgelassene Stimmung beim gem\u00fctlichen Abendessen in gro\u00dfer Runde an der \u201elangen Tafel\u201c \u2013 nur wenige Pl\u00e4tze waren freigeblieben. <!--more--><strong>Lisa Zoja<\/strong> und <strong>Michael Garbisch<\/strong> folgten der Einladung zur Weihnachtsfeier und wurden besonders herzlich begr\u00fc\u00dft.<\/p>\n<figure id=\"attachment_3142\" aria-describedby=\"caption-attachment-3142\" style=\"width: 600px\" class=\"wp-caption alignnone\"><a href=\"https:\/\/i0.wp.com\/www.tuseichholzremmighausen.de\/wordpress\/wp-content\/uploads\/2011\/12\/fb_frauen_111210_21.jpg?ssl=1\"><img data-recalc-dims=\"1\" loading=\"lazy\" decoding=\"async\" data-attachment-id=\"3142\" data-permalink=\"https:\/\/www.tuseichholzremmighausen.de\/wordpress\/archives\/3149\/fb_frauen_111210_21\" data-orig-file=\"https:\/\/i0.wp.com\/www.tuseichholzremmighausen.de\/wordpress\/wp-content\/uploads\/2011\/12\/fb_frauen_111210_21.jpg?fit=600%2C401&amp;ssl=1\" data-orig-size=\"600,401\" data-comments-opened=\"1\" data-image-meta=\"{&quot;aperture&quot;:&quot;2.8&quot;,&quot;credit&quot;:&quot;&quot;,&quot;camera&quot;:&quot;DMC-FZ38&quot;,&quot;caption&quot;:&quot;&quot;,&quot;created_timestamp&quot;:&quot;1323555623&quot;,&quot;copyright&quot;:&quot;&quot;,&quot;focal_length&quot;:&quot;4.8&quot;,&quot;iso&quot;:&quot;320&quot;,&quot;shutter_speed&quot;:&quot;0.033333333333333&quot;,&quot;title&quot;:&quot;&quot;,&quot;orientation&quot;:&quot;1&quot;}\" data-image-title=\"fb_frauen_111210_21\" data-image-description=\"\" data-image-caption=\"&lt;p&gt;Hallo und willkommen Michael &lt;\/p&gt;\n\" data-large-file=\"https:\/\/i0.wp.com\/www.tuseichholzremmighausen.de\/wordpress\/wp-content\/uploads\/2011\/12\/fb_frauen_111210_21.jpg?fit=600%2C401&amp;ssl=1\" class=\"size-full wp-image-3142\" src=\"https:\/\/i0.wp.com\/www.tuseichholzremmighausen.de\/wordpress\/wp-content\/uploads\/2011\/12\/fb_frauen_111210_21.jpg?resize=600%2C401&#038;ssl=1\" alt=\"Hallo und willkommen Michael\" width=\"600\" height=\"401\" srcset=\"https:\/\/i0.wp.com\/www.tuseichholzremmighausen.de\/wordpress\/wp-content\/uploads\/2011\/12\/fb_frauen_111210_21.jpg?w=600&amp;ssl=1 600w, https:\/\/i0.wp.com\/www.tuseichholzremmighausen.de\/wordpress\/wp-content\/uploads\/2011\/12\/fb_frauen_111210_21.jpg?resize=300%2C200&amp;ssl=1 300w\" sizes=\"auto, (max-width: 600px) 100vw, 600px\" \/><\/a><figcaption id=\"caption-attachment-3142\" class=\"wp-caption-text\">Hallo und willkommen Michael <\/figcaption><\/figure>\n<p>Zusammen mit <strong>Natascha Loyek<\/strong>, die leider nicht teilnehmen konnte, erweitern sie den Kader sowie den Trainerstab der Gr\u00fcn-Wei\u00dfen. Dazu sp\u00e4ter mehr\u2026<\/p>\n<p>Wie immer wurde viel gelacht. Nachdem die Teller geleert und einige Liter verschiedenster Getr\u00e4nke f\u00fcr das Wohlbefinden gesorgt hatten, bedankten sich die Frauen f\u00fcr die tolle Zusammenarbeit. Peter (Coach), Thomas (Betreuer) und Rolf (Presse) bekamen eine Weihnachtst\u00fcte \u00fcberreicht. Auch wenn Peter Burkert jedes Jahr ausdr\u00fccklich darauf hinweist, dass Trainingsbeteiligung und Leistung seiner Sch\u00fctzlinge das Wichtigste seien, freute er sich nat\u00fcrlich \u00fcber die Weihnachts\u00fcberraschung des Teams. Thomas und Rolf bedankten sich ebenfalls und prophezeien schon jetzt einen noch h\u00f6heren Kaffeekonsum im kommenden Jahr.<\/p>\n<figure id=\"attachment_3144\" aria-describedby=\"caption-attachment-3144\" style=\"width: 600px\" class=\"wp-caption alignnone\"><a href=\"https:\/\/i0.wp.com\/www.tuseichholzremmighausen.de\/wordpress\/wp-content\/uploads\/2011\/12\/fb_frauen_111210_42.jpg?ssl=1\"><img data-recalc-dims=\"1\" loading=\"lazy\" decoding=\"async\" data-attachment-id=\"3144\" data-permalink=\"https:\/\/www.tuseichholzremmighausen.de\/wordpress\/archives\/3149\/fb_frauen_111210_42\" data-orig-file=\"https:\/\/i0.wp.com\/www.tuseichholzremmighausen.de\/wordpress\/wp-content\/uploads\/2011\/12\/fb_frauen_111210_42.jpg?fit=600%2C440&amp;ssl=1\" data-orig-size=\"600,440\" data-comments-opened=\"1\" data-image-meta=\"{&quot;aperture&quot;:&quot;2.8&quot;,&quot;credit&quot;:&quot;&quot;,&quot;camera&quot;:&quot;DMC-FZ38&quot;,&quot;caption&quot;:&quot;&quot;,&quot;created_timestamp&quot;:&quot;1323556283&quot;,&quot;copyright&quot;:&quot;&quot;,&quot;focal_length&quot;:&quot;4.8&quot;,&quot;iso&quot;:&quot;100&quot;,&quot;shutter_speed&quot;:&quot;0.066666666666667&quot;,&quot;title&quot;:&quot;&quot;,&quot;orientation&quot;:&quot;1&quot;}\" data-image-title=\"fb_frauen_111210_42\" data-image-description=\"\" data-image-caption=\"&lt;p&gt;Spannung beim wichteln&lt;\/p&gt;\n\" data-large-file=\"https:\/\/i0.wp.com\/www.tuseichholzremmighausen.de\/wordpress\/wp-content\/uploads\/2011\/12\/fb_frauen_111210_42.jpg?fit=600%2C440&amp;ssl=1\" class=\"size-full wp-image-3144\" src=\"https:\/\/i0.wp.com\/www.tuseichholzremmighausen.de\/wordpress\/wp-content\/uploads\/2011\/12\/fb_frauen_111210_42.jpg?resize=600%2C440&#038;ssl=1\" alt=\"Spannung beim wichteln\" width=\"600\" height=\"440\" srcset=\"https:\/\/i0.wp.com\/www.tuseichholzremmighausen.de\/wordpress\/wp-content\/uploads\/2011\/12\/fb_frauen_111210_42.jpg?w=600&amp;ssl=1 600w, https:\/\/i0.wp.com\/www.tuseichholzremmighausen.de\/wordpress\/wp-content\/uploads\/2011\/12\/fb_frauen_111210_42.jpg?resize=300%2C220&amp;ssl=1 300w\" sizes=\"auto, (max-width: 600px) 100vw, 600px\" \/><\/a><figcaption id=\"caption-attachment-3144\" class=\"wp-caption-text\">Spannung beim wichteln<\/figcaption><\/figure>\n<p>Alle Jahre wieder hatte Peter nat\u00fcrlich auch ein paar Worte zum Jahresende 2011 zu verk\u00fcnden.\u00a0<\/p>\n<figure id=\"attachment_3147\" aria-describedby=\"caption-attachment-3147\" style=\"width: 295px\" class=\"wp-caption alignleft\"><a href=\"https:\/\/i0.wp.com\/www.tuseichholzremmighausen.de\/wordpress\/wp-content\/uploads\/2011\/12\/fb_frauen_111210_58.jpg?ssl=1\"><img data-recalc-dims=\"1\" loading=\"lazy\" decoding=\"async\" data-attachment-id=\"3147\" data-permalink=\"https:\/\/www.tuseichholzremmighausen.de\/wordpress\/archives\/3149\/fb_frauen_111210_58\" data-orig-file=\"https:\/\/i0.wp.com\/www.tuseichholzremmighausen.de\/wordpress\/wp-content\/uploads\/2011\/12\/fb_frauen_111210_58.jpg?fit=295%2C486&amp;ssl=1\" data-orig-size=\"295,486\" data-comments-opened=\"1\" data-image-meta=\"{&quot;aperture&quot;:&quot;2.8&quot;,&quot;credit&quot;:&quot;&quot;,&quot;camera&quot;:&quot;DMC-FZ38&quot;,&quot;caption&quot;:&quot;&quot;,&quot;created_timestamp&quot;:&quot;1323557670&quot;,&quot;copyright&quot;:&quot;&quot;,&quot;focal_length&quot;:&quot;4.8&quot;,&quot;iso&quot;:&quot;400&quot;,&quot;shutter_speed&quot;:&quot;0.033333333333333&quot;,&quot;title&quot;:&quot;&quot;,&quot;orientation&quot;:&quot;0&quot;}\" data-image-title=\"fb_frauen_111210_58\" data-image-description=\"\" data-image-caption=\"&lt;p&gt;Peter: &amp;#8222;Also 2004\/2005 &amp;#8230;  :)&lt;\/p&gt;\n\" data-large-file=\"https:\/\/i0.wp.com\/www.tuseichholzremmighausen.de\/wordpress\/wp-content\/uploads\/2011\/12\/fb_frauen_111210_58.jpg?fit=295%2C486&amp;ssl=1\" class=\"size-full wp-image-3147\" src=\"https:\/\/i0.wp.com\/www.tuseichholzremmighausen.de\/wordpress\/wp-content\/uploads\/2011\/12\/fb_frauen_111210_58.jpg?resize=295%2C486&#038;ssl=1\" alt=\"Peter: &quot;Also 2004\/2005 ... :)\" width=\"295\" height=\"486\" srcset=\"https:\/\/i0.wp.com\/www.tuseichholzremmighausen.de\/wordpress\/wp-content\/uploads\/2011\/12\/fb_frauen_111210_58.jpg?w=295&amp;ssl=1 295w, https:\/\/i0.wp.com\/www.tuseichholzremmighausen.de\/wordpress\/wp-content\/uploads\/2011\/12\/fb_frauen_111210_58.jpg?resize=182%2C300&amp;ssl=1 182w\" sizes=\"auto, (max-width: 295px) 100vw, 295px\" \/><\/a><figcaption id=\"caption-attachment-3147\" class=\"wp-caption-text\">Peter: &quot;Also 2004\/2005 ... \ud83d\ude42<\/figcaption><\/figure>\n<p>Seine lange Liste f\u00e4ngt im Jahr 2004 mit dem Wiederbeginn der Frauenmannschaft des TuS an\u2026 Zur Freude aller Anwesenden arbeitete Peter nicht die komplette Liste ab. Vielmehr konzentrierte er sich auf die wesentlichen Ereignisse des laufenden Jahres:<\/p>\n<p>Platz Vier in der letzten Saison 2010\/2011. Immer mit Blick zur Tabellenspitze. Trotzdem verdunkelte sich seiner Zeit bei Peter die Mine angesichts der gr\u00f6\u00dfer werdenden Personalsorgen. Verschiedenste Szenarien wurden durchgespielt: Vom Abmelden der Mannschaft \u00fcber die Reduktion auf eine 7er Mannschaft bis hin zur Verst\u00e4rkung des Teams. Mit gro\u00dfem Engagement des gesamten Teams und der Bereitschaft zu Ver\u00e4nderungen konnten unter anderem Ani, Sally und Vivi hervorragend integriert werden. Ferner ist in vielen Gespr\u00e4chen der Mannschaftsrat ins Leben gerufen worden.<\/p>\n<p>Janine Labus \u00fcbergab nach 7 Jahren die Kapit\u00e4nsbinde.<\/p>\n<figure id=\"attachment_3148\" aria-describedby=\"caption-attachment-3148\" style=\"width: 600px\" class=\"wp-caption alignnone\"><a href=\"https:\/\/i0.wp.com\/www.tuseichholzremmighausen.de\/wordpress\/wp-content\/uploads\/2011\/12\/fb_frauen_111210_67.jpg?ssl=1\"><img data-recalc-dims=\"1\" loading=\"lazy\" decoding=\"async\" data-attachment-id=\"3148\" data-permalink=\"https:\/\/www.tuseichholzremmighausen.de\/wordpress\/archives\/3149\/fb_frauen_111210_67\" data-orig-file=\"https:\/\/i0.wp.com\/www.tuseichholzremmighausen.de\/wordpress\/wp-content\/uploads\/2011\/12\/fb_frauen_111210_67.jpg?fit=600%2C377&amp;ssl=1\" data-orig-size=\"600,377\" data-comments-opened=\"1\" data-image-meta=\"{&quot;aperture&quot;:&quot;2.8&quot;,&quot;credit&quot;:&quot;&quot;,&quot;camera&quot;:&quot;DMC-FZ38&quot;,&quot;caption&quot;:&quot;&quot;,&quot;created_timestamp&quot;:&quot;1323557899&quot;,&quot;copyright&quot;:&quot;&quot;,&quot;focal_length&quot;:&quot;4.8&quot;,&quot;iso&quot;:&quot;400&quot;,&quot;shutter_speed&quot;:&quot;0.033333333333333&quot;,&quot;title&quot;:&quot;&quot;,&quot;orientation&quot;:&quot;1&quot;}\" data-image-title=\"fb_frauen_111210_67\" data-image-description=\"\" data-image-caption=\"&lt;p&gt;Danke f\u00fcr 7 tolle Jahre als Kapit\u00e4n&lt;\/p&gt;\n\" data-large-file=\"https:\/\/i0.wp.com\/www.tuseichholzremmighausen.de\/wordpress\/wp-content\/uploads\/2011\/12\/fb_frauen_111210_67.jpg?fit=600%2C377&amp;ssl=1\" class=\"size-full wp-image-3148\" src=\"https:\/\/i0.wp.com\/www.tuseichholzremmighausen.de\/wordpress\/wp-content\/uploads\/2011\/12\/fb_frauen_111210_67.jpg?resize=600%2C377&#038;ssl=1\" alt=\"Danke f\u00fcr 7 tolle Jahre als Kapit\u00e4n\" width=\"600\" height=\"377\" srcset=\"https:\/\/i0.wp.com\/www.tuseichholzremmighausen.de\/wordpress\/wp-content\/uploads\/2011\/12\/fb_frauen_111210_67.jpg?w=600&amp;ssl=1 600w, https:\/\/i0.wp.com\/www.tuseichholzremmighausen.de\/wordpress\/wp-content\/uploads\/2011\/12\/fb_frauen_111210_67.jpg?resize=300%2C188&amp;ssl=1 300w\" sizes=\"auto, (max-width: 600px) 100vw, 600px\" \/><\/a><figcaption id=\"caption-attachment-3148\" class=\"wp-caption-text\">Danke f\u00fcr 7 tolle Jahre als Kapit\u00e4n<\/figcaption><\/figure>\n<p>Mit gro\u00dfem Beifall und einem sch\u00f6nen Blumenstrau\u00df aus Peters H\u00e4nden wurde Janine aus der Kapit\u00e4nsverantwortung verabschiedet. Nachfolgerin Kathrin und Stellvertreterin Ani durften sich ebenfalls \u00fcber einen Blumenstrau\u00df freuen.\u00a0<\/p>\n<figure id=\"attachment_3140\" aria-describedby=\"caption-attachment-3140\" style=\"width: 600px\" class=\"wp-caption alignnone\"><a href=\"https:\/\/i0.wp.com\/www.tuseichholzremmighausen.de\/wordpress\/wp-content\/uploads\/2011\/12\/fb_frauen_111210_70.jpg?ssl=1\"><img data-recalc-dims=\"1\" loading=\"lazy\" decoding=\"async\" data-attachment-id=\"3140\" data-permalink=\"https:\/\/www.tuseichholzremmighausen.de\/wordpress\/archives\/3149\/fb_frauen_111210_70\" data-orig-file=\"https:\/\/i0.wp.com\/www.tuseichholzremmighausen.de\/wordpress\/wp-content\/uploads\/2011\/12\/fb_frauen_111210_70.jpg?fit=600%2C423&amp;ssl=1\" data-orig-size=\"600,423\" data-comments-opened=\"1\" data-image-meta=\"{&quot;aperture&quot;:&quot;3&quot;,&quot;credit&quot;:&quot;&quot;,&quot;camera&quot;:&quot;DMC-FZ38&quot;,&quot;caption&quot;:&quot;&quot;,&quot;created_timestamp&quot;:&quot;1323558012&quot;,&quot;copyright&quot;:&quot;&quot;,&quot;focal_length&quot;:&quot;7.6&quot;,&quot;iso&quot;:&quot;400&quot;,&quot;shutter_speed&quot;:&quot;0.008&quot;,&quot;title&quot;:&quot;&quot;,&quot;orientation&quot;:&quot;1&quot;}\" data-image-title=\"fb_frauen_111210_70\" data-image-description=\"\" data-image-caption=\"&lt;p&gt;Kathrin und Ani&lt;\/p&gt;\n\" data-large-file=\"https:\/\/i0.wp.com\/www.tuseichholzremmighausen.de\/wordpress\/wp-content\/uploads\/2011\/12\/fb_frauen_111210_70.jpg?fit=600%2C423&amp;ssl=1\" class=\"size-full wp-image-3140\" src=\"https:\/\/i0.wp.com\/www.tuseichholzremmighausen.de\/wordpress\/wp-content\/uploads\/2011\/12\/fb_frauen_111210_70.jpg?resize=600%2C423&#038;ssl=1\" alt=\"Kathrin und Ani\" width=\"600\" height=\"423\" srcset=\"https:\/\/i0.wp.com\/www.tuseichholzremmighausen.de\/wordpress\/wp-content\/uploads\/2011\/12\/fb_frauen_111210_70.jpg?w=600&amp;ssl=1 600w, https:\/\/i0.wp.com\/www.tuseichholzremmighausen.de\/wordpress\/wp-content\/uploads\/2011\/12\/fb_frauen_111210_70.jpg?resize=300%2C211&amp;ssl=1 300w\" sizes=\"auto, (max-width: 600px) 100vw, 600px\" \/><\/a><figcaption id=\"caption-attachment-3140\" class=\"wp-caption-text\">Kathrin und Ani<\/figcaption><\/figure>\n<p>Helena, die den dritten Strau\u00df in Empfang nahm, komplettiert den Mannschaftsrat, der seit seiner Gr\u00fcndung f\u00fcr einen hervorragenden Teamgeist sorgt. Begeisterung f\u00fcr das Team und den Frauenfu\u00dfball, sowie das neue Teamfeeling er\u00f6ffnen weitere M\u00f6glichkeiten.<\/p>\n<figure id=\"attachment_3141\" aria-describedby=\"caption-attachment-3141\" style=\"width: 600px\" class=\"wp-caption alignnone\"><a href=\"https:\/\/i0.wp.com\/www.tuseichholzremmighausen.de\/wordpress\/wp-content\/uploads\/2011\/12\/fb_frauen_111210_15.jpg?ssl=1\"><img data-recalc-dims=\"1\" loading=\"lazy\" decoding=\"async\" data-attachment-id=\"3141\" data-permalink=\"https:\/\/www.tuseichholzremmighausen.de\/wordpress\/archives\/3149\/fb_frauen_111210_15\" data-orig-file=\"https:\/\/i0.wp.com\/www.tuseichholzremmighausen.de\/wordpress\/wp-content\/uploads\/2011\/12\/fb_frauen_111210_15.jpg?fit=600%2C401&amp;ssl=1\" data-orig-size=\"600,401\" data-comments-opened=\"1\" data-image-meta=\"{&quot;aperture&quot;:&quot;3&quot;,&quot;credit&quot;:&quot;&quot;,&quot;camera&quot;:&quot;DMC-FZ38&quot;,&quot;caption&quot;:&quot;&quot;,&quot;created_timestamp&quot;:&quot;1323555089&quot;,&quot;copyright&quot;:&quot;&quot;,&quot;focal_length&quot;:&quot;5.8&quot;,&quot;iso&quot;:&quot;320&quot;,&quot;shutter_speed&quot;:&quot;0.125&quot;,&quot;title&quot;:&quot;&quot;,&quot;orientation&quot;:&quot;1&quot;}\" data-image-title=\"fb_frauen_111210_15\" data-image-description=\"\" data-image-caption=\"&lt;p&gt;Michael &amp;#8211; &amp;#8222;mitten drin&amp;#8220;&lt;\/p&gt;\n\" data-large-file=\"https:\/\/i0.wp.com\/www.tuseichholzremmighausen.de\/wordpress\/wp-content\/uploads\/2011\/12\/fb_frauen_111210_15.jpg?fit=600%2C401&amp;ssl=1\" class=\"size-full wp-image-3141\" src=\"https:\/\/i0.wp.com\/www.tuseichholzremmighausen.de\/wordpress\/wp-content\/uploads\/2011\/12\/fb_frauen_111210_15.jpg?resize=600%2C401&#038;ssl=1\" alt=\"Michael - &quot;mitten drin&quot;\" width=\"600\" height=\"401\" srcset=\"https:\/\/i0.wp.com\/www.tuseichholzremmighausen.de\/wordpress\/wp-content\/uploads\/2011\/12\/fb_frauen_111210_15.jpg?w=600&amp;ssl=1 600w, https:\/\/i0.wp.com\/www.tuseichholzremmighausen.de\/wordpress\/wp-content\/uploads\/2011\/12\/fb_frauen_111210_15.jpg?resize=300%2C200&amp;ssl=1 300w\" sizes=\"auto, (max-width: 600px) 100vw, 600px\" \/><\/a><figcaption id=\"caption-attachment-3141\" class=\"wp-caption-text\">Michael - &quot;mitten drin&quot;<\/figcaption><\/figure>\n<p>Neben den sportlichen Erfolgen mit der Qualifikation zur Kreisliga A erh\u00e4lt der TuS Verst\u00e4rkung im Kader (Lisa und Natascha), sowie im Trainerstab (Michael). F\u00fcr einige noch Unentschlossene ist der TuS sicher eine interessante Perspektive f\u00fcr 2012! \u00a0\u00a0\u00a0\u00a0<\/p>\n<p>Mit diesen \u201epositiven Konjunkturaussichten\u201c verabschiedet sich das Frauenteam des TuS aus dem Jahr 2011 und w\u00fcnscht allen fr\u00f6hliche Weihnachten und ein gesundes neues Jahr 2012!!<\/p>\n","protected":false},"excerpt":{"rendered":"<p>Zum Ende des turbulenten und erfolgreichen Jahres 2011 trafen sich die Fu\u00dfballfrauen zur Weihnachtsfeier in der Schlo\u00dfwache. Ausgelassene Stimmung beim<\/p>\n","protected":false},"author":16,"featured_media":0,"comment_status":"closed","ping_status":"closed","sticky":false,"template":"","format":"standard","meta":{"colormag_page_container_layout":"default_layout","colormag_page_sidebar_layout":"default_layout","_jetpack_memberships_contains_paid_content":false,"footnotes":"","jetpack_publicize_message":"","jetpack_publicize_feature_enabled":true,"jetpack_social_post_already_shared":false,"jetpack_social_options":{"image_generator_settings":{"template":"highway","default_image_id":0,"font":"","enabled":false},"version":2}},"categories":[157],"tags":[],"class_list":["post-3149","post","type-post","status-publish","format-standard","hentry","category-archiv"],"jetpack_publicize_connections":[],"jetpack_featured_media_url":"","jetpack_sharing_enabled":true,"_links":{"self":[{"href":"https:\/\/www.tuseichholzremmighausen.de\/wordpress\/wp-json\/wp\/v2\/posts\/3149","targetHints":{"allow":["GET"]}}],"collection":[{"href":"https:\/\/www.tuseichholzremmighausen.de\/wordpress\/wp-json\/wp\/v2\/posts"}],"about":[{"href":"https:\/\/www.tuseichholzremmighausen.de\/wordpress\/wp-json\/wp\/v2\/types\/post"}],"author":[{"embeddable":true,"href":"https:\/\/www.tuseichholzremmighausen.de\/wordpress\/wp-json\/wp\/v2\/users\/16"}],"replies":[{"embeddable":true,"href":"https:\/\/www.tuseichholzremmighausen.de\/wordpress\/wp-json\/wp\/v2\/comments?post=3149"}],"version-history":[{"count":0,"href":"https:\/\/www.tuseichholzremmighausen.de\/wordpress\/wp-json\/wp\/v2\/posts\/3149\/revisions"}],"wp:attachment":[{"href":"https:\/\/www.tuseichholzremmighausen.de\/wordpress\/wp-json\/wp\/v2\/media?parent=3149"}],"wp:term":[{"taxonomy":"category","embeddable":true,"href":"https:\/\/www.tuseichholzremmighausen.de\/wordpress\/wp-json\/wp\/v2\/categories?post=3149"},{"taxonomy":"post_tag","embeddable":true,"href":"https:\/\/www.tuseichholzremmighausen.de\/wordpress\/wp-json\/wp\/v2\/tags?post=3149"}],"curies":[{"name":"wp","href":"https:\/\/api.w.org\/{rel}","templated":true}]}}