{"id":3188,"date":"2012-01-04T10:08:36","date_gmt":"2012-01-04T09:08:36","guid":{"rendered":"http:\/\/www.tuseichholzremmighausen.de\/wordpress\/?p=3188"},"modified":"2020-09-11T20:22:29","modified_gmt":"2020-09-11T18:22:29","slug":"1-ordentliche-vorstandssitzung-am-03-januar-2012","status":"publish","type":"post","link":"https:\/\/www.tuseichholzremmighausen.de\/wordpress\/archives\/3188","title":{"rendered":"1. Ordentliche Vorstandssitzung am 03. Januar 2012"},"content":{"rendered":"<p><strong>Vorsitzende:<\/strong><br \/>\n\u2022Begr\u00fc\u00dfung mit besten W\u00fcnschen zum neuen Jahr 2012<br \/>\n\u2022Nach Vereinsheim, jetzt Remikenhus im Fokus der Stadt DT<br \/>\n\u2022Listen zur Rettung des Remikenhus u. Vereinsheims liegen aus<br \/>\n\u2022B\u00fcrgermeister mit B\u00fcrgern der Ortsteile 17.01.12 im Gildezentrum<br \/>\n<!--more--><\/p>\n<p><strong>Kassenwarte:<\/strong><br \/>\n\u2022Belege aus 2011 gebucht und ausgewertet<br \/>\n\u2022Ein ausgeglichener  Haushalt, der zum Sparen in 2012 anh\u00e4lt<br \/>\n\u2022F\u00fcr eine Kassenpr\u00fcfung und Bericht zur JHV ist alles vorbereitet<br \/>\n\u20221074 Mitglieder  z\u00e4hlt der TuS Anfang Januar 2012<\/p>\n<p><strong>Schriftf\u00fchrer:<\/strong><br \/>\n\u2022Verschickte Einladungen noch mal raus, da JHV schon  viel fr\u00fcher<br \/>\n\u2022Androhung von Ordnungsstrafen, daher JHV 18.30 Uhr bis 22.00 Uhr<br \/>\n\u2022Neues Logo \u201e100 Jahre TuS Eichholz-Remmighausen\u201c<br \/>\n\u2022Dateien, Berichte zur JHV bitte vor JHV online zusenden<\/p>\n<p><strong>Sozialwart:<\/strong><br \/>\n\u2022Keine  besonderen Vorkommnisse<\/p>\n<p><strong>Vereinsjugend:<\/strong><br \/>\n\u2022Vereinsjugendtag am Freitag, 06. Januar 2012 im Vereinsheim <\/p>\n<p><strong>Schachabteilung:<\/strong><br \/>\n\u2022Lippische  Meisterschaften abgeschlossen<br \/>\n\u2022Weihnachtsblitzturnier ist gelaufen<br \/>\n\u20221. Mannschaft auf dem 2. Platz mit Lieme<br \/>\n\u20222. Mannschaft verliert gegen Mannschaft aus Lieme<br \/>\n\u2022Vorbereitungen f\u00fcr Stadtmeisterschaft und Einladung Intern. Meister<\/p>\n<p><strong>Turn- und Leichtathletikabteilung:<\/strong><br \/>\n* Der \u00dcbungsbetrieb ruht in der Weihnachtszeit und in den Ferien<\/p>\n<p><strong>Handballabteilung:<\/strong><br \/>\n\u2022Abteilungsversammlung  bet\u00e4tigt  Abteilungsf\u00fchrung<br \/>\n\u2022Wiederwahl von Christian Kowalski und  Stellv. Thomas W\u00e4chter<br \/>\n\u20222. Mannschaft, Handballdamen, sucht  neuen Trainer f\u00fcr die Kreisliga<\/p>\n<p><strong>Fu\u00dfballabteilung:<\/strong><br \/>\n\u2022Neuer Abteilungsleiter Marc Junker nimmt Arbeit auf<br \/>\n\u2022Teilnahme LZ Cup als bester Dritter am Sonntag, 08.01.12 in Lage<br \/>\n\u2022Kein wichtiger Spielerwechsel in der Winterpause, Zusammenhalt gut<br \/>\n\u2022Meldungen fast nur noch online, Internetanschluss  im Vereinsheim<\/p>\n<p><strong>Tischtennisabteilung:<\/strong><br \/>\n\u2022Hobbytischtennis  nach Anmeldung  bei  Vereinsjugendleitung<\/p>\n<p><strong>Verschiedenes:<\/strong>                                               <strong>20. Januar 2012, Jahreshauptversammlung  um 18.30 Uhr<\/strong><\/p>\n","protected":false},"excerpt":{"rendered":"<p>Vorsitzende: \u2022Begr\u00fc\u00dfung mit besten W\u00fcnschen zum neuen Jahr 2012 \u2022Nach Vereinsheim, jetzt Remikenhus im Fokus der Stadt DT \u2022Listen zur<\/p>\n","protected":false},"author":46,"featured_media":0,"comment_status":"closed","ping_status":"closed","sticky":false,"template":"","format":"standard","meta":{"colormag_page_container_layout":"default_layout","colormag_page_sidebar_layout":"default_layout","_jetpack_memberships_contains_paid_content":false,"footnotes":"","jetpack_publicize_message":"","jetpack_publicize_feature_enabled":true,"jetpack_social_post_already_shared":false,"jetpack_social_options":{"image_generator_settings":{"template":"highway","default_image_id":0,"font":"","enabled":false},"version":2}},"categories":[157],"tags":[],"class_list":["post-3188","post","type-post","status-publish","format-standard","hentry","category-archiv"],"jetpack_publicize_connections":[],"jetpack_featured_media_url":"","jetpack_sharing_enabled":true,"_links":{"self":[{"href":"https:\/\/www.tuseichholzremmighausen.de\/wordpress\/wp-json\/wp\/v2\/posts\/3188","targetHints":{"allow":["GET"]}}],"collection":[{"href":"https:\/\/www.tuseichholzremmighausen.de\/wordpress\/wp-json\/wp\/v2\/posts"}],"about":[{"href":"https:\/\/www.tuseichholzremmighausen.de\/wordpress\/wp-json\/wp\/v2\/types\/post"}],"author":[{"embeddable":true,"href":"https:\/\/www.tuseichholzremmighausen.de\/wordpress\/wp-json\/wp\/v2\/users\/46"}],"replies":[{"embeddable":true,"href":"https:\/\/www.tuseichholzremmighausen.de\/wordpress\/wp-json\/wp\/v2\/comments?post=3188"}],"version-history":[{"count":0,"href":"https:\/\/www.tuseichholzremmighausen.de\/wordpress\/wp-json\/wp\/v2\/posts\/3188\/revisions"}],"wp:attachment":[{"href":"https:\/\/www.tuseichholzremmighausen.de\/wordpress\/wp-json\/wp\/v2\/media?parent=3188"}],"wp:term":[{"taxonomy":"category","embeddable":true,"href":"https:\/\/www.tuseichholzremmighausen.de\/wordpress\/wp-json\/wp\/v2\/categories?post=3188"},{"taxonomy":"post_tag","embeddable":true,"href":"https:\/\/www.tuseichholzremmighausen.de\/wordpress\/wp-json\/wp\/v2\/tags?post=3188"}],"curies":[{"name":"wp","href":"https:\/\/api.w.org\/{rel}","templated":true}]}}