{"id":3189,"date":"2012-01-05T11:38:06","date_gmt":"2012-01-05T10:38:06","guid":{"rendered":"http:\/\/www.tuseichholzremmighausen.de\/wordpress\/?p=3189"},"modified":"2020-09-11T20:22:29","modified_gmt":"2020-09-11T18:22:29","slug":"rathaus-mobil","status":"publish","type":"post","link":"https:\/\/www.tuseichholzremmighausen.de\/wordpress\/archives\/3189","title":{"rendered":"Rathaus mobil"},"content":{"rendered":"<p><span style=\"color: #000000;\"><span style=\"color: #000000;\">Im folgenden Link (<\/span><a title=\"Rathaus mobil\" href=\"http:\/\/www.stadtdetmold.de\/2587.0.html?&amp;no_cache=1&amp;tx_ttnews[tt_news]=3528&amp;tx_ttnews[backPid]=2586&amp;cHash=aae0bd03310d91c3a61439d70ed10da5\" target=\"_blank\" rel=\"noopener noreferrer\">Klick!<\/a><span style=\"color: #000000;\">) gibt es die von der Stadt herausgegebenen Informationen zu der Veranstaltung. <\/span>Es ist aus Sicht des TuS Eichholz-Remmighausen zu bemerken,\u00a0 dass explizit das Thema &#8222;Remikenhus&#8220; oder gar &#8222;Situation Jugendheim&#8220; in der Tagesordnung <span style=\"text-decoration: underline;\">nicht<\/span> erw\u00e4hnt ist. <\/span><\/p>\n<p><span style=\"color: #000000;\">In der Tagesordnung wird lediglich erw\u00e4hnt, auch auf &#8222;<em><span style=\"text-decoration: underline;\">andere<\/span> Themengebiete<\/em>&#8220; einzugehen! Es hei\u00dft ferner: &#8222;<em>Eine Stunde vor der Veranstaltung besteht ab 18.00 Uhr \u2013 sowie auch im  Anschluss an die Veranstaltung \u2013 die M\u00f6glichkeit, sich mit Ideen,  Beschwerden und Lob an den KuK-Stand des B\u00fcros f\u00fcr Kreatives und  Kritisches zu wenden.<\/em>&#8222;<\/span><\/p>\n<p><span style=\"color: #0000ff;\"><br \/>\n<\/span><\/p>\n","protected":false},"excerpt":{"rendered":"<p>Im folgenden Link (Klick!) gibt es die von der Stadt herausgegebenen Informationen zu der Veranstaltung. Es ist aus Sicht des<\/p>\n","protected":false},"author":2,"featured_media":0,"comment_status":"closed","ping_status":"closed","sticky":false,"template":"","format":"standard","meta":{"colormag_page_container_layout":"default_layout","colormag_page_sidebar_layout":"default_layout","_jetpack_memberships_contains_paid_content":false,"footnotes":"","jetpack_publicize_message":"","jetpack_publicize_feature_enabled":true,"jetpack_social_post_already_shared":false,"jetpack_social_options":{"image_generator_settings":{"template":"highway","default_image_id":0,"font":"","enabled":false},"version":2}},"categories":[157],"tags":[],"class_list":["post-3189","post","type-post","status-publish","format-standard","hentry","category-archiv"],"jetpack_publicize_connections":[],"jetpack_featured_media_url":"","jetpack_sharing_enabled":true,"_links":{"self":[{"href":"https:\/\/www.tuseichholzremmighausen.de\/wordpress\/wp-json\/wp\/v2\/posts\/3189","targetHints":{"allow":["GET"]}}],"collection":[{"href":"https:\/\/www.tuseichholzremmighausen.de\/wordpress\/wp-json\/wp\/v2\/posts"}],"about":[{"href":"https:\/\/www.tuseichholzremmighausen.de\/wordpress\/wp-json\/wp\/v2\/types\/post"}],"author":[{"embeddable":true,"href":"https:\/\/www.tuseichholzremmighausen.de\/wordpress\/wp-json\/wp\/v2\/users\/2"}],"replies":[{"embeddable":true,"href":"https:\/\/www.tuseichholzremmighausen.de\/wordpress\/wp-json\/wp\/v2\/comments?post=3189"}],"version-history":[{"count":0,"href":"https:\/\/www.tuseichholzremmighausen.de\/wordpress\/wp-json\/wp\/v2\/posts\/3189\/revisions"}],"wp:attachment":[{"href":"https:\/\/www.tuseichholzremmighausen.de\/wordpress\/wp-json\/wp\/v2\/media?parent=3189"}],"wp:term":[{"taxonomy":"category","embeddable":true,"href":"https:\/\/www.tuseichholzremmighausen.de\/wordpress\/wp-json\/wp\/v2\/categories?post=3189"},{"taxonomy":"post_tag","embeddable":true,"href":"https:\/\/www.tuseichholzremmighausen.de\/wordpress\/wp-json\/wp\/v2\/tags?post=3189"}],"curies":[{"name":"wp","href":"https:\/\/api.w.org\/{rel}","templated":true}]}}