{"id":3201,"date":"2012-01-05T12:00:42","date_gmt":"2012-01-05T11:00:42","guid":{"rendered":"http:\/\/www.tuseichholzremmighausen.de\/wordpress\/?p=3201"},"modified":"2020-09-11T20:22:29","modified_gmt":"2020-09-11T18:22:29","slug":"liebe-sportfreundinnen-liebe-sportfreunde","status":"publish","type":"post","link":"https:\/\/www.tuseichholzremmighausen.de\/wordpress\/archives\/3201","title":{"rendered":"Liebe Sportfreundinnen, liebe Sportfreunde"},"content":{"rendered":"<p>Der Vorstand des TuS Eichholz-Remmighausen w\u00fcnscht allen ein gutes und gesundes neues Jahr. Leider beginnt das neue Jahr alles andere als gut. Ein mieser Nachbar macht ein geregeltes Vereinsleben f\u00fcr \u00fcber 1000 Mitglieder unm\u00f6glich.<!--more--><br \/>\nWenn dann auch noch die Stadt Detmold praktisch mit diesem Nachbarn an einem Strang zieht dem TuS und dem Remikenhus-Verein mit Strafen droht, dann wird selbst eine Jahreshauptversammlung zu einer normalen Tageszeit undurchf\u00fchrbar.<\/p>\n<p>Die letzte Jahreshauptversammlung endete laut Protokoll um 21.45 Uhr. Diese Veranstaltung befindet sich auf einer Liste der Stadt Detmold zu der sich der Remikenhus-Verein wegen der Lautst\u00e4rke und der Parkbel\u00e4stigung nach 22.00 Uhr \u00e4u\u00dfern muss. Jeder Teilnehmer wird mir best\u00e4tigen, wie l\u00e4cherlich die Vorhalte sind. Trotzdem muss der TuS darauf reagieren und so musste die diesj\u00e4hrige<\/p>\n<p><strong>Jahreshauptversammlung des TuS Eichholz-Remmighausen<br \/>\nauf Freitag, den 20. Januar 2012 um 18.30 Uhr im Remikenhus<\/strong><\/p>\n<p>vorgezogen werden. Das Jugendheim des TuS Eichholz-Remmighausen muss ab sofort geschlossen bleiben, da die enormen Kosten und die gestrichenen Zusch\u00fcsse der Stadt mittelfristig zu einem finanziellen Ruin des Sportvereins f\u00fchren w\u00fcrden. Das Risiko, dass dann eine h\u00e4ssliche Bauruine entsteht muss leider in Kauf genommen werden.<\/p>\n<p>Unseren Unmut \u00fcber die Situation rund um den Sportplatz, das Jugendheim und das Remikenhus k\u00f6nnen wir bei der Veranstaltung:<\/p>\n<p><strong>&#8222;das mobile Rathaus&#8220; im Gildezentrum<br \/>\num 19.00 Uhr am Dienstag, 17. Januar 2012<\/strong><\/p>\n<p>kundtun. Hier sollten so viele Mitglieder wie m\u00f6glich Pr\u00e4senz zeigen.<\/p>\n<p><span style=\"text-decoration: underline;\">Fra<\/span>g<span style=\"text-decoration: underline;\">en<\/span> <span style=\"text-decoration: underline;\">sie<\/span> den B\u00fcrgermeister, warum die Stadt ihre Zusagen gegen\u00fcber dem TuS nicht einh\u00e4lt. <span style=\"text-decoration: underline;\">Fra<\/span>g<span style=\"text-decoration: underline;\">en<\/span> <span style=\"text-decoration: underline;\">sie<\/span>, warum es bisher keine einzige L\u00e4rmmessung gibt. <span style=\"text-decoration: underline;\">Fra<\/span>g<span style=\"text-decoration: underline;\">en<\/span> <span style=\"text-decoration: underline;\">sie<\/span>, was es f\u00fcr ein Rechtsverst\u00e4ndnis ist, dass eine blo\u00dfe verleumderische \u00c4u\u00dferung als Beweis ausreicht. <span style=\"text-decoration: underline;\">Fra<\/span>g<span style=\"text-decoration: underline;\">en<\/span> <span style=\"text-decoration: underline;\">sie<\/span>, ob der Eingriff in die Versammlungsfreiheit in Detmold zur Regel werden soll.<\/p>\n<p>Liebe Mitglieder tragt euch in die im Ort aus liegenden Listen ein und zeigt Flagge beim &#8222;mobilen Rathaus&#8220;. F\u00fcr alle, die keine Fahrm\u00f6glichkeit haben pendelt der TuS-Bulli ab 18.00 Uhr mehrmals zwischen Bushaltestelle Sigges, Hofmann und Gildezentrum hin und her.<\/p>\n<p>1. Vorsitzender Detlef Wilberg<\/p>\n","protected":false},"excerpt":{"rendered":"<p>Der Vorstand des TuS Eichholz-Remmighausen w\u00fcnscht allen ein gutes und gesundes neues Jahr. Leider beginnt das neue Jahr alles andere<\/p>\n","protected":false},"author":46,"featured_media":0,"comment_status":"closed","ping_status":"closed","sticky":false,"template":"","format":"standard","meta":{"colormag_page_container_layout":"default_layout","colormag_page_sidebar_layout":"default_layout","_jetpack_memberships_contains_paid_content":false,"footnotes":"","jetpack_publicize_message":"","jetpack_publicize_feature_enabled":true,"jetpack_social_post_already_shared":false,"jetpack_social_options":{"image_generator_settings":{"template":"highway","default_image_id":0,"font":"","enabled":false},"version":2}},"categories":[157],"tags":[],"class_list":["post-3201","post","type-post","status-publish","format-standard","hentry","category-archiv"],"jetpack_publicize_connections":[],"jetpack_featured_media_url":"","jetpack_sharing_enabled":true,"_links":{"self":[{"href":"https:\/\/www.tuseichholzremmighausen.de\/wordpress\/wp-json\/wp\/v2\/posts\/3201","targetHints":{"allow":["GET"]}}],"collection":[{"href":"https:\/\/www.tuseichholzremmighausen.de\/wordpress\/wp-json\/wp\/v2\/posts"}],"about":[{"href":"https:\/\/www.tuseichholzremmighausen.de\/wordpress\/wp-json\/wp\/v2\/types\/post"}],"author":[{"embeddable":true,"href":"https:\/\/www.tuseichholzremmighausen.de\/wordpress\/wp-json\/wp\/v2\/users\/46"}],"replies":[{"embeddable":true,"href":"https:\/\/www.tuseichholzremmighausen.de\/wordpress\/wp-json\/wp\/v2\/comments?post=3201"}],"version-history":[{"count":0,"href":"https:\/\/www.tuseichholzremmighausen.de\/wordpress\/wp-json\/wp\/v2\/posts\/3201\/revisions"}],"wp:attachment":[{"href":"https:\/\/www.tuseichholzremmighausen.de\/wordpress\/wp-json\/wp\/v2\/media?parent=3201"}],"wp:term":[{"taxonomy":"category","embeddable":true,"href":"https:\/\/www.tuseichholzremmighausen.de\/wordpress\/wp-json\/wp\/v2\/categories?post=3201"},{"taxonomy":"post_tag","embeddable":true,"href":"https:\/\/www.tuseichholzremmighausen.de\/wordpress\/wp-json\/wp\/v2\/tags?post=3201"}],"curies":[{"name":"wp","href":"https:\/\/api.w.org\/{rel}","templated":true}]}}