{"id":3898,"date":"2012-06-17T10:39:09","date_gmt":"2012-06-17T09:39:09","guid":{"rendered":"http:\/\/www.tuseichholzremmighausen.de\/wordpress\/?p=3898"},"modified":"2020-09-11T20:27:52","modified_gmt":"2020-09-11T18:27:52","slug":"trotz-niederlage-c-jugend-zeigte-beste-saisonleistung","status":"publish","type":"post","link":"https:\/\/www.tuseichholzremmighausen.de\/wordpress\/archives\/3898","title":{"rendered":"Trotz Niederlage: C-Jugend zeigte beste Saisonleistung"},"content":{"rendered":"<p>Die Erfolge der letzten Begegnungen brachten Schwung und Selbstvertrauen in die Werner-Elf.<\/p>\n<figure id=\"attachment_3897\" aria-describedby=\"caption-attachment-3897\" style=\"width: 600px\" class=\"wp-caption alignnone\"><a href=\"https:\/\/i0.wp.com\/www.tuseichholzremmighausen.de\/wordpress\/wp-content\/uploads\/2012\/06\/fb_c-junioren_120616_10.jpg?ssl=1\"><img data-recalc-dims=\"1\" loading=\"lazy\" decoding=\"async\" data-attachment-id=\"3897\" data-permalink=\"https:\/\/www.tuseichholzremmighausen.de\/wordpress\/archives\/3898\/fb_c-junioren_120616_10\" data-orig-file=\"https:\/\/i0.wp.com\/www.tuseichholzremmighausen.de\/wordpress\/wp-content\/uploads\/2012\/06\/fb_c-junioren_120616_10.jpg?fit=600%2C429&amp;ssl=1\" data-orig-size=\"600,429\" data-comments-opened=\"1\" data-image-meta=\"{&quot;aperture&quot;:&quot;3.2&quot;,&quot;credit&quot;:&quot;&quot;,&quot;camera&quot;:&quot;DMC-FZ38&quot;,&quot;caption&quot;:&quot;&quot;,&quot;created_timestamp&quot;:&quot;1339863882&quot;,&quot;copyright&quot;:&quot;&quot;,&quot;focal_length&quot;:&quot;10.1&quot;,&quot;iso&quot;:&quot;320&quot;,&quot;shutter_speed&quot;:&quot;0.002&quot;,&quot;title&quot;:&quot;&quot;,&quot;orientation&quot;:&quot;1&quot;}\" data-image-title=\"fb_c-junioren_120616_10\" data-image-description=\"\" data-image-caption=\"&lt;p&gt;Anthony mit Schwung&lt;\/p&gt;\n\" data-large-file=\"https:\/\/i0.wp.com\/www.tuseichholzremmighausen.de\/wordpress\/wp-content\/uploads\/2012\/06\/fb_c-junioren_120616_10.jpg?fit=600%2C429&amp;ssl=1\" class=\"size-full wp-image-3897\" src=\"https:\/\/i0.wp.com\/www.tuseichholzremmighausen.de\/wordpress\/wp-content\/uploads\/2012\/06\/fb_c-junioren_120616_10.jpg?resize=600%2C429&#038;ssl=1\" alt=\"Anthony mit Schwung\" width=\"600\" height=\"429\" srcset=\"https:\/\/i0.wp.com\/www.tuseichholzremmighausen.de\/wordpress\/wp-content\/uploads\/2012\/06\/fb_c-junioren_120616_10.jpg?w=600&amp;ssl=1 600w, https:\/\/i0.wp.com\/www.tuseichholzremmighausen.de\/wordpress\/wp-content\/uploads\/2012\/06\/fb_c-junioren_120616_10.jpg?resize=300%2C214&amp;ssl=1 300w\" sizes=\"auto, (max-width: 600px) 100vw, 600px\" \/><\/a><figcaption id=\"caption-attachment-3897\" class=\"wp-caption-text\">Anthony mit Schwung<\/figcaption><\/figure>\n<p>Allerdings war dieses Mal der Tabellenf\u00fchrer JSG Elbrinxen-Rischenau zu Gast in Remmighausen. <!--more-->Aus einer sicheren Defensive heraus wollte der TuS auch dem Favoriten aus dem lippischen S\u00fcd-Osten Paroli bieten. Der Einsatz und die Kampfbereitschaft stimmten von Beginn an.<\/p>\n<figure id=\"attachment_3896\" aria-describedby=\"caption-attachment-3896\" style=\"width: 400px\" class=\"wp-caption alignleft\"><a href=\"https:\/\/i0.wp.com\/www.tuseichholzremmighausen.de\/wordpress\/wp-content\/uploads\/2012\/06\/fb_c-junioren_120616_24.jpg?ssl=1\"><img data-recalc-dims=\"1\" loading=\"lazy\" decoding=\"async\" data-attachment-id=\"3896\" data-permalink=\"https:\/\/www.tuseichholzremmighausen.de\/wordpress\/archives\/3898\/fb_c-junioren_120616_24\" data-orig-file=\"https:\/\/i0.wp.com\/www.tuseichholzremmighausen.de\/wordpress\/wp-content\/uploads\/2012\/06\/fb_c-junioren_120616_24.jpg?fit=400%2C591&amp;ssl=1\" data-orig-size=\"400,591\" data-comments-opened=\"1\" data-image-meta=\"{&quot;aperture&quot;:&quot;3.2&quot;,&quot;credit&quot;:&quot;&quot;,&quot;camera&quot;:&quot;DMC-FZ38&quot;,&quot;caption&quot;:&quot;&quot;,&quot;created_timestamp&quot;:&quot;1339866318&quot;,&quot;copyright&quot;:&quot;&quot;,&quot;focal_length&quot;:&quot;8.2&quot;,&quot;iso&quot;:&quot;400&quot;,&quot;shutter_speed&quot;:&quot;0.002&quot;,&quot;title&quot;:&quot;&quot;,&quot;orientation&quot;:&quot;1&quot;}\" data-image-title=\"fb_c-junioren_120616_24\" data-image-description=\"\" data-image-caption=\"&lt;p&gt;Bar\u00fcck konzentriert bei der Ballannahme&lt;\/p&gt;\n\" data-large-file=\"https:\/\/i0.wp.com\/www.tuseichholzremmighausen.de\/wordpress\/wp-content\/uploads\/2012\/06\/fb_c-junioren_120616_24.jpg?fit=400%2C591&amp;ssl=1\" class=\"size-full wp-image-3896 \" src=\"https:\/\/i0.wp.com\/www.tuseichholzremmighausen.de\/wordpress\/wp-content\/uploads\/2012\/06\/fb_c-junioren_120616_24.jpg?resize=400%2C591&#038;ssl=1\" alt=\"Bar\u00fcck konzentriert bei der Ballannahme\" width=\"400\" height=\"591\" srcset=\"https:\/\/i0.wp.com\/www.tuseichholzremmighausen.de\/wordpress\/wp-content\/uploads\/2012\/06\/fb_c-junioren_120616_24.jpg?w=400&amp;ssl=1 400w, https:\/\/i0.wp.com\/www.tuseichholzremmighausen.de\/wordpress\/wp-content\/uploads\/2012\/06\/fb_c-junioren_120616_24.jpg?resize=203%2C300&amp;ssl=1 203w\" sizes=\"auto, (max-width: 400px) 100vw, 400px\" \/><\/a><figcaption id=\"caption-attachment-3896\" class=\"wp-caption-text\">Bar\u00fcck konzentriert bei der Ballannahme<\/figcaption><\/figure>\n<p>Auch die Gegenangriffe hatten gute Qualit\u00e4t und f\u00fchrten zu mehreren Torm\u00f6glichkeiten. Leider machten die G\u00e4ste aus ihren wenigen M\u00f6glichkeiten zwei Tore. Trotz des R\u00fcckstandes zur Pause war der TuS zumindest auf Augenh\u00f6he mit den G\u00e4sten. Auch im zweiten Durchgang stimmte die Moral und der TuS hielt dagegen. Mit den eigenen Angriffen waren die Gr\u00fcnen den G\u00e4sten nun sogar \u00fcberlegen. Gute Torchancen konnten aber leider nicht genutzt werden. Nach einem klasse Angriff erzielte Tobi dann doch den verdienten Anschlusstreffer. Auch ein weiterer Gegentreffer konnte den TuS heute nicht aus der Ruhe bringen. Jan erzielte per Kopfball den erneuten Anschluss. Es schien nur eine Frage der Zeit zu sein, dass der TuS zum Ausgleich kommen w\u00fcrde. Kurz vor dem Ende der Partie erzielten die favorisierten G\u00e4ste mit dem Gl\u00fcck des T\u00fcchtigen dann das 2:4. Nat\u00fcrlich war nun die Entscheidung gefallen. Trotzdem lobten Trainer und Betreuer ihr Team f\u00fcr die beste Saisonleistung. Mit ein wenig mehr Gl\u00fcck im Abschluss w\u00e4re gegen den Meister der Staffel sicher ein Punktgewinn m\u00f6glich und auch verdient gewesen. Das Team um Ralf und Patrick Werner ist sich einig: am kommenden Samstag soll dann die Saison mit einem Sieg beim TSV Detmold abgeschlossen werden.<\/p>\n","protected":false},"excerpt":{"rendered":"<p>Die Erfolge der letzten Begegnungen brachten Schwung und Selbstvertrauen in die Werner-Elf. Allerdings war dieses Mal der Tabellenf\u00fchrer JSG Elbrinxen-Rischenau<\/p>\n","protected":false},"author":16,"featured_media":0,"comment_status":"closed","ping_status":"closed","sticky":false,"template":"","format":"standard","meta":{"colormag_page_container_layout":"default_layout","colormag_page_sidebar_layout":"default_layout","_jetpack_memberships_contains_paid_content":false,"footnotes":"","jetpack_publicize_message":"","jetpack_publicize_feature_enabled":true,"jetpack_social_post_already_shared":false,"jetpack_social_options":{"image_generator_settings":{"template":"highway","default_image_id":0,"font":"","enabled":false},"version":2}},"categories":[157],"tags":[],"class_list":["post-3898","post","type-post","status-publish","format-standard","hentry","category-archiv"],"jetpack_publicize_connections":[],"jetpack_featured_media_url":"","jetpack_sharing_enabled":true,"_links":{"self":[{"href":"https:\/\/www.tuseichholzremmighausen.de\/wordpress\/wp-json\/wp\/v2\/posts\/3898","targetHints":{"allow":["GET"]}}],"collection":[{"href":"https:\/\/www.tuseichholzremmighausen.de\/wordpress\/wp-json\/wp\/v2\/posts"}],"about":[{"href":"https:\/\/www.tuseichholzremmighausen.de\/wordpress\/wp-json\/wp\/v2\/types\/post"}],"author":[{"embeddable":true,"href":"https:\/\/www.tuseichholzremmighausen.de\/wordpress\/wp-json\/wp\/v2\/users\/16"}],"replies":[{"embeddable":true,"href":"https:\/\/www.tuseichholzremmighausen.de\/wordpress\/wp-json\/wp\/v2\/comments?post=3898"}],"version-history":[{"count":0,"href":"https:\/\/www.tuseichholzremmighausen.de\/wordpress\/wp-json\/wp\/v2\/posts\/3898\/revisions"}],"wp:attachment":[{"href":"https:\/\/www.tuseichholzremmighausen.de\/wordpress\/wp-json\/wp\/v2\/media?parent=3898"}],"wp:term":[{"taxonomy":"category","embeddable":true,"href":"https:\/\/www.tuseichholzremmighausen.de\/wordpress\/wp-json\/wp\/v2\/categories?post=3898"},{"taxonomy":"post_tag","embeddable":true,"href":"https:\/\/www.tuseichholzremmighausen.de\/wordpress\/wp-json\/wp\/v2\/tags?post=3898"}],"curies":[{"name":"wp","href":"https:\/\/api.w.org\/{rel}","templated":true}]}}