{"id":4125,"date":"2012-09-08T22:37:52","date_gmt":"2012-09-08T21:37:52","guid":{"rendered":"http:\/\/www.tuseichholzremmighausen.de\/wordpress\/?p=4125"},"modified":"2020-09-11T20:27:51","modified_gmt":"2020-09-11T18:27:51","slug":"abschlussfahrt-der-ah-radler","status":"publish","type":"post","link":"https:\/\/www.tuseichholzremmighausen.de\/wordpress\/archives\/4125","title":{"rendered":"Abschlussfahrt der AH-Radler"},"content":{"rendered":"<p>Wie jedes Jahr radeln die AH-Radler, nachdem sie sich jeweils Mittwochs in den Sommerferien die n\u00f6tige Kondition angeeignet haben, zum Abschluss eine Tagestour. Diesmal sah die ausgew\u00e4hlte Tour (etwa 90 km) wie folgt aus:<\/p>\n<p><figure id=\"attachment_4126\" aria-describedby=\"caption-attachment-4126\" style=\"width: 600px\" class=\"wp-caption alignleft\"><a href=\"https:\/\/i0.wp.com\/www.tuseichholzremmighausen.de\/wordpress\/wp-content\/uploads\/2012\/09\/fb_ah_radtour_1209_01.jpg?ssl=1\"><img data-recalc-dims=\"1\" loading=\"lazy\" decoding=\"async\" data-attachment-id=\"4126\" data-permalink=\"https:\/\/www.tuseichholzremmighausen.de\/wordpress\/archives\/4125\/fb_ah_radtour_1209_01\" data-orig-file=\"https:\/\/i0.wp.com\/www.tuseichholzremmighausen.de\/wordpress\/wp-content\/uploads\/2012\/09\/fb_ah_radtour_1209_01.jpg?fit=600%2C350&amp;ssl=1\" data-orig-size=\"600,350\" data-comments-opened=\"1\" data-image-meta=\"{&quot;aperture&quot;:&quot;0&quot;,&quot;credit&quot;:&quot;&quot;,&quot;camera&quot;:&quot;&quot;,&quot;caption&quot;:&quot;&quot;,&quot;created_timestamp&quot;:&quot;0&quot;,&quot;copyright&quot;:&quot;&quot;,&quot;focal_length&quot;:&quot;0&quot;,&quot;iso&quot;:&quot;0&quot;,&quot;shutter_speed&quot;:&quot;0&quot;,&quot;title&quot;:&quot;&quot;,&quot;orientation&quot;:&quot;0&quot;}\" data-image-title=\"fb_ah_radtour_1209_01\" data-image-description=\"\" data-image-caption=\"&lt;p&gt;Karte: \u00a9 Landesvermessungsamt NRW&lt;\/p&gt;\n\" data-large-file=\"https:\/\/i0.wp.com\/www.tuseichholzremmighausen.de\/wordpress\/wp-content\/uploads\/2012\/09\/fb_ah_radtour_1209_01.jpg?fit=600%2C350&amp;ssl=1\" class=\"size-full wp-image-4126\" title=\"fb_ah_radtour_1209_01\" src=\"https:\/\/i0.wp.com\/www.tuseichholzremmighausen.de\/wordpress\/wp-content\/uploads\/2012\/09\/fb_ah_radtour_1209_01.jpg?resize=600%2C350&#038;ssl=1\" alt=\"Karte: \u00a9 Landesvermessungsamt NRW\" width=\"600\" height=\"350\" srcset=\"https:\/\/i0.wp.com\/www.tuseichholzremmighausen.de\/wordpress\/wp-content\/uploads\/2012\/09\/fb_ah_radtour_1209_01.jpg?w=600&amp;ssl=1 600w, https:\/\/i0.wp.com\/www.tuseichholzremmighausen.de\/wordpress\/wp-content\/uploads\/2012\/09\/fb_ah_radtour_1209_01.jpg?resize=300%2C175&amp;ssl=1 300w\" sizes=\"auto, (max-width: 600px) 100vw, 600px\" \/><\/a><figcaption id=\"caption-attachment-4126\" class=\"wp-caption-text\">Karte: \u00a9 Landesvermessungsamt NRW<\/figcaption><\/figure> <!--more--><\/p>\n<p>Wir radelten von G\u00fctersloh \u00fcber den R1 zum Emsradweg und folgten diesem dann bis H\u00f6velhof, von dort ging es \u00fcber die Paderborner Landroute bis zum Bahnhof. Dabei passierten wir einige sch\u00f6ne St\u00e4dte, Naturschutzgebiete und Seen, sowie etwa 20 Flussl\u00e4ufe (die alle den Ursprung im Teutoburger Wald haben) und Kan\u00e4le. Im Einzelnen sah das wie folgt aus, wobei die Pausen etwas kleiner ausfielen, weil wir den einen oder anderen Schlenker gemacht haben:<\/p>\n<p>&#8211; Abfahrt Remmighausen ca. 8:00 Uhr<br \/>\n&#8211; km 03 &#8211; Ankunft Detmold Bhf ca. 8:20 Uhr<br \/>\n&#8211; Abfahrt Detmold Bhf um 8:40 Uhr &#8211; Zugfahrt 50min<br \/>\n&#8211; Ankunft G\u00fctersloh Hbf &#8211; 9:30 Uhr<br \/>\n&#8211; Start am Bahnhof ca. 9:45 Uhr<br \/>\n&#8211; km 16 &#8211; ca. 10:25 Uhr &#8211; Rheda<br \/>\n&#8211; km 20 &#8211; ca. 10:35 Uhr &#8211; Wiedenbr\u00fcck<br \/>\n&#8211; km 30 &#8211; ca. 11:10 Uhr &#8211; Rietberg &gt; kleine Pause ca. 30 Minuten<br \/>\n&#8211; ab Rietberg ca. 11:40 Uhr<br \/>\n&#8211; km 48 &#8211; ca. 12:30 &#8211; Steinhorster Becken &gt; Mittagspause ca. 60 Minuten<br \/>\n&#8211; ab Steinhorster Becken ca. 13:30 Uhr<br \/>\n&#8211; km 60 &#8211; ca. 14:10 &#8211; H\u00f6velhof<br \/>\n&#8211; km 74 &#8211; ca. 14:45 &#8211; Lippesee &gt; kleine Pause ca. 30 Minuten<br \/>\n&#8211; ab Lippesee ca. 15:15 Uhr<br \/>\n&#8211; km 80 &#8211; ca. 15:30 Uhr &#8211; Padersee<br \/>\n&#8211; km 84 &#8211; ca. 15:45 Uhr &#8211; Hbf. Paderborn<br \/>\n&#8211; Abfahrt Paderborn Hbf &#8211; 16:21 Uhr &#8211; Zugfahrt 31 min<br \/>\n&#8211; Ankunft Horn &#8211; Bad Meinberg &#8211; 16:52 Uhr<br \/>\n&#8211; Start am Bahnhof ca. 17:00 Uhr<br \/>\n&#8211; km 90 &#8211; ca. 17:20 Uhr &#8211; Remmighausen Sportplatz<br \/>\n&#8211; das waren insgesamt nur 125 H\u00f6henmeter (!)<br \/>\n&#8211; bei gemessener (reinen) Radelzeit von etwas \u00fcber 5 Stunden  <\/p>\n<p>Nach diesen wundersch\u00f6nen\u00a0 90 km lie\u00dfen wir den Samstag bei Traumwetter\u00a0mit einem Bier und einer kleinen St\u00e4rkung ausklingen!<\/p>\n<figure id=\"attachment_4127\" aria-describedby=\"caption-attachment-4127\" style=\"width: 600px\" class=\"wp-caption alignleft\"><a href=\"https:\/\/i0.wp.com\/www.tuseichholzremmighausen.de\/wordpress\/wp-content\/uploads\/2012\/09\/fb_ah_radtour_1209_02.jpg?ssl=1\"><img data-recalc-dims=\"1\" loading=\"lazy\" decoding=\"async\" data-attachment-id=\"4127\" data-permalink=\"https:\/\/www.tuseichholzremmighausen.de\/wordpress\/archives\/4125\/fb_ah_radtour_1209_02\" data-orig-file=\"https:\/\/i0.wp.com\/www.tuseichholzremmighausen.de\/wordpress\/wp-content\/uploads\/2012\/09\/fb_ah_radtour_1209_02.jpg?fit=600%2C306&amp;ssl=1\" data-orig-size=\"600,306\" data-comments-opened=\"1\" data-image-meta=\"{&quot;aperture&quot;:&quot;3.1&quot;,&quot;credit&quot;:&quot;&quot;,&quot;camera&quot;:&quot;COOLPIX L20&quot;,&quot;caption&quot;:&quot;&quot;,&quot;created_timestamp&quot;:&quot;1347124722&quot;,&quot;copyright&quot;:&quot;&quot;,&quot;focal_length&quot;:&quot;6.72&quot;,&quot;iso&quot;:&quot;95&quot;,&quot;shutter_speed&quot;:&quot;0.016666666666667&quot;,&quot;title&quot;:&quot;&quot;,&quot;orientation&quot;:&quot;1&quot;}\" data-image-title=\"fb_ah_radtour_1209_02\" data-image-description=\"\" data-image-caption=\"&lt;p&gt;Tourf\u00fchrer Dietmar &amp;#8211; Sieghard &amp;#8211; Hans &amp;#8211; Ehrengast Zillie &amp;#8211; Horst &amp;#8211; Jochen&lt;\/p&gt;\n\" data-large-file=\"https:\/\/i0.wp.com\/www.tuseichholzremmighausen.de\/wordpress\/wp-content\/uploads\/2012\/09\/fb_ah_radtour_1209_02.jpg?fit=600%2C306&amp;ssl=1\" class=\"size-full wp-image-4127\" title=\"fb_ah_radtour_1209_02\" src=\"https:\/\/i0.wp.com\/www.tuseichholzremmighausen.de\/wordpress\/wp-content\/uploads\/2012\/09\/fb_ah_radtour_1209_02.jpg?resize=600%2C306&#038;ssl=1\" alt=\"Tourf\u00fchrer Dietmar - Sieghard - Hans - Ehrengast Zillie - Horst - Jochen\" width=\"600\" height=\"306\" srcset=\"https:\/\/i0.wp.com\/www.tuseichholzremmighausen.de\/wordpress\/wp-content\/uploads\/2012\/09\/fb_ah_radtour_1209_02.jpg?w=600&amp;ssl=1 600w, https:\/\/i0.wp.com\/www.tuseichholzremmighausen.de\/wordpress\/wp-content\/uploads\/2012\/09\/fb_ah_radtour_1209_02.jpg?resize=300%2C153&amp;ssl=1 300w\" sizes=\"auto, (max-width: 600px) 100vw, 600px\" \/><\/a><figcaption id=\"caption-attachment-4127\" class=\"wp-caption-text\">Tourf\u00fchrer Dietmar &#8211; Sieghard &#8211; Hans &#8211; Ehrengast Zillie &#8211; Horst &#8211; Jochen<\/figcaption><\/figure>\n","protected":false},"excerpt":{"rendered":"<p>Wie jedes Jahr radeln die AH-Radler, nachdem sie sich jeweils Mittwochs in den Sommerferien die n\u00f6tige Kondition angeeignet haben, zum<\/p>\n","protected":false},"author":2,"featured_media":0,"comment_status":"closed","ping_status":"closed","sticky":false,"template":"","format":"standard","meta":{"colormag_page_container_layout":"default_layout","colormag_page_sidebar_layout":"default_layout","_jetpack_memberships_contains_paid_content":false,"footnotes":"","jetpack_publicize_message":"","jetpack_publicize_feature_enabled":true,"jetpack_social_post_already_shared":false,"jetpack_social_options":{"image_generator_settings":{"template":"highway","default_image_id":0,"font":"","enabled":false},"version":2}},"categories":[157],"tags":[],"class_list":["post-4125","post","type-post","status-publish","format-standard","hentry","category-archiv"],"jetpack_publicize_connections":[],"jetpack_featured_media_url":"","jetpack_sharing_enabled":true,"_links":{"self":[{"href":"https:\/\/www.tuseichholzremmighausen.de\/wordpress\/wp-json\/wp\/v2\/posts\/4125","targetHints":{"allow":["GET"]}}],"collection":[{"href":"https:\/\/www.tuseichholzremmighausen.de\/wordpress\/wp-json\/wp\/v2\/posts"}],"about":[{"href":"https:\/\/www.tuseichholzremmighausen.de\/wordpress\/wp-json\/wp\/v2\/types\/post"}],"author":[{"embeddable":true,"href":"https:\/\/www.tuseichholzremmighausen.de\/wordpress\/wp-json\/wp\/v2\/users\/2"}],"replies":[{"embeddable":true,"href":"https:\/\/www.tuseichholzremmighausen.de\/wordpress\/wp-json\/wp\/v2\/comments?post=4125"}],"version-history":[{"count":0,"href":"https:\/\/www.tuseichholzremmighausen.de\/wordpress\/wp-json\/wp\/v2\/posts\/4125\/revisions"}],"wp:attachment":[{"href":"https:\/\/www.tuseichholzremmighausen.de\/wordpress\/wp-json\/wp\/v2\/media?parent=4125"}],"wp:term":[{"taxonomy":"category","embeddable":true,"href":"https:\/\/www.tuseichholzremmighausen.de\/wordpress\/wp-json\/wp\/v2\/categories?post=4125"},{"taxonomy":"post_tag","embeddable":true,"href":"https:\/\/www.tuseichholzremmighausen.de\/wordpress\/wp-json\/wp\/v2\/tags?post=4125"}],"curies":[{"name":"wp","href":"https:\/\/api.w.org\/{rel}","templated":true}]}}