{"id":4139,"date":"2012-09-09T12:08:30","date_gmt":"2012-09-09T11:08:30","guid":{"rendered":"http:\/\/www.tuseichholzremmighausen.de\/wordpress\/?p=4139"},"modified":"2020-09-11T20:27:51","modified_gmt":"2020-09-11T18:27:51","slug":"13-treffer-beim-kantersieg-im-ersten-heimspiel-der-b-jugend","status":"publish","type":"post","link":"https:\/\/www.tuseichholzremmighausen.de\/wordpress\/archives\/4139","title":{"rendered":"13 Treffer beim Kantersieg im ersten Heimspiel der B-Jugend"},"content":{"rendered":"<figure id=\"attachment_4137\" aria-describedby=\"caption-attachment-4137\" style=\"width: 600px\" class=\"wp-caption alignnone\"><a href=\"https:\/\/i0.wp.com\/www.tuseichholzremmighausen.de\/wordpress\/wp-content\/uploads\/2012\/09\/fb_b-junioren_120909_33.jpg?ssl=1\"><img data-recalc-dims=\"1\" loading=\"lazy\" decoding=\"async\" data-attachment-id=\"4137\" data-permalink=\"https:\/\/www.tuseichholzremmighausen.de\/wordpress\/archives\/4139\/fb_b-junioren_120909_33\" data-orig-file=\"https:\/\/i0.wp.com\/www.tuseichholzremmighausen.de\/wordpress\/wp-content\/uploads\/2012\/09\/fb_b-junioren_120909_33.jpg?fit=600%2C303&amp;ssl=1\" data-orig-size=\"600,303\" data-comments-opened=\"1\" data-image-meta=\"{&quot;aperture&quot;:&quot;3.2&quot;,&quot;credit&quot;:&quot;&quot;,&quot;camera&quot;:&quot;DMC-FZ38&quot;,&quot;caption&quot;:&quot;&quot;,&quot;created_timestamp&quot;:&quot;1347188736&quot;,&quot;copyright&quot;:&quot;&quot;,&quot;focal_length&quot;:&quot;10.4&quot;,&quot;iso&quot;:&quot;125&quot;,&quot;shutter_speed&quot;:&quot;0.002&quot;,&quot;title&quot;:&quot;&quot;,&quot;orientation&quot;:&quot;1&quot;}\" data-image-title=\"fb_b-junioren_120909_33\" data-image-description=\"\" data-image-caption=\"&lt;p&gt;Gr\u00fcn-Wei\u00dfe dominieren die meisten Zweik\u00e4mpfe&lt;\/p&gt;\n\" data-large-file=\"https:\/\/i0.wp.com\/www.tuseichholzremmighausen.de\/wordpress\/wp-content\/uploads\/2012\/09\/fb_b-junioren_120909_33.jpg?fit=600%2C303&amp;ssl=1\" class=\"size-full wp-image-4137\" title=\"fb_b-junioren_120909_33\" src=\"https:\/\/i0.wp.com\/www.tuseichholzremmighausen.de\/wordpress\/wp-content\/uploads\/2012\/09\/fb_b-junioren_120909_33.jpg?resize=600%2C303&#038;ssl=1\" alt=\"Gr\u00fcn-Wei\u00dfe dominieren die meisten Zweik\u00e4mpfe\" width=\"600\" height=\"303\" srcset=\"https:\/\/i0.wp.com\/www.tuseichholzremmighausen.de\/wordpress\/wp-content\/uploads\/2012\/09\/fb_b-junioren_120909_33.jpg?w=600&amp;ssl=1 600w, https:\/\/i0.wp.com\/www.tuseichholzremmighausen.de\/wordpress\/wp-content\/uploads\/2012\/09\/fb_b-junioren_120909_33.jpg?resize=300%2C151&amp;ssl=1 300w\" sizes=\"auto, (max-width: 600px) 100vw, 600px\" \/><\/a><figcaption id=\"caption-attachment-4137\" class=\"wp-caption-text\">Gr\u00fcn-Wei\u00dfe dominieren die meisten Zweik\u00e4mpfe<\/figcaption><\/figure>\n<p>Zur Heimspielpremiere der B-Jugend reiste die Zweite des TuS Horn Bad Meinberg nur mit 10 Aktiven an. Der TuS konnte aus dem Vollen sch\u00f6pfen.<!--more--><\/p>\n<figure id=\"attachment_4138\" aria-describedby=\"caption-attachment-4138\" style=\"width: 600px\" class=\"wp-caption alignnone\"><a href=\"https:\/\/i0.wp.com\/www.tuseichholzremmighausen.de\/wordpress\/wp-content\/uploads\/2012\/09\/fb_b-junioren_120909_36.jpg?ssl=1\"><img data-recalc-dims=\"1\" loading=\"lazy\" decoding=\"async\" data-attachment-id=\"4138\" data-permalink=\"https:\/\/www.tuseichholzremmighausen.de\/wordpress\/archives\/4139\/fb_b-junioren_120909_36\" data-orig-file=\"https:\/\/i0.wp.com\/www.tuseichholzremmighausen.de\/wordpress\/wp-content\/uploads\/2012\/09\/fb_b-junioren_120909_36.jpg?fit=600%2C208&amp;ssl=1\" data-orig-size=\"600,208\" data-comments-opened=\"1\" data-image-meta=\"{&quot;aperture&quot;:&quot;3.4&quot;,&quot;credit&quot;:&quot;&quot;,&quot;camera&quot;:&quot;DMC-FZ38&quot;,&quot;caption&quot;:&quot;&quot;,&quot;created_timestamp&quot;:&quot;1347188822&quot;,&quot;copyright&quot;:&quot;&quot;,&quot;focal_length&quot;:&quot;11.9&quot;,&quot;iso&quot;:&quot;160&quot;,&quot;shutter_speed&quot;:&quot;0.002&quot;,&quot;title&quot;:&quot;&quot;,&quot;orientation&quot;:&quot;1&quot;}\" data-image-title=\"fb_b-junioren_120909_36\" data-image-description=\"\" data-image-caption=\"&lt;p&gt;Jan-Philipp mit sch\u00f6nem Kopfball nach einer Ecke&lt;\/p&gt;\n\" data-large-file=\"https:\/\/i0.wp.com\/www.tuseichholzremmighausen.de\/wordpress\/wp-content\/uploads\/2012\/09\/fb_b-junioren_120909_36.jpg?fit=600%2C208&amp;ssl=1\" class=\"size-full wp-image-4138\" title=\"fb_b-junioren_120909_36\" src=\"https:\/\/i0.wp.com\/www.tuseichholzremmighausen.de\/wordpress\/wp-content\/uploads\/2012\/09\/fb_b-junioren_120909_36.jpg?resize=600%2C208&#038;ssl=1\" alt=\"Jan-Philipp mit sch\u00f6nem Kopfball nach einer Ecke\" width=\"600\" height=\"208\" srcset=\"https:\/\/i0.wp.com\/www.tuseichholzremmighausen.de\/wordpress\/wp-content\/uploads\/2012\/09\/fb_b-junioren_120909_36.jpg?w=600&amp;ssl=1 600w, https:\/\/i0.wp.com\/www.tuseichholzremmighausen.de\/wordpress\/wp-content\/uploads\/2012\/09\/fb_b-junioren_120909_36.jpg?resize=300%2C104&amp;ssl=1 300w\" sizes=\"auto, (max-width: 600px) 100vw, 600px\" \/><\/a><figcaption id=\"caption-attachment-4138\" class=\"wp-caption-text\">Jan-Philipp mit sch\u00f6nem Kopfball nach einer Ecke<\/figcaption><\/figure>\n<p>Bei herrlichem Wetter gab der TuS von Beginn an das Tempo und auch die Richtung vor. Es entwickelte sich ein Spiel auf ein Tor. Es war nur eine Frage der Zeit, wann der erste Ball im Netz der G\u00e4ste landete. Zur Pause hie\u00df es bereits 5:0. Die G\u00e4ste in Unterzahl hatten keinerlei M\u00f6glichkeiten eine Wende herbeizuf\u00fchren. Auch im zweiten Durchgang fielen die Tore fast im Minutentakt.<\/p>\n<figure id=\"attachment_4136\" aria-describedby=\"caption-attachment-4136\" style=\"width: 600px\" class=\"wp-caption alignnone\"><a href=\"https:\/\/i0.wp.com\/www.tuseichholzremmighausen.de\/wordpress\/wp-content\/uploads\/2012\/09\/fb_b-junioren_120909_71.jpg?ssl=1\"><img data-recalc-dims=\"1\" loading=\"lazy\" decoding=\"async\" data-attachment-id=\"4136\" data-permalink=\"https:\/\/www.tuseichholzremmighausen.de\/wordpress\/archives\/4139\/fb_b-junioren_120909_71\" data-orig-file=\"https:\/\/i0.wp.com\/www.tuseichholzremmighausen.de\/wordpress\/wp-content\/uploads\/2012\/09\/fb_b-junioren_120909_71.jpg?fit=600%2C303&amp;ssl=1\" data-orig-size=\"600,303\" data-comments-opened=\"1\" data-image-meta=\"{&quot;aperture&quot;:&quot;3.2&quot;,&quot;credit&quot;:&quot;&quot;,&quot;camera&quot;:&quot;DMC-FZ38&quot;,&quot;caption&quot;:&quot;&quot;,&quot;created_timestamp&quot;:&quot;1347192230&quot;,&quot;copyright&quot;:&quot;&quot;,&quot;focal_length&quot;:&quot;9.2&quot;,&quot;iso&quot;:&quot;160&quot;,&quot;shutter_speed&quot;:&quot;0.001&quot;,&quot;title&quot;:&quot;&quot;,&quot;orientation&quot;:&quot;1&quot;}\" data-image-title=\"fb_b-junioren_120909_71\" data-image-description=\"\" data-image-caption=\"&lt;p&gt;Viel Platz auch noch am 16er der G\u00e4ste&lt;\/p&gt;\n\" data-large-file=\"https:\/\/i0.wp.com\/www.tuseichholzremmighausen.de\/wordpress\/wp-content\/uploads\/2012\/09\/fb_b-junioren_120909_71.jpg?fit=600%2C303&amp;ssl=1\" class=\"size-full wp-image-4136\" title=\"fb_b-junioren_120909_71\" src=\"https:\/\/i0.wp.com\/www.tuseichholzremmighausen.de\/wordpress\/wp-content\/uploads\/2012\/09\/fb_b-junioren_120909_71.jpg?resize=600%2C303&#038;ssl=1\" alt=\"Viel Platz auch noch am 16er der G\u00e4ste\" width=\"600\" height=\"303\" srcset=\"https:\/\/i0.wp.com\/www.tuseichholzremmighausen.de\/wordpress\/wp-content\/uploads\/2012\/09\/fb_b-junioren_120909_71.jpg?w=600&amp;ssl=1 600w, https:\/\/i0.wp.com\/www.tuseichholzremmighausen.de\/wordpress\/wp-content\/uploads\/2012\/09\/fb_b-junioren_120909_71.jpg?resize=300%2C151&amp;ssl=1 300w\" sizes=\"auto, (max-width: 600px) 100vw, 600px\" \/><\/a><figcaption id=\"caption-attachment-4136\" class=\"wp-caption-text\">Viel Platz auch noch am 16er der G\u00e4ste<\/figcaption><\/figure>\n<p>Am Ende konnte der TuS ein 13:0 f\u00fcr sich verbuchen. Mit zwei Siegen aus den ersten Spielen im R\u00fccken reist der TuS am kommenden Sonntag nach L\u00fcgde. Dort werden sicher andere Anforderungen an das Team von Udo Kaiser gestellt werden.<\/p>\n","protected":false},"excerpt":{"rendered":"<p>Zur Heimspielpremiere der B-Jugend reiste die Zweite des TuS Horn Bad Meinberg nur mit 10 Aktiven an. Der TuS konnte<\/p>\n","protected":false},"author":16,"featured_media":0,"comment_status":"closed","ping_status":"closed","sticky":false,"template":"","format":"standard","meta":{"colormag_page_container_layout":"default_layout","colormag_page_sidebar_layout":"default_layout","_jetpack_memberships_contains_paid_content":false,"footnotes":"","jetpack_publicize_message":"","jetpack_publicize_feature_enabled":true,"jetpack_social_post_already_shared":false,"jetpack_social_options":{"image_generator_settings":{"template":"highway","default_image_id":0,"font":"","enabled":false},"version":2}},"categories":[157],"tags":[],"class_list":["post-4139","post","type-post","status-publish","format-standard","hentry","category-archiv"],"jetpack_publicize_connections":[],"jetpack_featured_media_url":"","jetpack_sharing_enabled":true,"_links":{"self":[{"href":"https:\/\/www.tuseichholzremmighausen.de\/wordpress\/wp-json\/wp\/v2\/posts\/4139","targetHints":{"allow":["GET"]}}],"collection":[{"href":"https:\/\/www.tuseichholzremmighausen.de\/wordpress\/wp-json\/wp\/v2\/posts"}],"about":[{"href":"https:\/\/www.tuseichholzremmighausen.de\/wordpress\/wp-json\/wp\/v2\/types\/post"}],"author":[{"embeddable":true,"href":"https:\/\/www.tuseichholzremmighausen.de\/wordpress\/wp-json\/wp\/v2\/users\/16"}],"replies":[{"embeddable":true,"href":"https:\/\/www.tuseichholzremmighausen.de\/wordpress\/wp-json\/wp\/v2\/comments?post=4139"}],"version-history":[{"count":0,"href":"https:\/\/www.tuseichholzremmighausen.de\/wordpress\/wp-json\/wp\/v2\/posts\/4139\/revisions"}],"wp:attachment":[{"href":"https:\/\/www.tuseichholzremmighausen.de\/wordpress\/wp-json\/wp\/v2\/media?parent=4139"}],"wp:term":[{"taxonomy":"category","embeddable":true,"href":"https:\/\/www.tuseichholzremmighausen.de\/wordpress\/wp-json\/wp\/v2\/categories?post=4139"},{"taxonomy":"post_tag","embeddable":true,"href":"https:\/\/www.tuseichholzremmighausen.de\/wordpress\/wp-json\/wp\/v2\/tags?post=4139"}],"curies":[{"name":"wp","href":"https:\/\/api.w.org\/{rel}","templated":true}]}}