{"id":4325,"date":"2012-10-02T23:46:11","date_gmt":"2012-10-02T22:46:11","guid":{"rendered":"http:\/\/www.tuseichholzremmighausen.de\/wordpress\/?p=4325"},"modified":"2020-09-11T20:27:50","modified_gmt":"2020-09-11T18:27:50","slug":"u60-lipper-hochalpin","status":"publish","type":"post","link":"https:\/\/www.tuseichholzremmighausen.de\/wordpress\/archives\/4325","title":{"rendered":"\u00fc60 Lipper hochalpin"},"content":{"rendered":"<p><strong>Das TuS AH Mitglied Erwin Linnebr\u00fcgge und 3 Begleiter &#8222;wandern&#8220; im \u00d6tztal.<\/strong><\/p>\n<figure id=\"attachment_4326\" aria-describedby=\"caption-attachment-4326\" style=\"width: 600px\" class=\"wp-caption alignleft\"><a href=\"https:\/\/i0.wp.com\/www.tuseichholzremmighausen.de\/wordpress\/wp-content\/uploads\/2012\/10\/fb_ah_erwin_1208_01.jpg?ssl=1\"><img data-recalc-dims=\"1\" loading=\"lazy\" decoding=\"async\" data-attachment-id=\"4326\" data-permalink=\"https:\/\/www.tuseichholzremmighausen.de\/wordpress\/archives\/4325\/fb_ah_erwin_1208_01\" data-orig-file=\"https:\/\/i0.wp.com\/www.tuseichholzremmighausen.de\/wordpress\/wp-content\/uploads\/2012\/10\/fb_ah_erwin_1208_01.jpg?fit=600%2C450&amp;ssl=1\" data-orig-size=\"600,450\" data-comments-opened=\"1\" data-image-meta=\"{&quot;aperture&quot;:&quot;0&quot;,&quot;credit&quot;:&quot;&quot;,&quot;camera&quot;:&quot;&quot;,&quot;caption&quot;:&quot;&quot;,&quot;created_timestamp&quot;:&quot;0&quot;,&quot;copyright&quot;:&quot;&quot;,&quot;focal_length&quot;:&quot;0&quot;,&quot;iso&quot;:&quot;0&quot;,&quot;shutter_speed&quot;:&quot;0&quot;,&quot;title&quot;:&quot;&quot;,&quot;orientation&quot;:&quot;1&quot;}\" data-image-title=\"fb_ah_erwin_1208_01\" data-image-description=\"\" data-image-caption=\"&lt;p&gt;4 Oldies aus dem Lippischen&lt;\/p&gt;\n\" data-large-file=\"https:\/\/i0.wp.com\/www.tuseichholzremmighausen.de\/wordpress\/wp-content\/uploads\/2012\/10\/fb_ah_erwin_1208_01.jpg?fit=600%2C450&amp;ssl=1\" class=\" wp-image-4326 \" title=\"fb_ah_erwin_1208_01\" src=\"https:\/\/i0.wp.com\/www.tuseichholzremmighausen.de\/wordpress\/wp-content\/uploads\/2012\/10\/fb_ah_erwin_1208_01.jpg?resize=600%2C450&#038;ssl=1\" alt=\"4 Oldies aus dem Lippischen\" width=\"600\" height=\"450\" srcset=\"https:\/\/i0.wp.com\/www.tuseichholzremmighausen.de\/wordpress\/wp-content\/uploads\/2012\/10\/fb_ah_erwin_1208_01.jpg?w=600&amp;ssl=1 600w, https:\/\/i0.wp.com\/www.tuseichholzremmighausen.de\/wordpress\/wp-content\/uploads\/2012\/10\/fb_ah_erwin_1208_01.jpg?resize=300%2C225&amp;ssl=1 300w\" sizes=\"auto, (max-width: 600px) 100vw, 600px\" \/><\/a><figcaption id=\"caption-attachment-4326\" class=\"wp-caption-text\">Gotthard Riml &#8211; Reiseleitung und Reisef\u00fchrung<br \/>Karl-Ernst Albert &#8211; Alterspr\u00e4sident<br \/>Erwin Linnebr\u00fcgge &#8211; Marketender und Sportinformationsdienst<br \/>Fritz Trachte &#8211; PR Kassen- und Blockwart<\/figcaption><\/figure>\n<p>Nachdem die 4 Oldies aus dem &#8222;Lippischen&#8220; im Vorjahr den &#8222;Meraner H\u00f6henweg&#8220; absolviert hatten, war man in diesem Jahr nach ca. 720 km Autofahrt im hochalpinen &#8222;Tiroler \u00d6tztal&#8220; unterwegs. Das Wetter: Gut &#8211; Regen &#8211; Wind &#8211; Schneefall. <!--more--><\/p>\n<figure id=\"attachment_4327\" aria-describedby=\"caption-attachment-4327\" style=\"width: 600px\" class=\"wp-caption alignleft\"><a href=\"https:\/\/i0.wp.com\/www.tuseichholzremmighausen.de\/wordpress\/wp-content\/uploads\/2012\/10\/fb_ah_erwin_1208_02.jpg?ssl=1\"><img data-recalc-dims=\"1\" loading=\"lazy\" decoding=\"async\" data-attachment-id=\"4327\" data-permalink=\"https:\/\/www.tuseichholzremmighausen.de\/wordpress\/archives\/4325\/fb_ah_erwin_1208_02\" data-orig-file=\"https:\/\/i0.wp.com\/www.tuseichholzremmighausen.de\/wordpress\/wp-content\/uploads\/2012\/10\/fb_ah_erwin_1208_02.jpg?fit=600%2C400&amp;ssl=1\" data-orig-size=\"600,400\" data-comments-opened=\"1\" data-image-meta=\"{&quot;aperture&quot;:&quot;0&quot;,&quot;credit&quot;:&quot;&quot;,&quot;camera&quot;:&quot;&quot;,&quot;caption&quot;:&quot;&quot;,&quot;created_timestamp&quot;:&quot;0&quot;,&quot;copyright&quot;:&quot;&quot;,&quot;focal_length&quot;:&quot;0&quot;,&quot;iso&quot;:&quot;0&quot;,&quot;shutter_speed&quot;:&quot;0&quot;,&quot;title&quot;:&quot;&quot;,&quot;orientation&quot;:&quot;1&quot;}\" data-image-title=\"fb_ah_erwin_1208_02\" data-image-description=\"\" data-image-caption=\"&lt;p&gt;Der Weg ist das Ziel!&lt;\/p&gt;\n\" data-large-file=\"https:\/\/i0.wp.com\/www.tuseichholzremmighausen.de\/wordpress\/wp-content\/uploads\/2012\/10\/fb_ah_erwin_1208_02.jpg?fit=600%2C400&amp;ssl=1\" class=\"size-full wp-image-4327\" title=\"fb_ah_erwin_1208_02\" src=\"https:\/\/i0.wp.com\/www.tuseichholzremmighausen.de\/wordpress\/wp-content\/uploads\/2012\/10\/fb_ah_erwin_1208_02.jpg?resize=600%2C400&#038;ssl=1\" alt=\"Der Weg ist das Ziel!\" width=\"600\" height=\"400\" srcset=\"https:\/\/i0.wp.com\/www.tuseichholzremmighausen.de\/wordpress\/wp-content\/uploads\/2012\/10\/fb_ah_erwin_1208_02.jpg?w=600&amp;ssl=1 600w, https:\/\/i0.wp.com\/www.tuseichholzremmighausen.de\/wordpress\/wp-content\/uploads\/2012\/10\/fb_ah_erwin_1208_02.jpg?resize=300%2C200&amp;ssl=1 300w\" sizes=\"auto, (max-width: 600px) 100vw, 600px\" \/><\/a><figcaption id=\"caption-attachment-4327\" class=\"wp-caption-text\">Der Weg ist das Ziel!<\/figcaption><\/figure>\n<p>Dank eines sehr guten erfahrenen Wanderf\u00fchrers standen Tiefenbach- und Rettenbachferner (Gletscher) auf dem Programm. Hier liefen die Vorbereitungen auf das erste Damenskirennen auf Hochtouren. Ferner das Bergsteigerdorf Vent, der 3240 m hohe Gaislachkogel und die Breslauer H\u00fctte mit 2844 m. Hinzu kamen Vernagth\u00fctte mit Blick aufs Similaun (\u00d6tzi-Fundstelle), Rotmoosgletscher und Gampealm.<\/p>\n<figure id=\"attachment_4328\" aria-describedby=\"caption-attachment-4328\" style=\"width: 600px\" class=\"wp-caption alignleft\"><a href=\"https:\/\/i0.wp.com\/www.tuseichholzremmighausen.de\/wordpress\/wp-content\/uploads\/2012\/10\/fb_ah_erwin_1208_03.jpg?ssl=1\"><img data-recalc-dims=\"1\" loading=\"lazy\" decoding=\"async\" data-attachment-id=\"4328\" data-permalink=\"https:\/\/www.tuseichholzremmighausen.de\/wordpress\/archives\/4325\/fb_ah_erwin_1208_03\" data-orig-file=\"https:\/\/i0.wp.com\/www.tuseichholzremmighausen.de\/wordpress\/wp-content\/uploads\/2012\/10\/fb_ah_erwin_1208_03.jpg?fit=600%2C399&amp;ssl=1\" data-orig-size=\"600,399\" data-comments-opened=\"1\" data-image-meta=\"{&quot;aperture&quot;:&quot;0&quot;,&quot;credit&quot;:&quot;&quot;,&quot;camera&quot;:&quot;&quot;,&quot;caption&quot;:&quot;&quot;,&quot;created_timestamp&quot;:&quot;0&quot;,&quot;copyright&quot;:&quot;&quot;,&quot;focal_length&quot;:&quot;0&quot;,&quot;iso&quot;:&quot;0&quot;,&quot;shutter_speed&quot;:&quot;0&quot;,&quot;title&quot;:&quot;&quot;,&quot;orientation&quot;:&quot;1&quot;}\" data-image-title=\"fb_ah_erwin_1208_03\" data-image-description=\"\" data-image-caption=\"&lt;p&gt;Beeindruckende hochalpine Naturgewalten&lt;\/p&gt;\n\" data-large-file=\"https:\/\/i0.wp.com\/www.tuseichholzremmighausen.de\/wordpress\/wp-content\/uploads\/2012\/10\/fb_ah_erwin_1208_03.jpg?fit=600%2C399&amp;ssl=1\" class=\" wp-image-4328 \" title=\"fb_ah_erwin_1208_03\" src=\"https:\/\/i0.wp.com\/www.tuseichholzremmighausen.de\/wordpress\/wp-content\/uploads\/2012\/10\/fb_ah_erwin_1208_03.jpg?resize=600%2C399&#038;ssl=1\" alt=\"Beeindruckende hochalpine Naturgewalten\" width=\"600\" height=\"399\" srcset=\"https:\/\/i0.wp.com\/www.tuseichholzremmighausen.de\/wordpress\/wp-content\/uploads\/2012\/10\/fb_ah_erwin_1208_03.jpg?w=600&amp;ssl=1 600w, https:\/\/i0.wp.com\/www.tuseichholzremmighausen.de\/wordpress\/wp-content\/uploads\/2012\/10\/fb_ah_erwin_1208_03.jpg?resize=300%2C199&amp;ssl=1 300w\" sizes=\"auto, (max-width: 600px) 100vw, 600px\" \/><\/a><figcaption id=\"caption-attachment-4328\" class=\"wp-caption-text\">Beeindruckende hochalpine Naturgewalten im Sommer!<\/figcaption><\/figure>\n<p>Der Gampealm-Wirt Roland Gr\u00fcner ist bekennender Schalke-Fan und brachte vor vielen Jahren den Zwillingen Erwin und Helmut Kremers (wer erinnert sich?) das Skifahren bei. Bericht: <strong> Erwin Linnebr\u00fcgge <\/strong>im September 2012<\/p>\n","protected":false},"excerpt":{"rendered":"<p>Das TuS AH Mitglied Erwin Linnebr\u00fcgge und 3 Begleiter &#8222;wandern&#8220; im \u00d6tztal. Nachdem die 4 Oldies aus dem &#8222;Lippischen&#8220; im<\/p>\n","protected":false},"author":2,"featured_media":0,"comment_status":"closed","ping_status":"closed","sticky":false,"template":"","format":"standard","meta":{"colormag_page_container_layout":"default_layout","colormag_page_sidebar_layout":"default_layout","_jetpack_memberships_contains_paid_content":false,"footnotes":"","jetpack_publicize_message":"","jetpack_publicize_feature_enabled":true,"jetpack_social_post_already_shared":false,"jetpack_social_options":{"image_generator_settings":{"template":"highway","default_image_id":0,"font":"","enabled":false},"version":2}},"categories":[157],"tags":[],"class_list":["post-4325","post","type-post","status-publish","format-standard","hentry","category-archiv"],"jetpack_publicize_connections":[],"jetpack_featured_media_url":"","jetpack_sharing_enabled":true,"_links":{"self":[{"href":"https:\/\/www.tuseichholzremmighausen.de\/wordpress\/wp-json\/wp\/v2\/posts\/4325","targetHints":{"allow":["GET"]}}],"collection":[{"href":"https:\/\/www.tuseichholzremmighausen.de\/wordpress\/wp-json\/wp\/v2\/posts"}],"about":[{"href":"https:\/\/www.tuseichholzremmighausen.de\/wordpress\/wp-json\/wp\/v2\/types\/post"}],"author":[{"embeddable":true,"href":"https:\/\/www.tuseichholzremmighausen.de\/wordpress\/wp-json\/wp\/v2\/users\/2"}],"replies":[{"embeddable":true,"href":"https:\/\/www.tuseichholzremmighausen.de\/wordpress\/wp-json\/wp\/v2\/comments?post=4325"}],"version-history":[{"count":0,"href":"https:\/\/www.tuseichholzremmighausen.de\/wordpress\/wp-json\/wp\/v2\/posts\/4325\/revisions"}],"wp:attachment":[{"href":"https:\/\/www.tuseichholzremmighausen.de\/wordpress\/wp-json\/wp\/v2\/media?parent=4325"}],"wp:term":[{"taxonomy":"category","embeddable":true,"href":"https:\/\/www.tuseichholzremmighausen.de\/wordpress\/wp-json\/wp\/v2\/categories?post=4325"},{"taxonomy":"post_tag","embeddable":true,"href":"https:\/\/www.tuseichholzremmighausen.de\/wordpress\/wp-json\/wp\/v2\/tags?post=4325"}],"curies":[{"name":"wp","href":"https:\/\/api.w.org\/{rel}","templated":true}]}}