{"id":4404,"date":"2012-10-13T21:04:31","date_gmt":"2012-10-13T20:04:31","guid":{"rendered":"http:\/\/www.tuseichholzremmighausen.de\/wordpress\/?p=4404"},"modified":"2020-09-11T20:27:50","modified_gmt":"2020-09-11T18:27:50","slug":"erste-festigt-mit-22-in-heiligenkirchen-tabellenplatz-3","status":"publish","type":"post","link":"https:\/\/www.tuseichholzremmighausen.de\/wordpress\/archives\/4404","title":{"rendered":"Erste festigt mit 2:2 in Heiligenkirchen Tabellenplatz 3"},"content":{"rendered":"<figure id=\"attachment_4397\" aria-describedby=\"caption-attachment-4397\" style=\"width: 600px\" class=\"wp-caption alignnone\"><a href=\"https:\/\/i0.wp.com\/www.tuseichholzremmighausen.de\/wordpress\/wp-content\/uploads\/2012\/10\/fb_erste_121013_030.jpg?ssl=1\"><img data-recalc-dims=\"1\" loading=\"lazy\" decoding=\"async\" data-attachment-id=\"4397\" data-permalink=\"https:\/\/www.tuseichholzremmighausen.de\/wordpress\/archives\/4404\/fb_erste_121013_030\" data-orig-file=\"https:\/\/i0.wp.com\/www.tuseichholzremmighausen.de\/wordpress\/wp-content\/uploads\/2012\/10\/fb_erste_121013_030.jpg?fit=600%2C380&amp;ssl=1\" data-orig-size=\"600,380\" data-comments-opened=\"1\" data-image-meta=\"{&quot;aperture&quot;:&quot;3.6&quot;,&quot;credit&quot;:&quot;&quot;,&quot;camera&quot;:&quot;DMC-FZ38&quot;,&quot;caption&quot;:&quot;&quot;,&quot;created_timestamp&quot;:&quot;1350145893&quot;,&quot;copyright&quot;:&quot;&quot;,&quot;focal_length&quot;:&quot;25.2&quot;,&quot;iso&quot;:&quot;400&quot;,&quot;shutter_speed&quot;:&quot;0.0025&quot;,&quot;title&quot;:&quot;&quot;,&quot;orientation&quot;:&quot;1&quot;}\" data-image-title=\"fb_erste_121013_030\" data-image-description=\"\" data-image-caption=\"&lt;p&gt;Hohe Konzentration, Kampfbereitschaft und klasse Moral&lt;\/p&gt;\n\" data-large-file=\"https:\/\/i0.wp.com\/www.tuseichholzremmighausen.de\/wordpress\/wp-content\/uploads\/2012\/10\/fb_erste_121013_030.jpg?fit=600%2C380&amp;ssl=1\" class=\"size-full wp-image-4397\" title=\"fb_erste_121013_030\" src=\"https:\/\/i0.wp.com\/www.tuseichholzremmighausen.de\/wordpress\/wp-content\/uploads\/2012\/10\/fb_erste_121013_030.jpg?resize=600%2C380&#038;ssl=1\" alt=\"Hohe Konzentration, Kampfbereitschaft und klasse Moral\" width=\"600\" height=\"380\" srcset=\"https:\/\/i0.wp.com\/www.tuseichholzremmighausen.de\/wordpress\/wp-content\/uploads\/2012\/10\/fb_erste_121013_030.jpg?w=600&amp;ssl=1 600w, https:\/\/i0.wp.com\/www.tuseichholzremmighausen.de\/wordpress\/wp-content\/uploads\/2012\/10\/fb_erste_121013_030.jpg?resize=300%2C190&amp;ssl=1 300w\" sizes=\"auto, (max-width: 600px) 100vw, 600px\" \/><\/a><figcaption id=\"caption-attachment-4397\" class=\"wp-caption-text\">Hohe Konzentration, Kampfbereitschaft und klasse Moral<\/figcaption><\/figure>\n<p>Zum Top-Spiel des 11. Spieltages reiste die Erste als Tabellendritter bereits am Samstagnachmittag zum F\u00fcnften SG Berlebeck-Heiligenkirchen. <!--more-->\u00a0\u00a0\u00a0<\/p>\n<p>Die durchweg guten Leistungen der letzten Wochen wirken sich nun auch auf die Zuschauer aus. Unterst\u00fctzt von den zahlreichen mitgereisten Fans \u00fcbernahm der der TuS sofort die Initiative. Vom Ansto\u00df weg fast die erste M\u00f6glichkeit. W\u00e4re auch zu sch\u00f6n gewesen \u2026 \ud83d\ude44<\/p>\n<p>Es entwickelte sich ein offenes Spiel zweier Teams auf Augenh\u00f6he.<\/p>\n<figure id=\"attachment_4403\" aria-describedby=\"caption-attachment-4403\" style=\"width: 600px\" class=\"wp-caption alignnone\"><a href=\"https:\/\/i0.wp.com\/www.tuseichholzremmighausen.de\/wordpress\/wp-content\/uploads\/2012\/10\/fb_erste_121013_073.jpg?ssl=1\"><img data-recalc-dims=\"1\" loading=\"lazy\" decoding=\"async\" data-attachment-id=\"4403\" data-permalink=\"https:\/\/www.tuseichholzremmighausen.de\/wordpress\/archives\/4404\/fb_erste_121013_073\" data-orig-file=\"https:\/\/i0.wp.com\/www.tuseichholzremmighausen.de\/wordpress\/wp-content\/uploads\/2012\/10\/fb_erste_121013_073.jpg?fit=600%2C472&amp;ssl=1\" data-orig-size=\"600,472\" data-comments-opened=\"1\" data-image-meta=\"{&quot;aperture&quot;:&quot;3.2&quot;,&quot;credit&quot;:&quot;&quot;,&quot;camera&quot;:&quot;DMC-FZ38&quot;,&quot;caption&quot;:&quot;&quot;,&quot;created_timestamp&quot;:&quot;1350149601&quot;,&quot;copyright&quot;:&quot;&quot;,&quot;focal_length&quot;:&quot;10.1&quot;,&quot;iso&quot;:&quot;800&quot;,&quot;shutter_speed&quot;:&quot;0.0015625&quot;,&quot;title&quot;:&quot;&quot;,&quot;orientation&quot;:&quot;1&quot;}\" data-image-title=\"fb_erste_121013_073\" data-image-description=\"\" data-image-caption=\"&lt;p&gt;Eichholz begeistert die Fans&lt;\/p&gt;\n\" data-large-file=\"https:\/\/i0.wp.com\/www.tuseichholzremmighausen.de\/wordpress\/wp-content\/uploads\/2012\/10\/fb_erste_121013_073.jpg?fit=600%2C472&amp;ssl=1\" class=\"size-full wp-image-4403\" title=\"fb_erste_121013_073\" src=\"https:\/\/i0.wp.com\/www.tuseichholzremmighausen.de\/wordpress\/wp-content\/uploads\/2012\/10\/fb_erste_121013_073.jpg?resize=600%2C472&#038;ssl=1\" alt=\"Eichholz begeistert die Fans\" width=\"600\" height=\"472\" srcset=\"https:\/\/i0.wp.com\/www.tuseichholzremmighausen.de\/wordpress\/wp-content\/uploads\/2012\/10\/fb_erste_121013_073.jpg?w=600&amp;ssl=1 600w, https:\/\/i0.wp.com\/www.tuseichholzremmighausen.de\/wordpress\/wp-content\/uploads\/2012\/10\/fb_erste_121013_073.jpg?resize=300%2C236&amp;ssl=1 300w\" sizes=\"auto, (max-width: 600px) 100vw, 600px\" \/><\/a><figcaption id=\"caption-attachment-4403\" class=\"wp-caption-text\">Eichholz begeistert die Fans<\/figcaption><\/figure>\n<p>Der TuS mit mehr Ballbesitz, die Gastgeber aber immer gef\u00e4hrlich mit schnellen Angriffen \u00fcber die Au\u00dfenpositionen. Ab Mitte der ersten Halbzeit bestimmten die starken Defensivreihen die Partie. Nur wenige gro\u00dfe Torchancen konnten notiert werden. Die beste davon nutzte <strong>Christopher Wessel \ud83d\ude00 <\/strong>\u00a0in der 42. Spielminute, nachdem er im 16er hervorragend freigespielt werden konnte. Mit dem Flachschuss in die rechte Ecke lie\u00df er dem Keeper keine Abwehrchance. Nat\u00fcrlich kannte der gro\u00dfe Jubel im TuS-Fanblock fast keine Grenzen. Wenige Minuten sp\u00e4ter beendete der lang anhaltende Pfiff des Schiedsrichters sowohl den Jubel im TuS-Fanblock, als auch die erste Halbzeit. Nach dem Seitenwechsel hatten die Gastgeber ihre st\u00e4rkste Phase. Mit viel Schwung kamen sie aus der Kabine und bestimmten das Geschehen auf dem Feld. Die Gr\u00fcn-Wei\u00dfen in dieser Phase oft zu weit weg vom Gegenspieler, lie\u00dfen den Gegnern zu viel Platz und die n\u00f6tige Zeit, um enormen Druck aufzubauen. So kassierte der TuS nach ungl\u00fccklichen Kl\u00e4rungsversuchen den Ausgleich in der 48. Minute. Noch geschockt vom Gegentreffer musste Mario Thevissen, der f\u00fcr Lennart heute zwischen den Pfosten stand, zum zweiten Mal hinter sich greifen. Nur drei Minuten vergingen nach dem Ausgleich als wiederum Dennis Barner f\u00fcr die Gastgeber einnetzte und die Heimmannschaft in F\u00fchrung brachte.<\/p>\n<figure id=\"attachment_4398\" aria-describedby=\"caption-attachment-4398\" style=\"width: 600px\" class=\"wp-caption alignnone\"><a href=\"https:\/\/i0.wp.com\/www.tuseichholzremmighausen.de\/wordpress\/wp-content\/uploads\/2012\/10\/fb_erste_121013_050.jpg?ssl=1\"><img data-recalc-dims=\"1\" loading=\"lazy\" decoding=\"async\" data-attachment-id=\"4398\" data-permalink=\"https:\/\/www.tuseichholzremmighausen.de\/wordpress\/archives\/4404\/fb_erste_121013_050\" data-orig-file=\"https:\/\/i0.wp.com\/www.tuseichholzremmighausen.de\/wordpress\/wp-content\/uploads\/2012\/10\/fb_erste_121013_050.jpg?fit=600%2C301&amp;ssl=1\" data-orig-size=\"600,301\" data-comments-opened=\"1\" data-image-meta=\"{&quot;aperture&quot;:&quot;3.6&quot;,&quot;credit&quot;:&quot;&quot;,&quot;camera&quot;:&quot;DMC-FZ38&quot;,&quot;caption&quot;:&quot;&quot;,&quot;created_timestamp&quot;:&quot;1350148406&quot;,&quot;copyright&quot;:&quot;&quot;,&quot;focal_length&quot;:&quot;20.8&quot;,&quot;iso&quot;:&quot;400&quot;,&quot;shutter_speed&quot;:&quot;0.008&quot;,&quot;title&quot;:&quot;&quot;,&quot;orientation&quot;:&quot;1&quot;}\" data-image-title=\"fb_erste_121013_050\" data-image-description=\"\" data-image-caption=\"&lt;p&gt;Pech im 5er &amp;#8211; Mario am Boden; Ball im Netz&lt;\/p&gt;\n\" data-large-file=\"https:\/\/i0.wp.com\/www.tuseichholzremmighausen.de\/wordpress\/wp-content\/uploads\/2012\/10\/fb_erste_121013_050.jpg?fit=600%2C301&amp;ssl=1\" class=\"size-full wp-image-4398\" title=\"fb_erste_121013_050\" src=\"https:\/\/i0.wp.com\/www.tuseichholzremmighausen.de\/wordpress\/wp-content\/uploads\/2012\/10\/fb_erste_121013_050.jpg?resize=600%2C301&#038;ssl=1\" alt=\"Pech im 5er - Mario am Boden; Ball im Netz\" width=\"600\" height=\"301\" srcset=\"https:\/\/i0.wp.com\/www.tuseichholzremmighausen.de\/wordpress\/wp-content\/uploads\/2012\/10\/fb_erste_121013_050.jpg?w=600&amp;ssl=1 600w, https:\/\/i0.wp.com\/www.tuseichholzremmighausen.de\/wordpress\/wp-content\/uploads\/2012\/10\/fb_erste_121013_050.jpg?resize=300%2C150&amp;ssl=1 300w\" sizes=\"auto, (max-width: 600px) 100vw, 600px\" \/><\/a><figcaption id=\"caption-attachment-4398\" class=\"wp-caption-text\">Pech im 5er &#8211; Mario am Boden; Ball im Netz<\/figcaption><\/figure>\n<p>Trainer und Betreuer mahnten zur Ruhe, Konzentration wieder herzustellen und den Gegner wieder in den Griff zu bekommen. Die Angriffe wurden wieder klarer durchgespielt. Viel Bewegung im offensiven Mittelfeld, sowie gute Ideen im Sturmzentrum brachten nun wieder Torchancen f\u00fcr den TuS.<\/p>\n<figure id=\"attachment_4401\" aria-describedby=\"caption-attachment-4401\" style=\"width: 600px\" class=\"wp-caption alignnone\"><a href=\"https:\/\/i0.wp.com\/www.tuseichholzremmighausen.de\/wordpress\/wp-content\/uploads\/2012\/10\/fb_erste_121013_061.jpg?ssl=1\"><img data-recalc-dims=\"1\" loading=\"lazy\" decoding=\"async\" data-attachment-id=\"4401\" data-permalink=\"https:\/\/www.tuseichholzremmighausen.de\/wordpress\/archives\/4404\/fb_erste_121013_061\" data-orig-file=\"https:\/\/i0.wp.com\/www.tuseichholzremmighausen.de\/wordpress\/wp-content\/uploads\/2012\/10\/fb_erste_121013_061.jpg?fit=600%2C295&amp;ssl=1\" data-orig-size=\"600,295\" data-comments-opened=\"1\" data-image-meta=\"{&quot;aperture&quot;:&quot;3.7&quot;,&quot;credit&quot;:&quot;&quot;,&quot;camera&quot;:&quot;DMC-FZ38&quot;,&quot;caption&quot;:&quot;&quot;,&quot;created_timestamp&quot;:&quot;1350148920&quot;,&quot;copyright&quot;:&quot;&quot;,&quot;focal_length&quot;:&quot;26&quot;,&quot;iso&quot;:&quot;400&quot;,&quot;shutter_speed&quot;:&quot;0.004&quot;,&quot;title&quot;:&quot;&quot;,&quot;orientation&quot;:&quot;1&quot;}\" data-image-title=\"fb_erste_121013_061\" data-image-description=\"\" data-image-caption=\"&lt;p&gt;S. Burkert &amp;#8211; locker \u00fcber die Mauer &amp;#8230;&lt;\/p&gt;\n\" data-large-file=\"https:\/\/i0.wp.com\/www.tuseichholzremmighausen.de\/wordpress\/wp-content\/uploads\/2012\/10\/fb_erste_121013_061.jpg?fit=600%2C295&amp;ssl=1\" class=\"size-full wp-image-4401\" title=\"fb_erste_121013_061\" src=\"https:\/\/i0.wp.com\/www.tuseichholzremmighausen.de\/wordpress\/wp-content\/uploads\/2012\/10\/fb_erste_121013_061.jpg?resize=600%2C295&#038;ssl=1\" alt=\"S. Burkert - locker \u00fcber die Mauer ...\" width=\"600\" height=\"295\" srcset=\"https:\/\/i0.wp.com\/www.tuseichholzremmighausen.de\/wordpress\/wp-content\/uploads\/2012\/10\/fb_erste_121013_061.jpg?w=600&amp;ssl=1 600w, https:\/\/i0.wp.com\/www.tuseichholzremmighausen.de\/wordpress\/wp-content\/uploads\/2012\/10\/fb_erste_121013_061.jpg?resize=300%2C147&amp;ssl=1 300w\" sizes=\"auto, (max-width: 600px) 100vw, 600px\" \/><\/a><figcaption id=\"caption-attachment-4401\" class=\"wp-caption-text\">S. Burkert &#8211; locker \u00fcber die Mauer &#8230;<\/figcaption><\/figure>\n<p><a href=\"https:\/\/i0.wp.com\/www.tuseichholzremmighausen.de\/wordpress\/wp-content\/uploads\/2012\/10\/fb_erste_121013_062.jpg?ssl=1\"><img data-recalc-dims=\"1\" loading=\"lazy\" decoding=\"async\" data-attachment-id=\"4402\" data-permalink=\"https:\/\/www.tuseichholzremmighausen.de\/wordpress\/archives\/4404\/fb_erste_121013_062\" data-orig-file=\"https:\/\/i0.wp.com\/www.tuseichholzremmighausen.de\/wordpress\/wp-content\/uploads\/2012\/10\/fb_erste_121013_062.jpg?fit=600%2C360&amp;ssl=1\" data-orig-size=\"600,360\" data-comments-opened=\"1\" data-image-meta=\"{&quot;aperture&quot;:&quot;3.6&quot;,&quot;credit&quot;:&quot;&quot;,&quot;camera&quot;:&quot;DMC-FZ38&quot;,&quot;caption&quot;:&quot;&quot;,&quot;created_timestamp&quot;:&quot;1350148923&quot;,&quot;copyright&quot;:&quot;&quot;,&quot;focal_length&quot;:&quot;18.7&quot;,&quot;iso&quot;:&quot;800&quot;,&quot;shutter_speed&quot;:&quot;0.003125&quot;,&quot;title&quot;:&quot;&quot;,&quot;orientation&quot;:&quot;1&quot;}\" data-image-title=\"fb_erste_121013_062\" data-image-description=\"\" data-image-caption=\"&lt;p&gt;&amp;#8230; Abwehr verwirrt &amp;#8211; B. Albert markiert den Ausgleich&lt;\/p&gt;\n\" data-large-file=\"https:\/\/i0.wp.com\/www.tuseichholzremmighausen.de\/wordpress\/wp-content\/uploads\/2012\/10\/fb_erste_121013_062.jpg?fit=600%2C360&amp;ssl=1\" class=\"size-full wp-image-4402\" title=\"fb_erste_121013_062\" src=\"https:\/\/i0.wp.com\/www.tuseichholzremmighausen.de\/wordpress\/wp-content\/uploads\/2012\/10\/fb_erste_121013_062.jpg?resize=600%2C360&#038;ssl=1\" alt=\"... Abwehr verwirrt - B. Albert markiert den Ausgleich\" width=\"600\" height=\"360\" srcset=\"https:\/\/i0.wp.com\/www.tuseichholzremmighausen.de\/wordpress\/wp-content\/uploads\/2012\/10\/fb_erste_121013_062.jpg?w=600&amp;ssl=1 600w, https:\/\/i0.wp.com\/www.tuseichholzremmighausen.de\/wordpress\/wp-content\/uploads\/2012\/10\/fb_erste_121013_062.jpg?resize=300%2C180&amp;ssl=1 300w\" sizes=\"auto, (max-width: 600px) 100vw, 600px\" \/><\/a><\/p>\n<p>Ein genialer Freisto\u00df (57. Minute) brachte den verdienten Ausgleich f\u00fcr den TuS: Stefan Burkert lupft das Leder locker aus dem Fu\u00dfgelenk \u00fcber die Mauer, schockte damit die komplette Hintermannschaft der SG. <strong>Bernd Albert<\/strong> v\u00f6llig frei vor dem Kasten, nutzte die Verwirrung und spitzelte im Fallen das Leder ins lange Eck. Noch gut eine halbe Stunde war zu spielen, es sah nach einem offenen Schlagabtausch aus.<\/p>\n<figure id=\"attachment_4399\" aria-describedby=\"caption-attachment-4399\" style=\"width: 600px\" class=\"wp-caption alignnone\"><a href=\"https:\/\/i0.wp.com\/www.tuseichholzremmighausen.de\/wordpress\/wp-content\/uploads\/2012\/10\/fb_erste_121013_056.jpg?ssl=1\"><img data-recalc-dims=\"1\" loading=\"lazy\" decoding=\"async\" data-attachment-id=\"4399\" data-permalink=\"https:\/\/www.tuseichholzremmighausen.de\/wordpress\/archives\/4404\/fb_erste_121013_056\" data-orig-file=\"https:\/\/i0.wp.com\/www.tuseichholzremmighausen.de\/wordpress\/wp-content\/uploads\/2012\/10\/fb_erste_121013_056.jpg?fit=600%2C265&amp;ssl=1\" data-orig-size=\"600,265\" data-comments-opened=\"1\" data-image-meta=\"{&quot;aperture&quot;:&quot;3&quot;,&quot;credit&quot;:&quot;&quot;,&quot;camera&quot;:&quot;DMC-FZ38&quot;,&quot;caption&quot;:&quot;&quot;,&quot;created_timestamp&quot;:&quot;1350148686&quot;,&quot;copyright&quot;:&quot;&quot;,&quot;focal_length&quot;:&quot;6&quot;,&quot;iso&quot;:&quot;400&quot;,&quot;shutter_speed&quot;:&quot;0.003125&quot;,&quot;title&quot;:&quot;&quot;,&quot;orientation&quot;:&quot;1&quot;}\" data-image-title=\"fb_erste_121013_056\" data-image-description=\"\" data-image-caption=\"&lt;p&gt;Jan mit klasse Schu\u00df &amp;#8211; zwingt Keeper zur Glanzparade &lt;\/p&gt;\n\" data-large-file=\"https:\/\/i0.wp.com\/www.tuseichholzremmighausen.de\/wordpress\/wp-content\/uploads\/2012\/10\/fb_erste_121013_056.jpg?fit=600%2C265&amp;ssl=1\" class=\"size-full wp-image-4399\" title=\"fb_erste_121013_056\" src=\"https:\/\/i0.wp.com\/www.tuseichholzremmighausen.de\/wordpress\/wp-content\/uploads\/2012\/10\/fb_erste_121013_056.jpg?resize=600%2C265&#038;ssl=1\" alt=\"Jan mit klasse Schu\u00df - zwingt Keeper zur Glanzparade\" width=\"600\" height=\"265\" srcset=\"https:\/\/i0.wp.com\/www.tuseichholzremmighausen.de\/wordpress\/wp-content\/uploads\/2012\/10\/fb_erste_121013_056.jpg?w=600&amp;ssl=1 600w, https:\/\/i0.wp.com\/www.tuseichholzremmighausen.de\/wordpress\/wp-content\/uploads\/2012\/10\/fb_erste_121013_056.jpg?resize=300%2C132&amp;ssl=1 300w\" sizes=\"auto, (max-width: 600px) 100vw, 600px\" \/><\/a><figcaption id=\"caption-attachment-4399\" class=\"wp-caption-text\">Jan mit klasse Schu\u00df &#8211; zwingt Keeper zur Glanzparade<\/figcaption><\/figure>\n<p>Torchancen auf beiden Seiten konnten nicht genutzt werden, oder verfehlten nur knapp ihr Ziel.<\/p>\n<figure id=\"attachment_4400\" aria-describedby=\"caption-attachment-4400\" style=\"width: 600px\" class=\"wp-caption alignnone\"><a href=\"https:\/\/i0.wp.com\/www.tuseichholzremmighausen.de\/wordpress\/wp-content\/uploads\/2012\/10\/fb_erste_121013_057.jpg?ssl=1\"><img data-recalc-dims=\"1\" loading=\"lazy\" decoding=\"async\" data-attachment-id=\"4400\" data-permalink=\"https:\/\/www.tuseichholzremmighausen.de\/wordpress\/archives\/4404\/fb_erste_121013_057\" data-orig-file=\"https:\/\/i0.wp.com\/www.tuseichholzremmighausen.de\/wordpress\/wp-content\/uploads\/2012\/10\/fb_erste_121013_057.jpg?fit=600%2C228&amp;ssl=1\" data-orig-size=\"600,228\" data-comments-opened=\"1\" data-image-meta=\"{&quot;aperture&quot;:&quot;3&quot;,&quot;credit&quot;:&quot;&quot;,&quot;camera&quot;:&quot;DMC-FZ38&quot;,&quot;caption&quot;:&quot;&quot;,&quot;created_timestamp&quot;:&quot;1350148689&quot;,&quot;copyright&quot;:&quot;&quot;,&quot;focal_length&quot;:&quot;6&quot;,&quot;iso&quot;:&quot;400&quot;,&quot;shutter_speed&quot;:&quot;0.003125&quot;,&quot;title&quot;:&quot;&quot;,&quot;orientation&quot;:&quot;1&quot;}\" data-image-title=\"fb_erste_121013_057\" data-image-description=\"\" data-image-caption=\"&lt;p&gt;Auch der Nachschu\u00df trifft nur das Au\u00dfennetz&lt;\/p&gt;\n\" data-large-file=\"https:\/\/i0.wp.com\/www.tuseichholzremmighausen.de\/wordpress\/wp-content\/uploads\/2012\/10\/fb_erste_121013_057.jpg?fit=600%2C228&amp;ssl=1\" class=\"size-full wp-image-4400\" title=\"fb_erste_121013_057\" src=\"https:\/\/i0.wp.com\/www.tuseichholzremmighausen.de\/wordpress\/wp-content\/uploads\/2012\/10\/fb_erste_121013_057.jpg?resize=600%2C228&#038;ssl=1\" alt=\"Auch der Nachschu\u00df trifft nur das Au\u00dfennetz\" width=\"600\" height=\"228\" srcset=\"https:\/\/i0.wp.com\/www.tuseichholzremmighausen.de\/wordpress\/wp-content\/uploads\/2012\/10\/fb_erste_121013_057.jpg?w=600&amp;ssl=1 600w, https:\/\/i0.wp.com\/www.tuseichholzremmighausen.de\/wordpress\/wp-content\/uploads\/2012\/10\/fb_erste_121013_057.jpg?resize=300%2C114&amp;ssl=1 300w\" sizes=\"auto, (max-width: 600px) 100vw, 600px\" \/><\/a><figcaption id=\"caption-attachment-4400\" class=\"wp-caption-text\">Auch der Nachschu\u00df trifft nur das Au\u00dfennetz<\/figcaption><\/figure>\n<p>Zwischenzeitlich schlich sich leider auch die eine oder andere H\u00e4rte ins Spiel. Da war die SG mit \u201enur einer Roten\u201c noch recht gut bedient \ud83d\ude2f . Die Gastgeber konzentrierten sich mehr auf ihre Defensive und verlegten sich auf schnelle Konter. Der TuS hatte nun mehr vom Spiel, aber leider ohne den finalen Schuss setzen zu k\u00f6nnen.<\/p>\n<figure id=\"attachment_4396\" aria-describedby=\"caption-attachment-4396\" style=\"width: 600px\" class=\"wp-caption alignnone\"><a href=\"https:\/\/i0.wp.com\/www.tuseichholzremmighausen.de\/wordpress\/wp-content\/uploads\/2012\/10\/fb_erste_121013_111.jpg?ssl=1\"><img data-recalc-dims=\"1\" loading=\"lazy\" decoding=\"async\" data-attachment-id=\"4396\" data-permalink=\"https:\/\/www.tuseichholzremmighausen.de\/wordpress\/archives\/4404\/fb_erste_121013_111\" data-orig-file=\"https:\/\/i0.wp.com\/www.tuseichholzremmighausen.de\/wordpress\/wp-content\/uploads\/2012\/10\/fb_erste_121013_111.jpg?fit=600%2C242&amp;ssl=1\" data-orig-size=\"600,242\" data-comments-opened=\"1\" data-image-meta=\"{&quot;aperture&quot;:&quot;3.4&quot;,&quot;credit&quot;:&quot;&quot;,&quot;camera&quot;:&quot;DMC-FZ38&quot;,&quot;caption&quot;:&quot;&quot;,&quot;created_timestamp&quot;:&quot;1350151064&quot;,&quot;copyright&quot;:&quot;&quot;,&quot;focal_length&quot;:&quot;11.5&quot;,&quot;iso&quot;:&quot;800&quot;,&quot;shutter_speed&quot;:&quot;0.00125&quot;,&quot;title&quot;:&quot;&quot;,&quot;orientation&quot;:&quot;1&quot;}\" data-image-title=\"fb_erste_121013_111\" data-image-description=\"\" data-image-caption=\"&lt;p&gt;Letzter Versuch &amp;#8211; S. Burkert scheitert knapp&lt;\/p&gt;\n\" data-large-file=\"https:\/\/i0.wp.com\/www.tuseichholzremmighausen.de\/wordpress\/wp-content\/uploads\/2012\/10\/fb_erste_121013_111.jpg?fit=600%2C242&amp;ssl=1\" class=\"size-full wp-image-4396\" title=\"fb_erste_121013_111\" src=\"https:\/\/i0.wp.com\/www.tuseichholzremmighausen.de\/wordpress\/wp-content\/uploads\/2012\/10\/fb_erste_121013_111.jpg?resize=600%2C242&#038;ssl=1\" alt=\"Letzter Versuch - S. Burkert scheitert knapp\" width=\"600\" height=\"242\" srcset=\"https:\/\/i0.wp.com\/www.tuseichholzremmighausen.de\/wordpress\/wp-content\/uploads\/2012\/10\/fb_erste_121013_111.jpg?w=600&amp;ssl=1 600w, https:\/\/i0.wp.com\/www.tuseichholzremmighausen.de\/wordpress\/wp-content\/uploads\/2012\/10\/fb_erste_121013_111.jpg?resize=300%2C121&amp;ssl=1 300w\" sizes=\"auto, (max-width: 600px) 100vw, 600px\" \/><\/a><figcaption id=\"caption-attachment-4396\" class=\"wp-caption-text\">Letzter Versuch &#8211; S. Burkert scheitert knapp<\/figcaption><\/figure>\n<p>Am Ende blieb es beim 2:2 in einem abwechslungsreichen Spiel. Die vielen mitgereisten Fans h\u00e4tten heute gerne einen Dreier gesehen, und der w\u00e4re sicher auch verdient gewesen. Trotzdem kann der TuS mit dem hoch verdienten Punkt Rang 3 in der Tabelle festigen. \u00a0\u00a0\u00a0\u00a0\u00a0\u00a0\u00a0<\/p>\n<p>&nbsp;<\/p>\n<p><strong>Tore:<\/strong><\/p>\n<p><strong>Christopher Wessel<\/strong> (42.) und <strong>Bernd Albert<\/strong> (57.) ;\u00a0 (48. u 51. Dennis Barner f. BHK)<\/p>\n<p><strong>Das Team:\u00a0<\/strong><\/p>\n<p>M. Thevissen \u2013 F. Tcheon (S. Altunbas 87.) \u2013 S. Albrecht \u2013 A. Schneider \u2013 B. Albert \u2013 S. Burkert \u2013 D. Klare \u2013 A. Kabatas (E.Pippig 60.) \u2013 C. Wessel \u2013 T. Tcheon (M. Barkowski 80.) \u2013 J. Eskuchen<\/p>\n","protected":false},"excerpt":{"rendered":"<p>Zum Top-Spiel des 11. Spieltages reiste die Erste als Tabellendritter bereits am Samstagnachmittag zum F\u00fcnften SG Berlebeck-Heiligenkirchen.<\/p>\n","protected":false},"author":16,"featured_media":0,"comment_status":"closed","ping_status":"closed","sticky":false,"template":"","format":"standard","meta":{"colormag_page_container_layout":"default_layout","colormag_page_sidebar_layout":"default_layout","_jetpack_memberships_contains_paid_content":false,"footnotes":"","jetpack_publicize_message":"","jetpack_publicize_feature_enabled":true,"jetpack_social_post_already_shared":false,"jetpack_social_options":{"image_generator_settings":{"template":"highway","default_image_id":0,"font":"","enabled":false},"version":2}},"categories":[157],"tags":[],"class_list":["post-4404","post","type-post","status-publish","format-standard","hentry","category-archiv"],"jetpack_publicize_connections":[],"jetpack_featured_media_url":"","jetpack_sharing_enabled":true,"_links":{"self":[{"href":"https:\/\/www.tuseichholzremmighausen.de\/wordpress\/wp-json\/wp\/v2\/posts\/4404","targetHints":{"allow":["GET"]}}],"collection":[{"href":"https:\/\/www.tuseichholzremmighausen.de\/wordpress\/wp-json\/wp\/v2\/posts"}],"about":[{"href":"https:\/\/www.tuseichholzremmighausen.de\/wordpress\/wp-json\/wp\/v2\/types\/post"}],"author":[{"embeddable":true,"href":"https:\/\/www.tuseichholzremmighausen.de\/wordpress\/wp-json\/wp\/v2\/users\/16"}],"replies":[{"embeddable":true,"href":"https:\/\/www.tuseichholzremmighausen.de\/wordpress\/wp-json\/wp\/v2\/comments?post=4404"}],"version-history":[{"count":0,"href":"https:\/\/www.tuseichholzremmighausen.de\/wordpress\/wp-json\/wp\/v2\/posts\/4404\/revisions"}],"wp:attachment":[{"href":"https:\/\/www.tuseichholzremmighausen.de\/wordpress\/wp-json\/wp\/v2\/media?parent=4404"}],"wp:term":[{"taxonomy":"category","embeddable":true,"href":"https:\/\/www.tuseichholzremmighausen.de\/wordpress\/wp-json\/wp\/v2\/categories?post=4404"},{"taxonomy":"post_tag","embeddable":true,"href":"https:\/\/www.tuseichholzremmighausen.de\/wordpress\/wp-json\/wp\/v2\/tags?post=4404"}],"curies":[{"name":"wp","href":"https:\/\/api.w.org\/{rel}","templated":true}]}}