{"id":4472,"date":"2012-10-27T15:05:27","date_gmt":"2012-10-27T14:05:27","guid":{"rendered":"http:\/\/www.tuseichholzremmighausen.de\/wordpress\/?p=4472"},"modified":"2020-09-11T20:27:49","modified_gmt":"2020-09-11T18:27:49","slug":"entscheidung-erst-am-letzten-spieltag","status":"publish","type":"post","link":"https:\/\/www.tuseichholzremmighausen.de\/wordpress\/archives\/4472","title":{"rendered":"Entscheidung erst am letzten Spieltag"},"content":{"rendered":"<figure id=\"attachment_4469\" aria-describedby=\"caption-attachment-4469\" style=\"width: 600px\" class=\"wp-caption alignnone\"><a href=\"https:\/\/i0.wp.com\/www.tuseichholzremmighausen.de\/wordpress\/wp-content\/uploads\/2012\/10\/fb_b-junioren_121027_14.jpg?ssl=1\"><img data-recalc-dims=\"1\" loading=\"lazy\" decoding=\"async\" data-attachment-id=\"4469\" data-permalink=\"https:\/\/www.tuseichholzremmighausen.de\/wordpress\/archives\/4472\/fb_b-junioren_121027_14\" data-orig-file=\"https:\/\/i0.wp.com\/www.tuseichholzremmighausen.de\/wordpress\/wp-content\/uploads\/2012\/10\/fb_b-junioren_121027_14.jpg?fit=600%2C488&amp;ssl=1\" data-orig-size=\"600,488\" data-comments-opened=\"1\" data-image-meta=\"{&quot;aperture&quot;:&quot;3.7&quot;,&quot;credit&quot;:&quot;&quot;,&quot;camera&quot;:&quot;DMC-FZ38&quot;,&quot;caption&quot;:&quot;&quot;,&quot;created_timestamp&quot;:&quot;1351341554&quot;,&quot;copyright&quot;:&quot;&quot;,&quot;focal_length&quot;:&quot;53.2&quot;,&quot;iso&quot;:&quot;160&quot;,&quot;shutter_speed&quot;:&quot;0.001&quot;,&quot;title&quot;:&quot;&quot;,&quot;orientation&quot;:&quot;1&quot;}\" data-image-title=\"fb_b-junioren_121027_14\" data-image-description=\"\" data-image-caption=\"&lt;p&gt;Starker Einsatz von Paul&lt;\/p&gt;\n\" data-large-file=\"https:\/\/i0.wp.com\/www.tuseichholzremmighausen.de\/wordpress\/wp-content\/uploads\/2012\/10\/fb_b-junioren_121027_14.jpg?fit=600%2C488&amp;ssl=1\" class=\"size-full wp-image-4469\" title=\"fb_b-junioren_121027_14\" src=\"https:\/\/i0.wp.com\/www.tuseichholzremmighausen.de\/wordpress\/wp-content\/uploads\/2012\/10\/fb_b-junioren_121027_14.jpg?resize=600%2C488&#038;ssl=1\" alt=\"Starker Einsatz von Paul\" width=\"600\" height=\"488\" srcset=\"https:\/\/i0.wp.com\/www.tuseichholzremmighausen.de\/wordpress\/wp-content\/uploads\/2012\/10\/fb_b-junioren_121027_14.jpg?w=600&amp;ssl=1 600w, https:\/\/i0.wp.com\/www.tuseichholzremmighausen.de\/wordpress\/wp-content\/uploads\/2012\/10\/fb_b-junioren_121027_14.jpg?resize=300%2C244&amp;ssl=1 300w\" sizes=\"auto, (max-width: 600px) 100vw, 600px\" \/><\/a><figcaption id=\"caption-attachment-4469\" class=\"wp-caption-text\">Starker Einsatz von Paul<\/figcaption><\/figure>\n<p>Nur wenige Tage nach dem Debakel beim Tabellenf\u00fchrer Schlangen gab es auch beim Tabellenzweiten eine Niederlage. <!--more-->Die SG Istrup-Br\u00fcntrup war als Favorit in dieses Spiel gegangen, in dem der TuS zumindest einen Z\u00e4hler h\u00e4tte mitnehmen wollen. Mit diesem Punkt w\u00e4re die Qualifikation f\u00fcr die Kreisliga A geschafft gewesen.<\/p>\n<figure id=\"attachment_4470\" aria-describedby=\"caption-attachment-4470\" style=\"width: 600px\" class=\"wp-caption alignnone\"><a href=\"https:\/\/i0.wp.com\/www.tuseichholzremmighausen.de\/wordpress\/wp-content\/uploads\/2012\/10\/fb_b-junioren_121027_15.jpg?ssl=1\"><img data-recalc-dims=\"1\" loading=\"lazy\" decoding=\"async\" data-attachment-id=\"4470\" data-permalink=\"https:\/\/www.tuseichholzremmighausen.de\/wordpress\/archives\/4472\/fb_b-junioren_121027_15\" data-orig-file=\"https:\/\/i0.wp.com\/www.tuseichholzremmighausen.de\/wordpress\/wp-content\/uploads\/2012\/10\/fb_b-junioren_121027_15.jpg?fit=600%2C266&amp;ssl=1\" data-orig-size=\"600,266\" data-comments-opened=\"1\" data-image-meta=\"{&quot;aperture&quot;:&quot;3.2&quot;,&quot;credit&quot;:&quot;&quot;,&quot;camera&quot;:&quot;DMC-FZ38&quot;,&quot;caption&quot;:&quot;&quot;,&quot;created_timestamp&quot;:&quot;1351341574&quot;,&quot;copyright&quot;:&quot;&quot;,&quot;focal_length&quot;:&quot;8.7&quot;,&quot;iso&quot;:&quot;80&quot;,&quot;shutter_speed&quot;:&quot;0.002&quot;,&quot;title&quot;:&quot;&quot;,&quot;orientation&quot;:&quot;1&quot;}\" data-image-title=\"fb_b-junioren_121027_15\" data-image-description=\"\" data-image-caption=\"&lt;p&gt;Wieder einmal in der Abwehr h\u00e4ngen geblieben&lt;\/p&gt;\n\" data-large-file=\"https:\/\/i0.wp.com\/www.tuseichholzremmighausen.de\/wordpress\/wp-content\/uploads\/2012\/10\/fb_b-junioren_121027_15.jpg?fit=600%2C266&amp;ssl=1\" class=\"size-full wp-image-4470\" title=\"fb_b-junioren_121027_15\" src=\"https:\/\/i0.wp.com\/www.tuseichholzremmighausen.de\/wordpress\/wp-content\/uploads\/2012\/10\/fb_b-junioren_121027_15.jpg?resize=600%2C266&#038;ssl=1\" alt=\"Wieder einmal in der Abwehr h\u00e4ngen geblieben\" width=\"600\" height=\"266\" srcset=\"https:\/\/i0.wp.com\/www.tuseichholzremmighausen.de\/wordpress\/wp-content\/uploads\/2012\/10\/fb_b-junioren_121027_15.jpg?w=600&amp;ssl=1 600w, https:\/\/i0.wp.com\/www.tuseichholzremmighausen.de\/wordpress\/wp-content\/uploads\/2012\/10\/fb_b-junioren_121027_15.jpg?resize=300%2C133&amp;ssl=1 300w\" sizes=\"auto, (max-width: 600px) 100vw, 600px\" \/><\/a><figcaption id=\"caption-attachment-4470\" class=\"wp-caption-text\">Wieder einmal in der Abwehr h\u00e4ngen geblieben<\/figcaption><\/figure>\n<p>Der Unterschied war sicher nicht so heftig, wie in den Begegnungen gegen Schlangen und Heidenoldendorf, doch vermochte das Team von U. Kaiser zu keiner Zeit die richtige Einstellung auf den Platz zu bringen.<\/p>\n<figure id=\"attachment_4468\" aria-describedby=\"caption-attachment-4468\" style=\"width: 600px\" class=\"wp-caption alignnone\"><a href=\"https:\/\/i0.wp.com\/www.tuseichholzremmighausen.de\/wordpress\/wp-content\/uploads\/2012\/10\/fb_b-junioren_121027_33.jpg?ssl=1\"><img data-recalc-dims=\"1\" loading=\"lazy\" decoding=\"async\" data-attachment-id=\"4468\" data-permalink=\"https:\/\/www.tuseichholzremmighausen.de\/wordpress\/archives\/4472\/fb_b-junioren_121027_33\" data-orig-file=\"https:\/\/i0.wp.com\/www.tuseichholzremmighausen.de\/wordpress\/wp-content\/uploads\/2012\/10\/fb_b-junioren_121027_33.jpg?fit=600%2C228&amp;ssl=1\" data-orig-size=\"600,228\" data-comments-opened=\"1\" data-image-meta=\"{&quot;aperture&quot;:&quot;4&quot;,&quot;credit&quot;:&quot;&quot;,&quot;camera&quot;:&quot;DMC-FZ38&quot;,&quot;caption&quot;:&quot;&quot;,&quot;created_timestamp&quot;:&quot;1351342906&quot;,&quot;copyright&quot;:&quot;&quot;,&quot;focal_length&quot;:&quot;48.6&quot;,&quot;iso&quot;:&quot;80&quot;,&quot;shutter_speed&quot;:&quot;0.0015625&quot;,&quot;title&quot;:&quot;&quot;,&quot;orientation&quot;:&quot;1&quot;}\" data-image-title=\"fb_b-junioren_121027_33\" data-image-description=\"\" data-image-caption=\"&lt;p&gt;Zuordnung im Mittelfeld; viele unn\u00f6tige Ballverluste&lt;\/p&gt;\n\" data-large-file=\"https:\/\/i0.wp.com\/www.tuseichholzremmighausen.de\/wordpress\/wp-content\/uploads\/2012\/10\/fb_b-junioren_121027_33.jpg?fit=600%2C228&amp;ssl=1\" class=\"size-full wp-image-4468\" title=\"fb_b-junioren_121027_33\" src=\"https:\/\/i0.wp.com\/www.tuseichholzremmighausen.de\/wordpress\/wp-content\/uploads\/2012\/10\/fb_b-junioren_121027_33.jpg?resize=600%2C228&#038;ssl=1\" alt=\"Zuordnung im Mittelfeld; viele unn\u00f6tige Ballverluste\" width=\"600\" height=\"228\" srcset=\"https:\/\/i0.wp.com\/www.tuseichholzremmighausen.de\/wordpress\/wp-content\/uploads\/2012\/10\/fb_b-junioren_121027_33.jpg?w=600&amp;ssl=1 600w, https:\/\/i0.wp.com\/www.tuseichholzremmighausen.de\/wordpress\/wp-content\/uploads\/2012\/10\/fb_b-junioren_121027_33.jpg?resize=300%2C114&amp;ssl=1 300w\" sizes=\"auto, (max-width: 600px) 100vw, 600px\" \/><\/a><figcaption id=\"caption-attachment-4468\" class=\"wp-caption-text\">Zuordnung im Mittelfeld; viele unn\u00f6tige Ballverluste<\/figcaption><\/figure>\n<p>Man lie\u00df den Gastgebern auf dem holprigen Rasen in Br\u00fcntrup viel Platz zum Spielen. Diesen nutzen sie, konnten aber aus den zahlreich herausgespielten Torchancen auch nur zwei verwerten. Bei den \u00fcbrigen M\u00f6glichkeiten zeigten die Gastgeber, dass der Abstand dann doch nicht so gro\u00df ist. Geradezu fahrl\u00e4ssig gingen sie mit ihren M\u00f6glichkeiten um. Schade nur, dass die wenigen Torgelegenheiten des TuS ebenfalls sprichw\u00f6rtlich im Boden versanken. Obwohl mit zwei hervorragenden Kontern in der zweiten Halbzeit nicht nur der Anschlusstreffer in der Luft lag, sondern auch die Chance auf den avisierten Punktgewinn erreichbar gewesen w\u00e4re.<\/p>\n<figure id=\"attachment_4471\" aria-describedby=\"caption-attachment-4471\" style=\"width: 600px\" class=\"wp-caption alignnone\"><a href=\"https:\/\/i0.wp.com\/www.tuseichholzremmighausen.de\/wordpress\/wp-content\/uploads\/2012\/10\/fb_b-junioren_121027_23.jpg?ssl=1\"><img data-recalc-dims=\"1\" loading=\"lazy\" decoding=\"async\" data-attachment-id=\"4471\" data-permalink=\"https:\/\/www.tuseichholzremmighausen.de\/wordpress\/archives\/4472\/fb_b-junioren_121027_23\" data-orig-file=\"https:\/\/i0.wp.com\/www.tuseichholzremmighausen.de\/wordpress\/wp-content\/uploads\/2012\/10\/fb_b-junioren_121027_23.jpg?fit=600%2C498&amp;ssl=1\" data-orig-size=\"600,498\" data-comments-opened=\"1\" data-image-meta=\"{&quot;aperture&quot;:&quot;3&quot;,&quot;credit&quot;:&quot;&quot;,&quot;camera&quot;:&quot;DMC-FZ38&quot;,&quot;caption&quot;:&quot;&quot;,&quot;created_timestamp&quot;:&quot;1351342350&quot;,&quot;copyright&quot;:&quot;&quot;,&quot;focal_length&quot;:&quot;7.6&quot;,&quot;iso&quot;:&quot;100&quot;,&quot;shutter_speed&quot;:&quot;0.002&quot;,&quot;title&quot;:&quot;&quot;,&quot;orientation&quot;:&quot;1&quot;}\" data-image-title=\"fb_b-junioren_121027_23\" data-image-description=\"\" data-image-caption=\"&lt;p&gt;Jan vorbei &amp;#8211; danach aber ungl\u00fccklich im Abschlu\u00df&lt;\/p&gt;\n\" data-large-file=\"https:\/\/i0.wp.com\/www.tuseichholzremmighausen.de\/wordpress\/wp-content\/uploads\/2012\/10\/fb_b-junioren_121027_23.jpg?fit=600%2C498&amp;ssl=1\" class=\"size-full wp-image-4471\" title=\"fb_b-junioren_121027_23\" src=\"https:\/\/i0.wp.com\/www.tuseichholzremmighausen.de\/wordpress\/wp-content\/uploads\/2012\/10\/fb_b-junioren_121027_23.jpg?resize=600%2C498&#038;ssl=1\" alt=\"Jan vorbei - danach aber ungl\u00fccklich im Abschlu\u00df\" width=\"600\" height=\"498\" srcset=\"https:\/\/i0.wp.com\/www.tuseichholzremmighausen.de\/wordpress\/wp-content\/uploads\/2012\/10\/fb_b-junioren_121027_23.jpg?w=600&amp;ssl=1 600w, https:\/\/i0.wp.com\/www.tuseichholzremmighausen.de\/wordpress\/wp-content\/uploads\/2012\/10\/fb_b-junioren_121027_23.jpg?resize=300%2C249&amp;ssl=1 300w\" sizes=\"auto, (max-width: 600px) 100vw, 600px\" \/><\/a><figcaption id=\"caption-attachment-4471\" class=\"wp-caption-text\">Jan vorbei &#8211; danach aber ungl\u00fccklich im Abschlu\u00df<\/figcaption><\/figure>\n<p>So blieb es am Ende beim 2:0 f\u00fcr die SG Istrup-Br\u00fcntrup. Der TuS muss sich nun ganz auf die letzte Begegnung gegen Brakelsiek konzentrieren, um den m\u00f6glichen vierten Tabellenplatz doch noch zu halten.<\/p>\n<p>\u00a0Tim \u2013 Sergen \u2013 Alan (39. Min. Quynh) \u2013 Dominik (70. Meyk) \u2013 Hab\u00fcn \u2013 Tobias \u2013 Paul \u2013 Jan \u2013 Juan &#8211; Henrik \u2013 Jesse \u2013 Doran &#8211; Stefan<\/p>\n","protected":false},"excerpt":{"rendered":"<p>Nur wenige Tage nach dem Debakel beim Tabellenf\u00fchrer Schlangen gab es auch beim Tabellenzweiten eine Niederlage.<\/p>\n","protected":false},"author":16,"featured_media":0,"comment_status":"closed","ping_status":"closed","sticky":false,"template":"","format":"standard","meta":{"colormag_page_container_layout":"default_layout","colormag_page_sidebar_layout":"default_layout","_jetpack_memberships_contains_paid_content":false,"footnotes":"","jetpack_publicize_message":"","jetpack_publicize_feature_enabled":true,"jetpack_social_post_already_shared":false,"jetpack_social_options":{"image_generator_settings":{"template":"highway","default_image_id":0,"font":"","enabled":false},"version":2}},"categories":[157],"tags":[],"class_list":["post-4472","post","type-post","status-publish","format-standard","hentry","category-archiv"],"jetpack_publicize_connections":[],"jetpack_featured_media_url":"","jetpack_sharing_enabled":true,"_links":{"self":[{"href":"https:\/\/www.tuseichholzremmighausen.de\/wordpress\/wp-json\/wp\/v2\/posts\/4472","targetHints":{"allow":["GET"]}}],"collection":[{"href":"https:\/\/www.tuseichholzremmighausen.de\/wordpress\/wp-json\/wp\/v2\/posts"}],"about":[{"href":"https:\/\/www.tuseichholzremmighausen.de\/wordpress\/wp-json\/wp\/v2\/types\/post"}],"author":[{"embeddable":true,"href":"https:\/\/www.tuseichholzremmighausen.de\/wordpress\/wp-json\/wp\/v2\/users\/16"}],"replies":[{"embeddable":true,"href":"https:\/\/www.tuseichholzremmighausen.de\/wordpress\/wp-json\/wp\/v2\/comments?post=4472"}],"version-history":[{"count":0,"href":"https:\/\/www.tuseichholzremmighausen.de\/wordpress\/wp-json\/wp\/v2\/posts\/4472\/revisions"}],"wp:attachment":[{"href":"https:\/\/www.tuseichholzremmighausen.de\/wordpress\/wp-json\/wp\/v2\/media?parent=4472"}],"wp:term":[{"taxonomy":"category","embeddable":true,"href":"https:\/\/www.tuseichholzremmighausen.de\/wordpress\/wp-json\/wp\/v2\/categories?post=4472"},{"taxonomy":"post_tag","embeddable":true,"href":"https:\/\/www.tuseichholzremmighausen.de\/wordpress\/wp-json\/wp\/v2\/tags?post=4472"}],"curies":[{"name":"wp","href":"https:\/\/api.w.org\/{rel}","templated":true}]}}