{"id":4476,"date":"2012-10-27T18:38:52","date_gmt":"2012-10-27T17:38:52","guid":{"rendered":"http:\/\/www.tuseichholzremmighausen.de\/wordpress\/?p=4476"},"modified":"2020-09-11T20:27:49","modified_gmt":"2020-09-11T18:27:49","slug":"a-jugend-nach-32-uber-spvg-heiligenkirchen-nun-zweiter","status":"publish","type":"post","link":"https:\/\/www.tuseichholzremmighausen.de\/wordpress\/archives\/4476","title":{"rendered":"A-Jugend nach 3:2 \u00fcber SpVg Heiligenkirchen nun Zweiter"},"content":{"rendered":"<figure id=\"attachment_4475\" aria-describedby=\"caption-attachment-4475\" style=\"width: 600px\" class=\"wp-caption alignnone\"><a href=\"https:\/\/i0.wp.com\/www.tuseichholzremmighausen.de\/wordpress\/wp-content\/uploads\/2012\/10\/fb_a-junioren_121027_20.jpg?ssl=1\"><img data-recalc-dims=\"1\" loading=\"lazy\" decoding=\"async\" data-attachment-id=\"4475\" data-permalink=\"https:\/\/www.tuseichholzremmighausen.de\/wordpress\/archives\/4476\/fb_a-junioren_121027_20\" data-orig-file=\"https:\/\/i0.wp.com\/www.tuseichholzremmighausen.de\/wordpress\/wp-content\/uploads\/2012\/10\/fb_a-junioren_121027_20.jpg?fit=600%2C324&amp;ssl=1\" data-orig-size=\"600,324\" data-comments-opened=\"1\" data-image-meta=\"{&quot;aperture&quot;:&quot;3.7&quot;,&quot;credit&quot;:&quot;&quot;,&quot;camera&quot;:&quot;DMC-FZ38&quot;,&quot;caption&quot;:&quot;&quot;,&quot;created_timestamp&quot;:&quot;1351359763&quot;,&quot;copyright&quot;:&quot;&quot;,&quot;focal_length&quot;:&quot;44&quot;,&quot;iso&quot;:&quot;400&quot;,&quot;shutter_speed&quot;:&quot;0.00625&quot;,&quot;title&quot;:&quot;&quot;,&quot;orientation&quot;:&quot;1&quot;}\" data-image-title=\"fb_a-junioren_121027_20\" data-image-description=\"\" data-image-caption=\"&lt;p&gt;Schnelles Spiel von hinten heraus &amp;#8211; trotz ausgefahrener Arme&lt;\/p&gt;\n\" data-large-file=\"https:\/\/i0.wp.com\/www.tuseichholzremmighausen.de\/wordpress\/wp-content\/uploads\/2012\/10\/fb_a-junioren_121027_20.jpg?fit=600%2C324&amp;ssl=1\" class=\"size-full wp-image-4475\" title=\"fb_a-junioren_121027_20\" src=\"https:\/\/i0.wp.com\/www.tuseichholzremmighausen.de\/wordpress\/wp-content\/uploads\/2012\/10\/fb_a-junioren_121027_20.jpg?resize=600%2C324&#038;ssl=1\" alt=\"Schnelles Spiel von hinten heraus - trotz ausgefahrener Arme\" width=\"600\" height=\"324\" srcset=\"https:\/\/i0.wp.com\/www.tuseichholzremmighausen.de\/wordpress\/wp-content\/uploads\/2012\/10\/fb_a-junioren_121027_20.jpg?w=600&amp;ssl=1 600w, https:\/\/i0.wp.com\/www.tuseichholzremmighausen.de\/wordpress\/wp-content\/uploads\/2012\/10\/fb_a-junioren_121027_20.jpg?resize=300%2C162&amp;ssl=1 300w\" sizes=\"auto, (max-width: 600px) 100vw, 600px\" \/><\/a><figcaption id=\"caption-attachment-4475\" class=\"wp-caption-text\">Schnelles Spiel von hinten heraus &#8211; trotz ausgefahrener Arme<\/figcaption><\/figure>\n<p>Nach dem hart erk\u00e4mpften 3:2-Heimsieg gegen die SpVg Heiligenkirchen tauschen die Mannschaften in der aktuellen Tabelle die Pl\u00e4tze.<!--more--> Als Tabellenzweiter wollten die G\u00e4ste aus Heiligenkirchen ganz oben dran bleiben. Der TuS hingegen h\u00e4tte bei einer Niederlage ein wenig den Anschluss verloren. Nun liegt gerade einmal ein P\u00fcnktchen zwischen dem ersten und dem Tabellenvierten. Nach dem fr\u00fchen R\u00fcckstand stabilisierte sich der TuS und brauchte gut zwanzig Minuten um zum Ausgleich zu kommen. Marco Barkowski markierte den umjubelten Treffer f\u00fcr den TuS in der 35. Spielminute. Nach der Pause versch\u00e4rfte der TuS weiter die Offensive. Der missgl\u00fcckte Abwehrversuch nach einer scharfen Hereingabe f\u00fchrte zum Eigentor der G\u00e4ste. Die Partie wurde hitziger, beide Teams agierten aber weiter offensiv. \u00dcber den Ausgleich in der 57. Minute durften sich die G\u00e4ste allerdings nicht lange freuen. Nur\u00a0drei Minuten sp\u00e4ter\u00a0lie\u00df Jannik Rother mit seinem Foulelfmeter dem Keeper keine Abwehrchance. Klasse schickt er den Keeper in die falsche Ecke und trifft zur erneuten F\u00fchrung.<\/p>\n<figure id=\"attachment_4474\" aria-describedby=\"caption-attachment-4474\" style=\"width: 600px\" class=\"wp-caption alignnone\"><a href=\"https:\/\/i0.wp.com\/www.tuseichholzremmighausen.de\/wordpress\/wp-content\/uploads\/2012\/10\/fb_a-junioren_121027_14.jpg?ssl=1\"><img data-recalc-dims=\"1\" loading=\"lazy\" decoding=\"async\" data-attachment-id=\"4474\" data-permalink=\"https:\/\/www.tuseichholzremmighausen.de\/wordpress\/archives\/4476\/fb_a-junioren_121027_14\" data-orig-file=\"https:\/\/i0.wp.com\/www.tuseichholzremmighausen.de\/wordpress\/wp-content\/uploads\/2012\/10\/fb_a-junioren_121027_14.jpg?fit=600%2C180&amp;ssl=1\" data-orig-size=\"600,180\" data-comments-opened=\"1\" data-image-meta=\"{&quot;aperture&quot;:&quot;3.2&quot;,&quot;credit&quot;:&quot;&quot;,&quot;camera&quot;:&quot;DMC-FZ38&quot;,&quot;caption&quot;:&quot;&quot;,&quot;created_timestamp&quot;:&quot;1351358955&quot;,&quot;copyright&quot;:&quot;&quot;,&quot;focal_length&quot;:&quot;9.5&quot;,&quot;iso&quot;:&quot;400&quot;,&quot;shutter_speed&quot;:&quot;0.005&quot;,&quot;title&quot;:&quot;&quot;,&quot;orientation&quot;:&quot;1&quot;}\" data-image-title=\"fb_a-junioren_121027_14\" data-image-description=\"\" data-image-caption=\"&lt;p&gt;Keeper nach links verladen &amp;#8211; Jannik Rother trifft rechts unten&lt;\/p&gt;\n\" data-large-file=\"https:\/\/i0.wp.com\/www.tuseichholzremmighausen.de\/wordpress\/wp-content\/uploads\/2012\/10\/fb_a-junioren_121027_14.jpg?fit=600%2C180&amp;ssl=1\" class=\"size-full wp-image-4474\" title=\"fb_a-junioren_121027_14\" src=\"https:\/\/i0.wp.com\/www.tuseichholzremmighausen.de\/wordpress\/wp-content\/uploads\/2012\/10\/fb_a-junioren_121027_14.jpg?resize=600%2C180&#038;ssl=1\" alt=\"Keeper nach links verladen - Jannik Rother trifft rechts unten\" width=\"600\" height=\"180\" srcset=\"https:\/\/i0.wp.com\/www.tuseichholzremmighausen.de\/wordpress\/wp-content\/uploads\/2012\/10\/fb_a-junioren_121027_14.jpg?w=600&amp;ssl=1 600w, https:\/\/i0.wp.com\/www.tuseichholzremmighausen.de\/wordpress\/wp-content\/uploads\/2012\/10\/fb_a-junioren_121027_14.jpg?resize=300%2C90&amp;ssl=1 300w\" sizes=\"auto, (max-width: 600px) 100vw, 600px\" \/><\/a><figcaption id=\"caption-attachment-4474\" class=\"wp-caption-text\">Keeper nach links verladen &#8211; Jannik Rother trifft rechts unten<\/figcaption><\/figure>\n<p>Die G\u00e4ste drangen auf den Ausgleich, der TuS versuchte den entscheidenden Konter zu setzten. Das Spiel wogte hin und her, mit Chancen auf beiden Seiten. Schiedsrichter Markus Br\u00fchl lie\u00df sich nicht aus der Ruhe bringen, trotz einiger hitzk\u00f6pfiger Aktionen zwischen den Akteuren. Mit hervorragenden Paraden von Jean-Marc und guten Abwehraktionen seiner Vorderleute \u00fcberstanden die Gr\u00fcn-Wei\u00dfen auch die gef\u00e4hrlichsten Situationen in den Schlussminuten.<\/p>\n<figure id=\"attachment_4473\" aria-describedby=\"caption-attachment-4473\" style=\"width: 600px\" class=\"wp-caption alignnone\"><a href=\"https:\/\/i0.wp.com\/www.tuseichholzremmighausen.de\/wordpress\/wp-content\/uploads\/2012\/10\/fb_a-junioren_121027_28.jpg?ssl=1\"><img data-recalc-dims=\"1\" loading=\"lazy\" decoding=\"async\" data-attachment-id=\"4473\" data-permalink=\"https:\/\/www.tuseichholzremmighausen.de\/wordpress\/archives\/4476\/fb_a-junioren_121027_28\" data-orig-file=\"https:\/\/i0.wp.com\/www.tuseichholzremmighausen.de\/wordpress\/wp-content\/uploads\/2012\/10\/fb_a-junioren_121027_28.jpg?fit=600%2C238&amp;ssl=1\" data-orig-size=\"600,238\" data-comments-opened=\"1\" data-image-meta=\"{&quot;aperture&quot;:&quot;3.7&quot;,&quot;credit&quot;:&quot;&quot;,&quot;camera&quot;:&quot;DMC-FZ38&quot;,&quot;caption&quot;:&quot;&quot;,&quot;created_timestamp&quot;:&quot;1351360133&quot;,&quot;copyright&quot;:&quot;&quot;,&quot;focal_length&quot;:&quot;54.4&quot;,&quot;iso&quot;:&quot;800&quot;,&quot;shutter_speed&quot;:&quot;0.008&quot;,&quot;title&quot;:&quot;&quot;,&quot;orientation&quot;:&quot;1&quot;}\" data-image-title=\"fb_a-junioren_121027_28\" data-image-description=\"\" data-image-caption=\"&lt;p&gt;Jean-Marc mit klasse Paraden h\u00e4lt den Sieg fest in den H\u00e4nden&lt;\/p&gt;\n\" data-large-file=\"https:\/\/i0.wp.com\/www.tuseichholzremmighausen.de\/wordpress\/wp-content\/uploads\/2012\/10\/fb_a-junioren_121027_28.jpg?fit=600%2C238&amp;ssl=1\" class=\"size-full wp-image-4473\" title=\"fb_a-junioren_121027_28\" src=\"https:\/\/i0.wp.com\/www.tuseichholzremmighausen.de\/wordpress\/wp-content\/uploads\/2012\/10\/fb_a-junioren_121027_28.jpg?resize=600%2C238&#038;ssl=1\" alt=\"Jean-Marc mit klasse Paraden h\u00e4lt den Sieg fest in den H\u00e4nden\" width=\"600\" height=\"238\" srcset=\"https:\/\/i0.wp.com\/www.tuseichholzremmighausen.de\/wordpress\/wp-content\/uploads\/2012\/10\/fb_a-junioren_121027_28.jpg?w=600&amp;ssl=1 600w, https:\/\/i0.wp.com\/www.tuseichholzremmighausen.de\/wordpress\/wp-content\/uploads\/2012\/10\/fb_a-junioren_121027_28.jpg?resize=300%2C119&amp;ssl=1 300w\" sizes=\"auto, (max-width: 600px) 100vw, 600px\" \/><\/a><figcaption id=\"caption-attachment-4473\" class=\"wp-caption-text\">Jean-Marc mit klasse Paraden h\u00e4lt den Sieg fest in den H\u00e4nden<\/figcaption><\/figure>\n<p>Dann endlich der Schlusspfiff. In einem intensiven Spiel gewinnt der TuS nicht unverdient mit 3:2 und reist am kommenden Spieltag als neuer Tabellenzweiter zum TuS Brakelsiek. \u00a0\u00a0\u00a0<\/p>\n<p>&nbsp;<\/p>\n<p>&nbsp;<\/p>\n<p>&nbsp;<\/p>\n<p>Es spielten:<\/p>\n<p>Jean-Marc Krumme \u2013 Damian Becker &#8211; Niklas Bohlmann \u2013 Matthias Bauer &#8211; Fabio Dresen &#8211; Housseb Rassil \u2013 Tim Werner \u2013 Felix Tcheon (78. Ben Ayed Enis) \u2013 Jannik Rother \u2013 Marco Barkowski \u2013 Sven Manhold<\/p>\n","protected":false},"excerpt":{"rendered":"<p>Nach dem hart erk\u00e4mpften 3:2-Heimsieg gegen die SpVg Heiligenkirchen tauschen die Mannschaften in der aktuellen Tabelle die Pl\u00e4tze.<\/p>\n","protected":false},"author":16,"featured_media":0,"comment_status":"closed","ping_status":"closed","sticky":false,"template":"","format":"standard","meta":{"colormag_page_container_layout":"default_layout","colormag_page_sidebar_layout":"default_layout","_jetpack_memberships_contains_paid_content":false,"footnotes":"","jetpack_publicize_message":"","jetpack_publicize_feature_enabled":true,"jetpack_social_post_already_shared":false,"jetpack_social_options":{"image_generator_settings":{"template":"highway","default_image_id":0,"font":"","enabled":false},"version":2}},"categories":[157],"tags":[],"class_list":["post-4476","post","type-post","status-publish","format-standard","hentry","category-archiv"],"jetpack_publicize_connections":[],"jetpack_featured_media_url":"","jetpack_sharing_enabled":true,"_links":{"self":[{"href":"https:\/\/www.tuseichholzremmighausen.de\/wordpress\/wp-json\/wp\/v2\/posts\/4476","targetHints":{"allow":["GET"]}}],"collection":[{"href":"https:\/\/www.tuseichholzremmighausen.de\/wordpress\/wp-json\/wp\/v2\/posts"}],"about":[{"href":"https:\/\/www.tuseichholzremmighausen.de\/wordpress\/wp-json\/wp\/v2\/types\/post"}],"author":[{"embeddable":true,"href":"https:\/\/www.tuseichholzremmighausen.de\/wordpress\/wp-json\/wp\/v2\/users\/16"}],"replies":[{"embeddable":true,"href":"https:\/\/www.tuseichholzremmighausen.de\/wordpress\/wp-json\/wp\/v2\/comments?post=4476"}],"version-history":[{"count":0,"href":"https:\/\/www.tuseichholzremmighausen.de\/wordpress\/wp-json\/wp\/v2\/posts\/4476\/revisions"}],"wp:attachment":[{"href":"https:\/\/www.tuseichholzremmighausen.de\/wordpress\/wp-json\/wp\/v2\/media?parent=4476"}],"wp:term":[{"taxonomy":"category","embeddable":true,"href":"https:\/\/www.tuseichholzremmighausen.de\/wordpress\/wp-json\/wp\/v2\/categories?post=4476"},{"taxonomy":"post_tag","embeddable":true,"href":"https:\/\/www.tuseichholzremmighausen.de\/wordpress\/wp-json\/wp\/v2\/tags?post=4476"}],"curies":[{"name":"wp","href":"https:\/\/api.w.org\/{rel}","templated":true}]}}