{"id":4837,"date":"2013-03-19T09:59:29","date_gmt":"2013-03-19T08:59:29","guid":{"rendered":"http:\/\/www.tuseichholzremmighausen.de\/wordpress\/?p=4837"},"modified":"2020-09-11T20:28:26","modified_gmt":"2020-09-11T18:28:26","slug":"mit-gutem-teamgeist-zum-vizemeister","status":"publish","type":"post","link":"https:\/\/www.tuseichholzremmighausen.de\/wordpress\/archives\/4837","title":{"rendered":"Mit gutem Teamgeist zum Vizemeister"},"content":{"rendered":"<figure id=\"attachment_4834\" aria-describedby=\"caption-attachment-4834\" style=\"width: 600px\" class=\"wp-caption aligncenter\"><a href=\"https:\/\/www.tuseichholzremmighausen.de\/wordpress\/archives\/4837\/fb_e2-junioren_130316_01\" rel=\"attachment wp-att-4834\"><img data-recalc-dims=\"1\" loading=\"lazy\" decoding=\"async\" data-attachment-id=\"4834\" data-permalink=\"https:\/\/www.tuseichholzremmighausen.de\/wordpress\/archives\/4837\/fb_e2-junioren_130316_01\" data-orig-file=\"https:\/\/i0.wp.com\/www.tuseichholzremmighausen.de\/wordpress\/wp-content\/uploads\/2013\/03\/fb_e2-junioren_130316_01.jpg?fit=600%2C423&amp;ssl=1\" data-orig-size=\"600,423\" data-comments-opened=\"1\" data-image-meta=\"{&quot;aperture&quot;:&quot;4&quot;,&quot;credit&quot;:&quot;&quot;,&quot;camera&quot;:&quot;Canon EOS 1100D&quot;,&quot;caption&quot;:&quot;&quot;,&quot;created_timestamp&quot;:&quot;1363439983&quot;,&quot;copyright&quot;:&quot;&quot;,&quot;focal_length&quot;:&quot;25&quot;,&quot;iso&quot;:&quot;800&quot;,&quot;shutter_speed&quot;:&quot;0.016666666666667&quot;,&quot;title&quot;:&quot;&quot;,&quot;orientation&quot;:&quot;1&quot;}\" data-image-title=\"fb_e2-junioren_130316_01\" data-image-description=\"&lt;p&gt;Aufstellung der E2 &amp;#8211; Junioren beim Hallenfinale&lt;\/p&gt;\n\" data-image-caption=\"&lt;p&gt;Aufstellung der E2 &amp;#8211; Junioren beim Hallenfinale&lt;\/p&gt;\n\" data-large-file=\"https:\/\/i0.wp.com\/www.tuseichholzremmighausen.de\/wordpress\/wp-content\/uploads\/2013\/03\/fb_e2-junioren_130316_01.jpg?fit=600%2C423&amp;ssl=1\" class=\"size-full wp-image-4834\" alt=\"Aufstellung der E2 - Junioren beim Hallenfinale\" src=\"https:\/\/i0.wp.com\/www.tuseichholzremmighausen.de\/wordpress\/wp-content\/uploads\/2013\/03\/fb_e2-junioren_130316_01.jpg?resize=600%2C423&#038;ssl=1\" width=\"600\" height=\"423\" srcset=\"https:\/\/i0.wp.com\/www.tuseichholzremmighausen.de\/wordpress\/wp-content\/uploads\/2013\/03\/fb_e2-junioren_130316_01.jpg?w=600&amp;ssl=1 600w, https:\/\/i0.wp.com\/www.tuseichholzremmighausen.de\/wordpress\/wp-content\/uploads\/2013\/03\/fb_e2-junioren_130316_01.jpg?resize=300%2C211&amp;ssl=1 300w\" sizes=\"auto, (max-width: 600px) 100vw, 600px\" \/><\/a><figcaption id=\"caption-attachment-4834\" class=\"wp-caption-text\">Aufstellung der E2 &#8211; Junioren beim Hallenfinale<\/figcaption><\/figure>\n<p>Nachdem die M\u00e4dchen und Jungs des E2 Teams in der Vorrunde einen guten Lauf hatten und acht von neun Spielen f\u00fcr sich entscheiden konnten, ging es dann am vergangenen Samstag in der Gruppe der besten sechs Mannschaften um den Titel. <!--more-->Im ersten Spiel ging es gegen Augustdorf, den Ausrichter, und wie f\u00fcr unser Team nicht un\u00fcblich, so wurde auch diesmal das erste Spiel nahezu komplett verschlafen und endete mit 3:1 f\u00fcr den besser spielenden Gegner. Im weiteren Turnierverlauf erspielte unser Team ein 3:0 gegen Istrup-Br\u00fcntrup, 0:0 gegen TuS 08 Brakelsiek, 1:0 gegen Horn Bad-Meinberg und ein 2:1 gegen CSL Detmold. Das ergab dann im Endergebnis einen guten zweiten Platz, hinter dem FC Augustdorf.<\/p>\n<figure id=\"attachment_4835\" aria-describedby=\"caption-attachment-4835\" style=\"width: 600px\" class=\"wp-caption aligncenter\"><a href=\"https:\/\/www.tuseichholzremmighausen.de\/wordpress\/archives\/4837\/fb_e2-junioren_130316_02\" rel=\"attachment wp-att-4835\"><img data-recalc-dims=\"1\" loading=\"lazy\" decoding=\"async\" data-attachment-id=\"4835\" data-permalink=\"https:\/\/www.tuseichholzremmighausen.de\/wordpress\/archives\/4837\/fb_e2-junioren_130316_02\" data-orig-file=\"https:\/\/i0.wp.com\/www.tuseichholzremmighausen.de\/wordpress\/wp-content\/uploads\/2013\/03\/fb_e2-junioren_130316_02.jpg?fit=600%2C422&amp;ssl=1\" data-orig-size=\"600,422\" data-comments-opened=\"1\" data-image-meta=\"{&quot;aperture&quot;:&quot;4&quot;,&quot;credit&quot;:&quot;&quot;,&quot;camera&quot;:&quot;Canon EOS 1100D&quot;,&quot;caption&quot;:&quot;&quot;,&quot;created_timestamp&quot;:&quot;1363425884&quot;,&quot;copyright&quot;:&quot;&quot;,&quot;focal_length&quot;:&quot;28&quot;,&quot;iso&quot;:&quot;800&quot;,&quot;shutter_speed&quot;:&quot;0.016666666666667&quot;,&quot;title&quot;:&quot;&quot;,&quot;orientation&quot;:&quot;1&quot;}\" data-image-title=\"fb_e2-junioren_130316_02\" data-image-description=\"&lt;p&gt;Besprechung der Aufstellung &lt;\/p&gt;\n\" data-image-caption=\"&lt;p&gt;Besprechung der Aufstellung &lt;\/p&gt;\n\" data-large-file=\"https:\/\/i0.wp.com\/www.tuseichholzremmighausen.de\/wordpress\/wp-content\/uploads\/2013\/03\/fb_e2-junioren_130316_02.jpg?fit=600%2C422&amp;ssl=1\" class=\"size-full wp-image-4835\" alt=\"Besprechung der Aufstellung\" src=\"https:\/\/i0.wp.com\/www.tuseichholzremmighausen.de\/wordpress\/wp-content\/uploads\/2013\/03\/fb_e2-junioren_130316_02.jpg?resize=600%2C422&#038;ssl=1\" width=\"600\" height=\"422\" srcset=\"https:\/\/i0.wp.com\/www.tuseichholzremmighausen.de\/wordpress\/wp-content\/uploads\/2013\/03\/fb_e2-junioren_130316_02.jpg?w=600&amp;ssl=1 600w, https:\/\/i0.wp.com\/www.tuseichholzremmighausen.de\/wordpress\/wp-content\/uploads\/2013\/03\/fb_e2-junioren_130316_02.jpg?resize=300%2C211&amp;ssl=1 300w\" sizes=\"auto, (max-width: 600px) 100vw, 600px\" \/><\/a><figcaption id=\"caption-attachment-4835\" class=\"wp-caption-text\">Besprechung der Aufstellung<\/figcaption><\/figure>\n<p>Diese gute Platzierung ist auch deshalb sehr erfreulich, da in unserem E2 Team neben zwei F-Jugend Jahrg\u00e4ngen auch Neueinsteiger, die erst vor kurzem mit dem Fu\u00dfballsport begonnen haben, ihren festen Platz haben und das Leistungsprinzip bei den Trainern nie oberste Priorit\u00e4t hatte.<\/p>\n","protected":false},"excerpt":{"rendered":"<p>Nachdem die M\u00e4dchen und Jungs des E2 Teams in der Vorrunde einen guten Lauf hatten und acht von neun Spielen<\/p>\n","protected":false},"author":39,"featured_media":0,"comment_status":"open","ping_status":"open","sticky":false,"template":"","format":"standard","meta":{"colormag_page_container_layout":"default_layout","colormag_page_sidebar_layout":"default_layout","_jetpack_memberships_contains_paid_content":false,"footnotes":"","jetpack_publicize_message":"","jetpack_publicize_feature_enabled":true,"jetpack_social_post_already_shared":false,"jetpack_social_options":{"image_generator_settings":{"template":"highway","default_image_id":0,"font":"","enabled":false},"version":2}},"categories":[157],"tags":[],"class_list":["post-4837","post","type-post","status-publish","format-standard","hentry","category-archiv"],"jetpack_publicize_connections":[],"jetpack_featured_media_url":"","jetpack_sharing_enabled":true,"_links":{"self":[{"href":"https:\/\/www.tuseichholzremmighausen.de\/wordpress\/wp-json\/wp\/v2\/posts\/4837","targetHints":{"allow":["GET"]}}],"collection":[{"href":"https:\/\/www.tuseichholzremmighausen.de\/wordpress\/wp-json\/wp\/v2\/posts"}],"about":[{"href":"https:\/\/www.tuseichholzremmighausen.de\/wordpress\/wp-json\/wp\/v2\/types\/post"}],"author":[{"embeddable":true,"href":"https:\/\/www.tuseichholzremmighausen.de\/wordpress\/wp-json\/wp\/v2\/users\/39"}],"replies":[{"embeddable":true,"href":"https:\/\/www.tuseichholzremmighausen.de\/wordpress\/wp-json\/wp\/v2\/comments?post=4837"}],"version-history":[{"count":0,"href":"https:\/\/www.tuseichholzremmighausen.de\/wordpress\/wp-json\/wp\/v2\/posts\/4837\/revisions"}],"wp:attachment":[{"href":"https:\/\/www.tuseichholzremmighausen.de\/wordpress\/wp-json\/wp\/v2\/media?parent=4837"}],"wp:term":[{"taxonomy":"category","embeddable":true,"href":"https:\/\/www.tuseichholzremmighausen.de\/wordpress\/wp-json\/wp\/v2\/categories?post=4837"},{"taxonomy":"post_tag","embeddable":true,"href":"https:\/\/www.tuseichholzremmighausen.de\/wordpress\/wp-json\/wp\/v2\/tags?post=4837"}],"curies":[{"name":"wp","href":"https:\/\/api.w.org\/{rel}","templated":true}]}}