{"id":6051,"date":"2014-02-06T13:00:12","date_gmt":"2014-02-06T12:00:12","guid":{"rendered":"http:\/\/www.tuseichholzremmighausen.de\/wordpress\/?p=6051"},"modified":"2020-09-11T20:30:14","modified_gmt":"2020-09-11T18:30:14","slug":"winterwurfmeisterschaften","status":"publish","type":"post","link":"https:\/\/www.tuseichholzremmighausen.de\/wordpress\/archives\/6051","title":{"rendered":"Winterwurfmeisterschaften"},"content":{"rendered":"<p><strong>Kurzbericht \u00fcber die lippischen Teilnehmer bei den westf\u00e4lischen Winterwurfmeisterschaften Diskus\/Speer am 25.1.2014 in Kamen:<\/strong><\/p>\n<figure id=\"attachment_6052\" aria-describedby=\"caption-attachment-6052\" style=\"width: 600px\" class=\"wp-caption alignleft\"><a href=\"https:\/\/i0.wp.com\/www.tuseichholzremmighausen.de\/wordpress\/wp-content\/uploads\/2014\/02\/tul_1401_tinarother_01.jpg?ssl=1\"><img data-recalc-dims=\"1\" loading=\"lazy\" decoding=\"async\" data-attachment-id=\"6052\" data-permalink=\"https:\/\/www.tuseichholzremmighausen.de\/wordpress\/archives\/6051\/tul_1401_tinarother_01\" data-orig-file=\"https:\/\/i0.wp.com\/www.tuseichholzremmighausen.de\/wordpress\/wp-content\/uploads\/2014\/02\/tul_1401_tinarother_01.jpg?fit=600%2C521&amp;ssl=1\" data-orig-size=\"600,521\" data-comments-opened=\"1\" data-image-meta=\"{&quot;aperture&quot;:&quot;3.9&quot;,&quot;credit&quot;:&quot;&quot;,&quot;camera&quot;:&quot;EX-FS10&quot;,&quot;caption&quot;:&quot;&quot;,&quot;created_timestamp&quot;:&quot;1390652192&quot;,&quot;copyright&quot;:&quot;&quot;,&quot;focal_length&quot;:&quot;6.66&quot;,&quot;iso&quot;:&quot;100&quot;,&quot;shutter_speed&quot;:&quot;0.008&quot;,&quot;title&quot;:&quot;&quot;,&quot;orientation&quot;:&quot;1&quot;}\" data-image-title=\"tul_1401_tinarother_01\" data-image-description=\"\" data-image-caption=\"&lt;p&gt;v.l.n.r.: Trainer Klaus Brand, Florian Pielemeier, Tina Rother, Lukas Moczarski, Phillip Willemsen &amp;#8211; Foto Ulrich Offel&lt;\/p&gt;\n\" data-large-file=\"https:\/\/i0.wp.com\/www.tuseichholzremmighausen.de\/wordpress\/wp-content\/uploads\/2014\/02\/tul_1401_tinarother_01.jpg?fit=600%2C521&amp;ssl=1\" class=\"size-full wp-image-6052 \" alt=\"Winterwurfmeisterschaft\" src=\"https:\/\/i0.wp.com\/www.tuseichholzremmighausen.de\/wordpress\/wp-content\/uploads\/2014\/02\/tul_1401_tinarother_01.jpg?resize=600%2C521&#038;ssl=1\" width=\"600\" height=\"521\" srcset=\"https:\/\/i0.wp.com\/www.tuseichholzremmighausen.de\/wordpress\/wp-content\/uploads\/2014\/02\/tul_1401_tinarother_01.jpg?w=600&amp;ssl=1 600w, https:\/\/i0.wp.com\/www.tuseichholzremmighausen.de\/wordpress\/wp-content\/uploads\/2014\/02\/tul_1401_tinarother_01.jpg?resize=300%2C260&amp;ssl=1 300w\" sizes=\"auto, (max-width: 600px) 100vw, 600px\" \/><\/a><figcaption id=\"caption-attachment-6052\" class=\"wp-caption-text\">v.l.n.r.: Trainer Klaus Brand, Florian Pielemeier, Tina Rother, Lukas Moczarski, Phillip Willemsen<br \/>Foto Ulrich Offel<\/figcaption><\/figure>\n<p>Tina Rother (LG Lippe-S\u00fcd) konnte mit ihren Weiten von 36,21m im Speerwurf U18 und 36,06m im Diskuswurf eigentlich nicht unzufrieden sein, denn immerhin kam sie damit bei eisigen Temperaturen auf die Pl\u00e4tze 5 und 3. In beiden Wettbewerben fehlte nicht viel, um ganz vorne zu landen. H\u00e4tte sie heute ann\u00e4hernd ihre Bestleistungen abrufen k\u00f6nnen, w\u00e4re sogar Gold drin gewesen.<!--more--><\/p>\n<p>Phillip Willemsen Westfalenmeister im Speerwurf<br \/>\nAus Frust \u00fcber drei ung\u00fcltige Versuche im Diskuswurf U18 bei den westf\u00e4lischen \u201eWinterwurfmeisterschaften\u201c in Kamen gab Phillip Willemsen (LG Lippe-S\u00fcd) alles beim anschlie\u00dfenden Speerwurfwettbewerb, worin er als Favorit gegangen war. Mit 52,35m konnte er seine Konkurrenten, die schon \u00fcber 50m geworfen hatten, um fast einen Meter \u00fcbertreffen und sich \u00fcber seinen ersten Westfalenmeistertitel in diesem Jahr freuen. Dies war jedoch nicht die einzige Urkunde, die Peter Westermann vom Verbands-Leichtathletik-Ausschuss heute an Lipper ausgeben konnte.<\/p>\n<p>Einen sehr guten f\u00fcnften Platz sicherte sich im Speerwurf U20 Lukas Moczarski (LG Lippe-S\u00fcd) mit 47,41m \u2013 mehr war mit R\u00fcckenschmerzen heute nicht m\u00f6glich. Florian Pielemeier (LG Lemgo) war der Vierte der kleinen lippischen Delegation am heutigen Tag im Jahnstadion. Er wurde mit 29,35m Zw\u00f6lfter im Diskuswurf U18.<\/p>\n<p>Gez. Klaus Brand, VKLA<\/p>\n","protected":false},"excerpt":{"rendered":"<p>Kurzbericht \u00fcber die lippischen Teilnehmer bei den westf\u00e4lischen Winterwurfmeisterschaften Diskus\/Speer am 25.1.2014 in Kamen: Tina Rother (LG Lippe-S\u00fcd) konnte mit<\/p>\n","protected":false},"author":46,"featured_media":0,"comment_status":"closed","ping_status":"closed","sticky":false,"template":"","format":"standard","meta":{"colormag_page_container_layout":"default_layout","colormag_page_sidebar_layout":"default_layout","_jetpack_memberships_contains_paid_content":false,"footnotes":"","jetpack_publicize_message":"","jetpack_publicize_feature_enabled":true,"jetpack_social_post_already_shared":false,"jetpack_social_options":{"image_generator_settings":{"template":"highway","default_image_id":0,"font":"","enabled":false},"version":2}},"categories":[157],"tags":[],"class_list":["post-6051","post","type-post","status-publish","format-standard","hentry","category-archiv"],"jetpack_publicize_connections":[],"jetpack_featured_media_url":"","jetpack_sharing_enabled":true,"_links":{"self":[{"href":"https:\/\/www.tuseichholzremmighausen.de\/wordpress\/wp-json\/wp\/v2\/posts\/6051","targetHints":{"allow":["GET"]}}],"collection":[{"href":"https:\/\/www.tuseichholzremmighausen.de\/wordpress\/wp-json\/wp\/v2\/posts"}],"about":[{"href":"https:\/\/www.tuseichholzremmighausen.de\/wordpress\/wp-json\/wp\/v2\/types\/post"}],"author":[{"embeddable":true,"href":"https:\/\/www.tuseichholzremmighausen.de\/wordpress\/wp-json\/wp\/v2\/users\/46"}],"replies":[{"embeddable":true,"href":"https:\/\/www.tuseichholzremmighausen.de\/wordpress\/wp-json\/wp\/v2\/comments?post=6051"}],"version-history":[{"count":0,"href":"https:\/\/www.tuseichholzremmighausen.de\/wordpress\/wp-json\/wp\/v2\/posts\/6051\/revisions"}],"wp:attachment":[{"href":"https:\/\/www.tuseichholzremmighausen.de\/wordpress\/wp-json\/wp\/v2\/media?parent=6051"}],"wp:term":[{"taxonomy":"category","embeddable":true,"href":"https:\/\/www.tuseichholzremmighausen.de\/wordpress\/wp-json\/wp\/v2\/categories?post=6051"},{"taxonomy":"post_tag","embeddable":true,"href":"https:\/\/www.tuseichholzremmighausen.de\/wordpress\/wp-json\/wp\/v2\/tags?post=6051"}],"curies":[{"name":"wp","href":"https:\/\/api.w.org\/{rel}","templated":true}]}}