{"id":6058,"date":"2014-02-08T00:14:00","date_gmt":"2014-02-07T23:14:00","guid":{"rendered":"http:\/\/www.tuseichholzremmighausen.de\/wordpress\/?p=6058"},"modified":"2020-09-11T20:30:14","modified_gmt":"2020-09-11T18:30:14","slug":"klausurtagung-der-lg-lippe-sued","status":"publish","type":"post","link":"https:\/\/www.tuseichholzremmighausen.de\/wordpress\/archives\/6058","title":{"rendered":"Klausurtagung der LG Lippe-S\u00fcd"},"content":{"rendered":"<p><strong>LG Lippe-S\u00fcd e.V. macht sich \u201ezukunftsf\u00e4hig\u201c<\/strong><br \/>\nWeichenstellung auf einer ganzt\u00e4gigen Klausurtagung im Remikenhus<\/p>\n<p>\u201eNiemand ist so gut, dass er sich nicht noch verbessern k\u00f6nnte!\u201c Dieses Motto des FLVW f\u00fcllte die LG Lippe-S\u00fcd e.V. nun mit Leben. Dabei kann die in diesem Jahr 40 Jahre alt werdende Gemeinschaft aus sieben Mitgliedsvereinen auf eine sehr erfolgreiche Nachwuchsarbeit zur\u00fcck blicken, denn immerhin sind aus ihren Reihen bisher drei Olympia-Teilnehmerinnen (2004 = Claudia Tonn, 12.Platz im Siebenkampf, 2008, 2012 = Lilli Schwarzkopf, Silber im Siebenkampf, 2102 =\u00a0 Linda Stahl, Bronze im Speerwurf), eine U18-Weltmeisterin (Desiree Singh, 2011, Stabhoch) und eine U20-Vize-Europameisterin (Lilli Schnitzerling, 2011, Stabhoch) hervorgegangen.<\/p>\n<figure id=\"attachment_6060\" aria-describedby=\"caption-attachment-6060\" style=\"width: 640px\" class=\"wp-caption alignleft\"><a href=\"https:\/\/i0.wp.com\/www.tuseichholzremmighausen.de\/wordpress\/wp-content\/uploads\/2014\/02\/tul_1401_lippesued.jpg?ssl=1\"><img data-recalc-dims=\"1\" loading=\"lazy\" decoding=\"async\" data-attachment-id=\"6060\" data-permalink=\"https:\/\/www.tuseichholzremmighausen.de\/wordpress\/archives\/6058\/tul_1401_lippesued\" data-orig-file=\"https:\/\/i0.wp.com\/www.tuseichholzremmighausen.de\/wordpress\/wp-content\/uploads\/2014\/02\/tul_1401_lippesued.jpg?fit=800%2C600&amp;ssl=1\" data-orig-size=\"800,600\" data-comments-opened=\"1\" data-image-meta=\"{&quot;aperture&quot;:&quot;4&quot;,&quot;credit&quot;:&quot;&quot;,&quot;camera&quot;:&quot;EX-FS10&quot;,&quot;caption&quot;:&quot;&quot;,&quot;created_timestamp&quot;:&quot;1390754262&quot;,&quot;copyright&quot;:&quot;&quot;,&quot;focal_length&quot;:&quot;7.27&quot;,&quot;iso&quot;:&quot;400&quot;,&quot;shutter_speed&quot;:&quot;0.066666666666667&quot;,&quot;title&quot;:&quot;&quot;,&quot;orientation&quot;:&quot;1&quot;}\" data-image-title=\"tul_1401_lippesued\" data-image-description=\"\" data-image-caption=\"&lt;p&gt;Klausurtagung im Remikenhus &lt;\/p&gt;\n\" data-large-file=\"https:\/\/i0.wp.com\/www.tuseichholzremmighausen.de\/wordpress\/wp-content\/uploads\/2014\/02\/tul_1401_lippesued.jpg?fit=800%2C600&amp;ssl=1\" class=\" wp-image-6060\" alt=\"Klausurtagung im Remikenhus \" src=\"https:\/\/i0.wp.com\/www.tuseichholzremmighausen.de\/wordpress\/wp-content\/uploads\/2014\/02\/tul_1401_lippesued.jpg?resize=640%2C479&#038;ssl=1\" width=\"640\" height=\"479\" srcset=\"https:\/\/i0.wp.com\/www.tuseichholzremmighausen.de\/wordpress\/wp-content\/uploads\/2014\/02\/tul_1401_lippesued.jpg?w=800&amp;ssl=1 800w, https:\/\/i0.wp.com\/www.tuseichholzremmighausen.de\/wordpress\/wp-content\/uploads\/2014\/02\/tul_1401_lippesued.jpg?resize=600%2C450&amp;ssl=1 600w, https:\/\/i0.wp.com\/www.tuseichholzremmighausen.de\/wordpress\/wp-content\/uploads\/2014\/02\/tul_1401_lippesued.jpg?resize=300%2C225&amp;ssl=1 300w\" sizes=\"auto, (max-width: 640px) 100vw, 640px\" \/><\/a><figcaption id=\"caption-attachment-6060\" class=\"wp-caption-text\">Klausurtagung im Remikenhus<\/figcaption><\/figure>\n<p>Vordere Platzierungen auf Landesebene bis hin zu deutschen Meisterschaften sind immer wieder gegeben. Aktuell sind die Stabhochspringer ein starker Schwerpunkt im Wettkampfbetrieb, bis hin zum internationalen Bereich<!--more--><br \/>\nDoch die Gesellschaft \u00e4ndert sich, die Anforderungen an eine zeitgem\u00e4\u00dfe Vereinsf\u00fchrung und die damit verbundene ehrenamtliche Vereinsarbeit sind in den vergangenen Jahren kontinuierlich gestiegen, und die Leichtathletik-Vereine m\u00fcssen sich Gedanken machen, wie sie sich \u201ezukunftsf\u00e4hig\u201c machen k\u00f6nnen.<br \/>\nAlso nutzte man das Angebot des LSB, unter der Formel \u201eVIBSS\u201c\u00a0 Unterst\u00fctzung von zukunftsorientierten Konzepten in Anspruch zu nehmen. Sportwart Klaus Brand hatte mit dem Mitgliedsverein TV Blomberg im Vorjahr schon eine sehr erfolgreiche Vorstandsklausur in Hachen hinter sich, und zusammen mit dem Lippe-S\u00fcd Vorsitzenden Wilfried Starke und Basistrainerin Christine Brand wurde eine ganzt\u00e4gige Klausurtagung mit allen \u201ezentralen\u201c und \u201edezentralen\u201c Trainern und dem gesamten Vorstand im \u201eRemikenhus\u201c in Detmold-Remmighausen organisiert und mit Klaus-Peter \u201eVinz\u201c Uhlmann (Menden) ein versierter Projektmanager gewonnen.<br \/>\nDieser f\u00fchrte die komplett erschienene Lippe-S\u00fcd-F\u00fchrungsmannschaft geschickt und kompetent zu einem Gesamtkonzept. \u00dcber einer Zustandsanalyse des Vereins und Verdeutlichen von Problemfeldern kristallisierte sich eine Zielvorstellung mit Priorit\u00e4ten heraus, um leistungsorientierten Sportlern der Region auch gegen andere Sportarten ein konkurrenzf\u00e4higes Angebot f\u00fcr F\u00f6rder- und Entwicklungsm\u00f6glichkeiten zu bieten. Als Voraussetzungen daf\u00fcr wurden die Qualifikation der Trainer, eine transparente Organisationsstruktur, Mitarbeitergewinnung\u00a0 und eine hohe Identifikation mit allen Netzwerk-Partnern gesehen. Kommunen, Mitgliedsvereine, Schulen, Verb\u00e4nde, Medien, Sponsoren und vor allem die Eltern m\u00fcssen in einer stetigen Kommunikation gemeinsam in die \u201eMarke\u201c Lippe-S\u00fcd einbezogen sein.<br \/>\nIm letzten Teil wurden konkrete Aktionen und Ma\u00dfnahmen in den f\u00fcnf Bereichen \u201eDezentrales Training\u201c, \u201eSchule und Verein\u201c, \u201eZentrales Training\u201c, \u201eMitarbeiter\u201c und \u201eMarketing\/\u00d6ffentlichkeit\u201c geplant, eine Zeitschiene vereinbart und Zust\u00e4ndigkeiten und \u201eHausaufgaben\u201c abgesprochen.<br \/>\nZusammen mit Klaus-Peter Uhlmann waren sich alle Lippe-S\u00fcdler abschlie\u00dfend einig, dass man mit dieser Klausurtagung eine wichtige Weichenstellung gemacht haben k\u00f6nnte, auch 2020 noch konkurrenz- und zukunftsf\u00e4hig zu sein.<\/p>\n<p>Gez.: Klaus Brand<\/p>\n","protected":false},"excerpt":{"rendered":"<p>LG Lippe-S\u00fcd e.V. macht sich \u201ezukunftsf\u00e4hig\u201c Weichenstellung auf einer ganzt\u00e4gigen Klausurtagung im Remikenhus \u201eNiemand ist so gut, dass er sich<\/p>\n","protected":false},"author":46,"featured_media":0,"comment_status":"closed","ping_status":"closed","sticky":false,"template":"","format":"standard","meta":{"colormag_page_container_layout":"default_layout","colormag_page_sidebar_layout":"default_layout","_jetpack_memberships_contains_paid_content":false,"footnotes":"","jetpack_publicize_message":"","jetpack_publicize_feature_enabled":true,"jetpack_social_post_already_shared":false,"jetpack_social_options":{"image_generator_settings":{"template":"highway","default_image_id":0,"font":"","enabled":false},"version":2}},"categories":[157],"tags":[],"class_list":["post-6058","post","type-post","status-publish","format-standard","hentry","category-archiv"],"jetpack_publicize_connections":[],"jetpack_featured_media_url":"","jetpack_sharing_enabled":true,"_links":{"self":[{"href":"https:\/\/www.tuseichholzremmighausen.de\/wordpress\/wp-json\/wp\/v2\/posts\/6058","targetHints":{"allow":["GET"]}}],"collection":[{"href":"https:\/\/www.tuseichholzremmighausen.de\/wordpress\/wp-json\/wp\/v2\/posts"}],"about":[{"href":"https:\/\/www.tuseichholzremmighausen.de\/wordpress\/wp-json\/wp\/v2\/types\/post"}],"author":[{"embeddable":true,"href":"https:\/\/www.tuseichholzremmighausen.de\/wordpress\/wp-json\/wp\/v2\/users\/46"}],"replies":[{"embeddable":true,"href":"https:\/\/www.tuseichholzremmighausen.de\/wordpress\/wp-json\/wp\/v2\/comments?post=6058"}],"version-history":[{"count":0,"href":"https:\/\/www.tuseichholzremmighausen.de\/wordpress\/wp-json\/wp\/v2\/posts\/6058\/revisions"}],"wp:attachment":[{"href":"https:\/\/www.tuseichholzremmighausen.de\/wordpress\/wp-json\/wp\/v2\/media?parent=6058"}],"wp:term":[{"taxonomy":"category","embeddable":true,"href":"https:\/\/www.tuseichholzremmighausen.de\/wordpress\/wp-json\/wp\/v2\/categories?post=6058"},{"taxonomy":"post_tag","embeddable":true,"href":"https:\/\/www.tuseichholzremmighausen.de\/wordpress\/wp-json\/wp\/v2\/tags?post=6058"}],"curies":[{"name":"wp","href":"https:\/\/api.w.org\/{rel}","templated":true}]}}