{"id":6077,"date":"2014-02-10T18:52:30","date_gmt":"2014-02-10T17:52:30","guid":{"rendered":"http:\/\/www.tuseichholzremmighausen.de\/wordpress\/?p=6077"},"modified":"2023-06-07T07:13:16","modified_gmt":"2023-06-07T05:13:16","slug":"grosser-fussball-der-kleinsten-beim-tus-mini-kicker-turnier","status":"publish","type":"post","link":"https:\/\/www.tuseichholzremmighausen.de\/wordpress\/archives\/6077","title":{"rendered":"Grosser Fussball der Kleinsten beim TuS-Mini-Kicker-Turnier"},"content":{"rendered":"<figure id=\"attachment_6074\" aria-describedby=\"caption-attachment-6074\" style=\"width: 600px\" class=\"wp-caption aligncenter\"><a href=\"https:\/\/i0.wp.com\/www.tuseichholzremmighausen.de\/wordpress\/wp-content\/uploads\/2014\/02\/fb_minis_140209_02.jpg?ssl=1\"><img data-recalc-dims=\"1\" loading=\"lazy\" decoding=\"async\" data-attachment-id=\"6074\" data-permalink=\"https:\/\/www.tuseichholzremmighausen.de\/wordpress\/archives\/6077\/fb_minis_140209_02\" data-orig-file=\"https:\/\/i0.wp.com\/www.tuseichholzremmighausen.de\/wordpress\/wp-content\/uploads\/2014\/02\/fb_minis_140209_02.jpg?fit=600%2C400&amp;ssl=1\" data-orig-size=\"600,400\" data-comments-opened=\"1\" data-image-meta=\"{&quot;aperture&quot;:&quot;1.8&quot;,&quot;credit&quot;:&quot;&quot;,&quot;camera&quot;:&quot;Canon EOS 600D&quot;,&quot;caption&quot;:&quot;&quot;,&quot;created_timestamp&quot;:&quot;1391937190&quot;,&quot;copyright&quot;:&quot;&quot;,&quot;focal_length&quot;:&quot;85&quot;,&quot;iso&quot;:&quot;800&quot;,&quot;shutter_speed&quot;:&quot;0.0025&quot;,&quot;title&quot;:&quot;&quot;,&quot;orientation&quot;:&quot;1&quot;}\" data-image-title=\"fb_minis_140209_02\" data-image-description=\"\" data-image-caption=\"&lt;p&gt;Hohe Konzentration &amp;#8211; Minis in packendem Kampf um den Ball&lt;\/p&gt;\n\" data-large-file=\"https:\/\/i0.wp.com\/www.tuseichholzremmighausen.de\/wordpress\/wp-content\/uploads\/2014\/02\/fb_minis_140209_02.jpg?fit=600%2C400&amp;ssl=1\" class=\"size-full wp-image-6074\" alt=\"Hohe Konzentration - Minis in packendem Kampf um den Ball\" src=\"https:\/\/i0.wp.com\/www.tuseichholzremmighausen.de\/wordpress\/wp-content\/uploads\/2014\/02\/fb_minis_140209_02.jpg?resize=600%2C400&#038;ssl=1\" width=\"600\" height=\"400\" srcset=\"https:\/\/i0.wp.com\/www.tuseichholzremmighausen.de\/wordpress\/wp-content\/uploads\/2014\/02\/fb_minis_140209_02.jpg?w=600&amp;ssl=1 600w, https:\/\/i0.wp.com\/www.tuseichholzremmighausen.de\/wordpress\/wp-content\/uploads\/2014\/02\/fb_minis_140209_02.jpg?resize=300%2C200&amp;ssl=1 300w\" sizes=\"auto, (max-width: 600px) 100vw, 600px\" \/><\/a><figcaption id=\"caption-attachment-6074\" class=\"wp-caption-text\">Hohe Konzentration &#8211; Minis in packendem Kampf um den Ball<\/figcaption><\/figure>\n<p>In der ausverkauften Grabbe-Halle zeigten am vergangenen Sonntag sechs G-Junioren-Teams den begeisterten Zuschauern ihr K\u00f6nnen. \ud83d\ude06 <strong>Die TuS-Minis sagen: herzlichen Dank an die Teams aus Quelle, Lipperreihe, Senne und Grastrup-Retzen, sowie unseren Nachbarn aus Horn-Bad Meinberg<\/strong>.<!--more--><\/p>\n<figure id=\"attachment_6076\" aria-describedby=\"caption-attachment-6076\" style=\"width: 600px\" class=\"wp-caption aligncenter\"><a href=\"https:\/\/i0.wp.com\/www.tuseichholzremmighausen.de\/wordpress\/wp-content\/uploads\/2014\/02\/fb_minis_140209_01.jpg?ssl=1\"><img data-recalc-dims=\"1\" loading=\"lazy\" decoding=\"async\" data-attachment-id=\"6076\" data-permalink=\"https:\/\/www.tuseichholzremmighausen.de\/wordpress\/archives\/6077\/fb_minis_140209_01\" data-orig-file=\"https:\/\/i0.wp.com\/www.tuseichholzremmighausen.de\/wordpress\/wp-content\/uploads\/2014\/02\/fb_minis_140209_01.jpg?fit=600%2C400&amp;ssl=1\" data-orig-size=\"600,400\" data-comments-opened=\"1\" data-image-meta=\"{&quot;aperture&quot;:&quot;4&quot;,&quot;credit&quot;:&quot;&quot;,&quot;camera&quot;:&quot;Canon EOS 600D&quot;,&quot;caption&quot;:&quot;&quot;,&quot;created_timestamp&quot;:&quot;1391947862&quot;,&quot;copyright&quot;:&quot;&quot;,&quot;focal_length&quot;:&quot;25&quot;,&quot;iso&quot;:&quot;1000&quot;,&quot;shutter_speed&quot;:&quot;0.003125&quot;,&quot;title&quot;:&quot;&quot;,&quot;orientation&quot;:&quot;1&quot;}\" data-image-title=\"fb_minis_140209_01\" data-image-description=\"\" data-image-caption=\"&lt;p&gt;Packende Szene aus der Partie gegen den TuS Quelle&lt;\/p&gt;\n\" data-large-file=\"https:\/\/i0.wp.com\/www.tuseichholzremmighausen.de\/wordpress\/wp-content\/uploads\/2014\/02\/fb_minis_140209_01.jpg?fit=600%2C400&amp;ssl=1\" class=\"size-full wp-image-6076\" alt=\"Packende Szene aus der Partie gegen den TuS Quelle\" src=\"https:\/\/i0.wp.com\/www.tuseichholzremmighausen.de\/wordpress\/wp-content\/uploads\/2014\/02\/fb_minis_140209_01.jpg?resize=600%2C400&#038;ssl=1\" width=\"600\" height=\"400\" srcset=\"https:\/\/i0.wp.com\/www.tuseichholzremmighausen.de\/wordpress\/wp-content\/uploads\/2014\/02\/fb_minis_140209_01.jpg?w=600&amp;ssl=1 600w, https:\/\/i0.wp.com\/www.tuseichholzremmighausen.de\/wordpress\/wp-content\/uploads\/2014\/02\/fb_minis_140209_01.jpg?resize=300%2C200&amp;ssl=1 300w\" sizes=\"auto, (max-width: 600px) 100vw, 600px\" \/><\/a><figcaption id=\"caption-attachment-6076\" class=\"wp-caption-text\">Packende Szene aus der Partie gegen den TuS Quelle<\/figcaption><\/figure>\n<p>Spannende Spiele, unerm\u00fcdlicher Einsatz und tolle Tore, dazu auch einmal ein paar tr\u00f6stende Worte der Betreuer, falls der erhoffte Sieg mal ausblieb \ud83d\ude33 \u2026 Auf den gef\u00fcllten R\u00e4ngen konnten sich die Eltern und Fans der Teams austauschen. Die gut sortierte Cafeteria sorgte zudem f\u00fcr das Wohlbefinden der begeisterten Mini-Kicker-Fans.<\/p>\n<figure id=\"attachment_6075\" aria-describedby=\"caption-attachment-6075\" style=\"width: 600px\" class=\"wp-caption aligncenter\"><a href=\"https:\/\/i0.wp.com\/www.tuseichholzremmighausen.de\/wordpress\/wp-content\/uploads\/2014\/02\/fb_minis_140209_03.jpg?ssl=1\"><img data-recalc-dims=\"1\" loading=\"lazy\" decoding=\"async\" data-attachment-id=\"6075\" data-permalink=\"https:\/\/www.tuseichholzremmighausen.de\/wordpress\/archives\/6077\/fb_minis_140209_03\" data-orig-file=\"https:\/\/i0.wp.com\/www.tuseichholzremmighausen.de\/wordpress\/wp-content\/uploads\/2014\/02\/fb_minis_140209_03.jpg?fit=600%2C400&amp;ssl=1\" data-orig-size=\"600,400\" data-comments-opened=\"1\" data-image-meta=\"{&quot;aperture&quot;:&quot;5.6&quot;,&quot;credit&quot;:&quot;&quot;,&quot;camera&quot;:&quot;Canon EOS 600D&quot;,&quot;caption&quot;:&quot;&quot;,&quot;created_timestamp&quot;:&quot;1391947034&quot;,&quot;copyright&quot;:&quot;&quot;,&quot;focal_length&quot;:&quot;24&quot;,&quot;iso&quot;:&quot;200&quot;,&quot;shutter_speed&quot;:&quot;0.033333333333333&quot;,&quot;title&quot;:&quot;&quot;,&quot;orientation&quot;:&quot;1&quot;}\" data-image-title=\"fb_minis_140209_03\" data-image-description=\"\" data-image-caption=\"&lt;p&gt;Minikicker (G-Junioren) 2014&lt;\/p&gt;\n\" data-large-file=\"https:\/\/i0.wp.com\/www.tuseichholzremmighausen.de\/wordpress\/wp-content\/uploads\/2014\/02\/fb_minis_140209_03.jpg?fit=600%2C400&amp;ssl=1\" class=\"size-full wp-image-6075\" alt=\"Minikicker (G-Junioren) 2014\" src=\"https:\/\/i0.wp.com\/www.tuseichholzremmighausen.de\/wordpress\/wp-content\/uploads\/2014\/02\/fb_minis_140209_03.jpg?resize=600%2C400&#038;ssl=1\" width=\"600\" height=\"400\" srcset=\"https:\/\/i0.wp.com\/www.tuseichholzremmighausen.de\/wordpress\/wp-content\/uploads\/2014\/02\/fb_minis_140209_03.jpg?w=600&amp;ssl=1 600w, https:\/\/i0.wp.com\/www.tuseichholzremmighausen.de\/wordpress\/wp-content\/uploads\/2014\/02\/fb_minis_140209_03.jpg?resize=300%2C200&amp;ssl=1 300w\" sizes=\"auto, (max-width: 600px) 100vw, 600px\" \/><\/a><figcaption id=\"caption-attachment-6075\" class=\"wp-caption-text\">Minikicker (G-Junioren) 2014<\/figcaption><\/figure>\n<p>Der rundum gelungene Turniertag der Minikicker des TuS verlangt nach mehr\u2026<\/p>\n","protected":false},"excerpt":{"rendered":"<p>In der ausverkauften Grabbe-Halle zeigten am vergangenen Sonntag sechs G-Junioren-Teams den begeisterten Zuschauern ihr K\u00f6nnen. \ud83d\ude06 Die TuS-Minis sagen: herzlichen<\/p>\n","protected":false},"author":16,"featured_media":0,"comment_status":"closed","ping_status":"closed","sticky":false,"template":"","format":"standard","meta":{"colormag_page_container_layout":"default_layout","colormag_page_sidebar_layout":"default_layout","_jetpack_memberships_contains_paid_content":false,"footnotes":"","jetpack_publicize_message":"","jetpack_publicize_feature_enabled":true,"jetpack_social_post_already_shared":false,"jetpack_social_options":{"image_generator_settings":{"template":"highway","default_image_id":0,"font":"","enabled":false},"version":2}},"categories":[157,158,201],"tags":[],"class_list":["post-6077","post","type-post","status-publish","format-standard","hentry","category-archiv","category-fb-jugend-aktuell","category-minikicker"],"jetpack_publicize_connections":[],"jetpack_featured_media_url":"","jetpack_sharing_enabled":true,"_links":{"self":[{"href":"https:\/\/www.tuseichholzremmighausen.de\/wordpress\/wp-json\/wp\/v2\/posts\/6077","targetHints":{"allow":["GET"]}}],"collection":[{"href":"https:\/\/www.tuseichholzremmighausen.de\/wordpress\/wp-json\/wp\/v2\/posts"}],"about":[{"href":"https:\/\/www.tuseichholzremmighausen.de\/wordpress\/wp-json\/wp\/v2\/types\/post"}],"author":[{"embeddable":true,"href":"https:\/\/www.tuseichholzremmighausen.de\/wordpress\/wp-json\/wp\/v2\/users\/16"}],"replies":[{"embeddable":true,"href":"https:\/\/www.tuseichholzremmighausen.de\/wordpress\/wp-json\/wp\/v2\/comments?post=6077"}],"version-history":[{"count":0,"href":"https:\/\/www.tuseichholzremmighausen.de\/wordpress\/wp-json\/wp\/v2\/posts\/6077\/revisions"}],"wp:attachment":[{"href":"https:\/\/www.tuseichholzremmighausen.de\/wordpress\/wp-json\/wp\/v2\/media?parent=6077"}],"wp:term":[{"taxonomy":"category","embeddable":true,"href":"https:\/\/www.tuseichholzremmighausen.de\/wordpress\/wp-json\/wp\/v2\/categories?post=6077"},{"taxonomy":"post_tag","embeddable":true,"href":"https:\/\/www.tuseichholzremmighausen.de\/wordpress\/wp-json\/wp\/v2\/tags?post=6077"}],"curies":[{"name":"wp","href":"https:\/\/api.w.org\/{rel}","templated":true}]}}