{"id":6592,"date":"2014-06-14T09:18:09","date_gmt":"2014-06-14T08:18:09","guid":{"rendered":"http:\/\/www.tuseichholzremmighausen.de\/wordpress\/?p=6592"},"modified":"2020-09-11T20:31:15","modified_gmt":"2020-09-11T18:31:15","slug":"a-jugend-beendet-die-saison-mit-einem-11","status":"publish","type":"post","link":"https:\/\/www.tuseichholzremmighausen.de\/wordpress\/archives\/6592","title":{"rendered":"A-Jugend beendet die Saison mit einem 1:1"},"content":{"rendered":"<figure id=\"attachment_6591\" aria-describedby=\"caption-attachment-6591\" style=\"width: 600px\" class=\"wp-caption aligncenter\"><a href=\"https:\/\/i0.wp.com\/www.tuseichholzremmighausen.de\/wordpress\/wp-content\/uploads\/2014\/06\/fb_a-junioren_140613_03.jpg?ssl=1\"><img data-recalc-dims=\"1\" loading=\"lazy\" decoding=\"async\" data-attachment-id=\"6591\" data-permalink=\"https:\/\/www.tuseichholzremmighausen.de\/wordpress\/archives\/6592\/fb_a-junioren_140613_03\" data-orig-file=\"https:\/\/i0.wp.com\/www.tuseichholzremmighausen.de\/wordpress\/wp-content\/uploads\/2014\/06\/fb_a-junioren_140613_03.jpg?fit=600%2C400&amp;ssl=1\" data-orig-size=\"600,400\" data-comments-opened=\"1\" data-image-meta=\"{&quot;aperture&quot;:&quot;4&quot;,&quot;credit&quot;:&quot;Rolf Gehrke&quot;,&quot;camera&quot;:&quot;Canon EOS 600D&quot;,&quot;caption&quot;:&quot;&quot;,&quot;created_timestamp&quot;:&quot;1402687070&quot;,&quot;copyright&quot;:&quot;Juni-2014&quot;,&quot;focal_length&quot;:&quot;105&quot;,&quot;iso&quot;:&quot;800&quot;,&quot;shutter_speed&quot;:&quot;0.00125&quot;,&quot;title&quot;:&quot;&quot;,&quot;orientation&quot;:&quot;1&quot;}\" data-image-title=\"fb_a-junioren_140613_03\" data-image-description=\"\" data-image-caption=\"&lt;p&gt;Klasse! Jean-Marc mit den Fingerspitzen am Ball&lt;\/p&gt;\n\" data-large-file=\"https:\/\/i0.wp.com\/www.tuseichholzremmighausen.de\/wordpress\/wp-content\/uploads\/2014\/06\/fb_a-junioren_140613_03.jpg?fit=600%2C400&amp;ssl=1\" class=\"size-full wp-image-6591\" alt=\"Klasse! Jean-Marc mit den Fingerspitzen am Ball\" src=\"https:\/\/i0.wp.com\/www.tuseichholzremmighausen.de\/wordpress\/wp-content\/uploads\/2014\/06\/fb_a-junioren_140613_03.jpg?resize=600%2C400&#038;ssl=1\" width=\"600\" height=\"400\" srcset=\"https:\/\/i0.wp.com\/www.tuseichholzremmighausen.de\/wordpress\/wp-content\/uploads\/2014\/06\/fb_a-junioren_140613_03.jpg?w=600&amp;ssl=1 600w, https:\/\/i0.wp.com\/www.tuseichholzremmighausen.de\/wordpress\/wp-content\/uploads\/2014\/06\/fb_a-junioren_140613_03.jpg?resize=300%2C200&amp;ssl=1 300w\" sizes=\"auto, (max-width: 600px) 100vw, 600px\" \/><\/a><figcaption id=\"caption-attachment-6591\" class=\"wp-caption-text\">Klasse! Jean-Marc mit den Fingerspitzen am Ball<\/figcaption><\/figure>\n<p>Anhand der Personalsituation durfte man in der Saison 2013\/2014 keine Wunder von der A-Jugend erwarten. In\u00a0der Kreisliga B hatte das Team von Rafet und Stefan mehr mit den Aufstellungssorgen als mit den Gegnern zu k\u00e4mpfen, was sich bereits in der Qualifikationsrunde angek\u00fcndigt hatte. Ein ganz besonderer dank gilt an dieser Stelle sicher den Jungs aus der C-Jugend!<!--more--><\/p>\n<figure id=\"attachment_6589\" aria-describedby=\"caption-attachment-6589\" style=\"width: 600px\" class=\"wp-caption aligncenter\"><a href=\"https:\/\/i0.wp.com\/www.tuseichholzremmighausen.de\/wordpress\/wp-content\/uploads\/2014\/06\/fb_a-junioren_140613_01.jpg?ssl=1\"><img data-recalc-dims=\"1\" loading=\"lazy\" decoding=\"async\" data-attachment-id=\"6589\" data-permalink=\"https:\/\/www.tuseichholzremmighausen.de\/wordpress\/archives\/6592\/fb_a-junioren_140613_01\" data-orig-file=\"https:\/\/i0.wp.com\/www.tuseichholzremmighausen.de\/wordpress\/wp-content\/uploads\/2014\/06\/fb_a-junioren_140613_01.jpg?fit=600%2C400&amp;ssl=1\" data-orig-size=\"600,400\" data-comments-opened=\"1\" data-image-meta=\"{&quot;aperture&quot;:&quot;3.5&quot;,&quot;credit&quot;:&quot;Rolf Gehrke&quot;,&quot;camera&quot;:&quot;Canon EOS 600D&quot;,&quot;caption&quot;:&quot;&quot;,&quot;created_timestamp&quot;:&quot;1402684922&quot;,&quot;copyright&quot;:&quot;Juni-2014&quot;,&quot;focal_length&quot;:&quot;87&quot;,&quot;iso&quot;:&quot;200&quot;,&quot;shutter_speed&quot;:&quot;0.001&quot;,&quot;title&quot;:&quot;&quot;,&quot;orientation&quot;:&quot;1&quot;}\" data-image-title=\"fb_a-junioren_140613_01\" data-image-description=\"\" data-image-caption=\"&lt;p&gt;Jannis mit Einsatz im Gerangel um den Ball&lt;\/p&gt;\n\" data-large-file=\"https:\/\/i0.wp.com\/www.tuseichholzremmighausen.de\/wordpress\/wp-content\/uploads\/2014\/06\/fb_a-junioren_140613_01.jpg?fit=600%2C400&amp;ssl=1\" class=\"size-full wp-image-6589\" alt=\"Jannis (Ersatz aus C-Jugend) mit Einsatz im Gerangel um den Ball\" src=\"https:\/\/i0.wp.com\/www.tuseichholzremmighausen.de\/wordpress\/wp-content\/uploads\/2014\/06\/fb_a-junioren_140613_01.jpg?resize=600%2C400&#038;ssl=1\" width=\"600\" height=\"400\" srcset=\"https:\/\/i0.wp.com\/www.tuseichholzremmighausen.de\/wordpress\/wp-content\/uploads\/2014\/06\/fb_a-junioren_140613_01.jpg?w=600&amp;ssl=1 600w, https:\/\/i0.wp.com\/www.tuseichholzremmighausen.de\/wordpress\/wp-content\/uploads\/2014\/06\/fb_a-junioren_140613_01.jpg?resize=300%2C200&amp;ssl=1 300w\" sizes=\"auto, (max-width: 600px) 100vw, 600px\" \/><\/a><figcaption id=\"caption-attachment-6589\" class=\"wp-caption-text\">Jannis (Ersatz aus C-Jugend) mit Einsatz im Gerangel um den Ball<\/figcaption><\/figure>\n<p>Da der TuS in dieser Saison keine B-Jugend am Start hatte, leisteten die<br \/>\n\u00e4lteren Spieler der C-Jugend tatkr\u00e4ftige Unterst\u00fctzung. Dabei brachten sie sich<br \/>\nhervorragend in die Spiele ein, und waren nicht nur zum Auff\u00fcllen der<br \/>\nMannschaft auf dem Feld. Engagiert und hoch motiviert war den war den Spielern<br \/>\nder C-Jugend der zweifelsohne vorhandene Erfahrungsunterschied zu den Kollegen<br \/>\nder A-Jugend relativ schnuppe.<\/p>\n<figure id=\"attachment_6590\" aria-describedby=\"caption-attachment-6590\" style=\"width: 600px\" class=\"wp-caption aligncenter\"><a href=\"https:\/\/i0.wp.com\/www.tuseichholzremmighausen.de\/wordpress\/wp-content\/uploads\/2014\/06\/fb_a-junioren_140613_02.jpg?ssl=1\"><img data-recalc-dims=\"1\" loading=\"lazy\" decoding=\"async\" data-attachment-id=\"6590\" data-permalink=\"https:\/\/www.tuseichholzremmighausen.de\/wordpress\/archives\/6592\/fb_a-junioren_140613_02\" data-orig-file=\"https:\/\/i0.wp.com\/www.tuseichholzremmighausen.de\/wordpress\/wp-content\/uploads\/2014\/06\/fb_a-junioren_140613_02.jpg?fit=600%2C400&amp;ssl=1\" data-orig-size=\"600,400\" data-comments-opened=\"1\" data-image-meta=\"{&quot;aperture&quot;:&quot;4.5&quot;,&quot;credit&quot;:&quot;Rolf Gehrke&quot;,&quot;camera&quot;:&quot;Canon EOS 600D&quot;,&quot;caption&quot;:&quot;&quot;,&quot;created_timestamp&quot;:&quot;1402685522&quot;,&quot;copyright&quot;:&quot;Juni-2014&quot;,&quot;focal_length&quot;:&quot;190&quot;,&quot;iso&quot;:&quot;320&quot;,&quot;shutter_speed&quot;:&quot;0.001&quot;,&quot;title&quot;:&quot;&quot;,&quot;orientation&quot;:&quot;1&quot;}\" data-image-title=\"fb_a-junioren_140613_02\" data-image-description=\"\" data-image-caption=\"&lt;p&gt;C-Jugendspieler Noel &amp;#8211; Altersunterschied kaum erkennbar&lt;\/p&gt;\n\" data-large-file=\"https:\/\/i0.wp.com\/www.tuseichholzremmighausen.de\/wordpress\/wp-content\/uploads\/2014\/06\/fb_a-junioren_140613_02.jpg?fit=600%2C400&amp;ssl=1\" class=\"size-full wp-image-6590\" alt=\"C-Jugendspieler Noel - Altersunterschied kaum erkennbar\" src=\"https:\/\/i0.wp.com\/www.tuseichholzremmighausen.de\/wordpress\/wp-content\/uploads\/2014\/06\/fb_a-junioren_140613_02.jpg?resize=600%2C400&#038;ssl=1\" width=\"600\" height=\"400\" srcset=\"https:\/\/i0.wp.com\/www.tuseichholzremmighausen.de\/wordpress\/wp-content\/uploads\/2014\/06\/fb_a-junioren_140613_02.jpg?w=600&amp;ssl=1 600w, https:\/\/i0.wp.com\/www.tuseichholzremmighausen.de\/wordpress\/wp-content\/uploads\/2014\/06\/fb_a-junioren_140613_02.jpg?resize=300%2C200&amp;ssl=1 300w\" sizes=\"auto, (max-width: 600px) 100vw, 600px\" \/><\/a><figcaption id=\"caption-attachment-6590\" class=\"wp-caption-text\">C-Jugendspieler Noel &#8211; Altersunterschied kaum erkennbar<\/figcaption><\/figure>\n<p>In der letzten Partie war der TuS Horn-Bad Meinberg zu Gast. Mit einem Sieg gegen die Horner, die mit vielen \u201ealten Bekannten\u201c aufliefen, h\u00e4tte der TuS die rote Laterne abgeben k\u00f6nnen. In einer ausgeglichenen Begegnung reichte es am Ende aber nur zu einem 1:1, womit der TuS leider als Tabellenletzter die Serie beendet.<\/p>\n","protected":false},"excerpt":{"rendered":"<p>Anhand der Personalsituation durfte man in der Saison 2013\/2014 keine Wunder von der A-Jugend erwarten. In\u00a0der Kreisliga B hatte das<\/p>\n","protected":false},"author":16,"featured_media":0,"comment_status":"closed","ping_status":"closed","sticky":false,"template":"","format":"standard","meta":{"colormag_page_container_layout":"default_layout","colormag_page_sidebar_layout":"default_layout","_jetpack_memberships_contains_paid_content":false,"footnotes":"","jetpack_publicize_message":"","jetpack_publicize_feature_enabled":true,"jetpack_social_post_already_shared":false,"jetpack_social_options":{"image_generator_settings":{"template":"highway","default_image_id":0,"font":"","enabled":false},"version":2}},"categories":[157],"tags":[],"class_list":["post-6592","post","type-post","status-publish","format-standard","hentry","category-archiv"],"jetpack_publicize_connections":[],"jetpack_featured_media_url":"","jetpack_sharing_enabled":true,"_links":{"self":[{"href":"https:\/\/www.tuseichholzremmighausen.de\/wordpress\/wp-json\/wp\/v2\/posts\/6592","targetHints":{"allow":["GET"]}}],"collection":[{"href":"https:\/\/www.tuseichholzremmighausen.de\/wordpress\/wp-json\/wp\/v2\/posts"}],"about":[{"href":"https:\/\/www.tuseichholzremmighausen.de\/wordpress\/wp-json\/wp\/v2\/types\/post"}],"author":[{"embeddable":true,"href":"https:\/\/www.tuseichholzremmighausen.de\/wordpress\/wp-json\/wp\/v2\/users\/16"}],"replies":[{"embeddable":true,"href":"https:\/\/www.tuseichholzremmighausen.de\/wordpress\/wp-json\/wp\/v2\/comments?post=6592"}],"version-history":[{"count":0,"href":"https:\/\/www.tuseichholzremmighausen.de\/wordpress\/wp-json\/wp\/v2\/posts\/6592\/revisions"}],"wp:attachment":[{"href":"https:\/\/www.tuseichholzremmighausen.de\/wordpress\/wp-json\/wp\/v2\/media?parent=6592"}],"wp:term":[{"taxonomy":"category","embeddable":true,"href":"https:\/\/www.tuseichholzremmighausen.de\/wordpress\/wp-json\/wp\/v2\/categories?post=6592"},{"taxonomy":"post_tag","embeddable":true,"href":"https:\/\/www.tuseichholzremmighausen.de\/wordpress\/wp-json\/wp\/v2\/tags?post=6592"}],"curies":[{"name":"wp","href":"https:\/\/api.w.org\/{rel}","templated":true}]}}