{"id":6596,"date":"2014-06-14T16:46:27","date_gmt":"2014-06-14T15:46:27","guid":{"rendered":"http:\/\/www.tuseichholzremmighausen.de\/wordpress\/?p=6596"},"modified":"2020-09-11T20:31:15","modified_gmt":"2020-09-11T18:31:15","slug":"pokalsieger-2014-c-juniorinnen-50-gegen-tus-asemissen","status":"publish","type":"post","link":"https:\/\/www.tuseichholzremmighausen.de\/wordpress\/archives\/6596","title":{"rendered":"Pokalsieger 2014! C-Juniorinnen 5:0 gegen TuS Asemissen"},"content":{"rendered":"<p><strong>Nach Meisterschaft und Pokalsieg bei den B-Juniorinnen, holen die TuS-M\u00e4dels auch den Kreispokal der C-Juniorinnen nach Remmighausen.<\/strong><\/p>\n<figure id=\"attachment_6595\" aria-describedby=\"caption-attachment-6595\" style=\"width: 600px\" class=\"wp-caption aligncenter\"><a href=\"https:\/\/i0.wp.com\/www.tuseichholzremmighausen.de\/wordpress\/wp-content\/uploads\/2014\/06\/fb_b-juniorinnen_140614_03.jpg?ssl=1\"><img data-recalc-dims=\"1\" loading=\"lazy\" decoding=\"async\" data-attachment-id=\"6595\" data-permalink=\"https:\/\/www.tuseichholzremmighausen.de\/wordpress\/archives\/6596\/fb_b-juniorinnen_140614_03\" data-orig-file=\"https:\/\/i0.wp.com\/www.tuseichholzremmighausen.de\/wordpress\/wp-content\/uploads\/2014\/06\/fb_b-juniorinnen_140614_03.jpg?fit=600%2C400&amp;ssl=1\" data-orig-size=\"600,400\" data-comments-opened=\"1\" data-image-meta=\"{&quot;aperture&quot;:&quot;3.5&quot;,&quot;credit&quot;:&quot;Rolf Gehrke&quot;,&quot;camera&quot;:&quot;Canon EOS 600D&quot;,&quot;caption&quot;:&quot;&quot;,&quot;created_timestamp&quot;:&quot;1402753516&quot;,&quot;copyright&quot;:&quot;Juni-2014&quot;,&quot;focal_length&quot;:&quot;30&quot;,&quot;iso&quot;:&quot;100&quot;,&quot;shutter_speed&quot;:&quot;0.002&quot;,&quot;title&quot;:&quot;&quot;,&quot;orientation&quot;:&quot;1&quot;}\" data-image-title=\"fb_b-juniorinnen_140614_03\" data-image-description=\"\" data-image-caption=\"&lt;p&gt;C-Juniorinnen Pokalsieger 2014&lt;\/p&gt;\n\" data-large-file=\"https:\/\/i0.wp.com\/www.tuseichholzremmighausen.de\/wordpress\/wp-content\/uploads\/2014\/06\/fb_b-juniorinnen_140614_03.jpg?fit=600%2C400&amp;ssl=1\" class=\"size-full wp-image-6595\" alt=\"C-Juniorinnen Pokalsieger 2014\" src=\"https:\/\/i0.wp.com\/www.tuseichholzremmighausen.de\/wordpress\/wp-content\/uploads\/2014\/06\/fb_b-juniorinnen_140614_03.jpg?resize=600%2C400&#038;ssl=1\" width=\"600\" height=\"400\" srcset=\"https:\/\/i0.wp.com\/www.tuseichholzremmighausen.de\/wordpress\/wp-content\/uploads\/2014\/06\/fb_b-juniorinnen_140614_03.jpg?w=600&amp;ssl=1 600w, https:\/\/i0.wp.com\/www.tuseichholzremmighausen.de\/wordpress\/wp-content\/uploads\/2014\/06\/fb_b-juniorinnen_140614_03.jpg?resize=300%2C200&amp;ssl=1 300w\" sizes=\"auto, (max-width: 600px) 100vw, 600px\" \/><\/a><figcaption id=\"caption-attachment-6595\" class=\"wp-caption-text\">C-Juniorinnen Pokalsieger 2014<\/figcaption><\/figure>\n<p>Mit einem \u00fcberlegenen 5:0-Erfolg gegen den TuS Asemissen sicherten sich die M\u00e4dels ihren dritten Titel im Kreis.<!--more-->Lara (3x), Christina und Celina waren die Torsch\u00fctzinnen in der recht einseitigen Endspielpaarung. Nur bei wenigen Gegenst\u00f6\u00dfen der Asemisser kam Gefahr auf. Bei genauerem Hinsehen sahen die vielen nach Ahmsen mitgereisten Fans weitere M\u00f6glichkeiten, wobei sich fast jede Spielerin h\u00e4tte in die Torsch\u00fctzenliste f\u00fcr Eichholz-Remmighausen eintragen k\u00f6nnen. Leider wurden doch mehrere sogenannte 100%ige ausgelassen, oder wurden vom gegnerischen Keeper gl\u00e4nzend pariert.<\/p>\n<figure id=\"attachment_6593\" aria-describedby=\"caption-attachment-6593\" style=\"width: 600px\" class=\"wp-caption aligncenter\"><a href=\"https:\/\/i0.wp.com\/www.tuseichholzremmighausen.de\/wordpress\/wp-content\/uploads\/2014\/06\/fb_b-juniorinnen_140614_01.jpg?ssl=1\"><img data-recalc-dims=\"1\" loading=\"lazy\" decoding=\"async\" data-attachment-id=\"6593\" data-permalink=\"https:\/\/www.tuseichholzremmighausen.de\/wordpress\/archives\/6596\/fb_b-juniorinnen_140614_01\" data-orig-file=\"https:\/\/i0.wp.com\/www.tuseichholzremmighausen.de\/wordpress\/wp-content\/uploads\/2014\/06\/fb_b-juniorinnen_140614_01.jpg?fit=600%2C400&amp;ssl=1\" data-orig-size=\"600,400\" data-comments-opened=\"1\" data-image-meta=\"{&quot;aperture&quot;:&quot;4&quot;,&quot;credit&quot;:&quot;Rolf Gehrke&quot;,&quot;camera&quot;:&quot;Canon EOS 600D&quot;,&quot;caption&quot;:&quot;&quot;,&quot;created_timestamp&quot;:&quot;1402753288&quot;,&quot;copyright&quot;:&quot;Juni-2014&quot;,&quot;focal_length&quot;:&quot;30&quot;,&quot;iso&quot;:&quot;100&quot;,&quot;shutter_speed&quot;:&quot;0.002&quot;,&quot;title&quot;:&quot;&quot;,&quot;orientation&quot;:&quot;1&quot;}\" data-image-title=\"fb_b-juniorinnen_140614_01\" data-image-description=\"\" data-image-caption=\"&lt;p&gt;Das Team &amp;#8211; Motivator Tina stimmt lautstark an&amp;#8230;&lt;\/p&gt;\n\" data-large-file=\"https:\/\/i0.wp.com\/www.tuseichholzremmighausen.de\/wordpress\/wp-content\/uploads\/2014\/06\/fb_b-juniorinnen_140614_01.jpg?fit=600%2C400&amp;ssl=1\" class=\"size-full wp-image-6593\" alt=\"Das Team - Motivator Tina stimmt lautstark an...\" src=\"https:\/\/i0.wp.com\/www.tuseichholzremmighausen.de\/wordpress\/wp-content\/uploads\/2014\/06\/fb_b-juniorinnen_140614_01.jpg?resize=600%2C400&#038;ssl=1\" width=\"600\" height=\"400\" srcset=\"https:\/\/i0.wp.com\/www.tuseichholzremmighausen.de\/wordpress\/wp-content\/uploads\/2014\/06\/fb_b-juniorinnen_140614_01.jpg?w=600&amp;ssl=1 600w, https:\/\/i0.wp.com\/www.tuseichholzremmighausen.de\/wordpress\/wp-content\/uploads\/2014\/06\/fb_b-juniorinnen_140614_01.jpg?resize=300%2C200&amp;ssl=1 300w\" sizes=\"auto, (max-width: 600px) 100vw, 600px\" \/><\/a><figcaption id=\"caption-attachment-6593\" class=\"wp-caption-text\">Das Team &#8211; Motivator Tina stimmt lautstark an&#8230;<\/figcaption><\/figure>\n<p>Trotzdem zierte am Ende ein klares und verdientes 5:0 die Ergebnistafel. Unter gro\u00dfem Jubel nahm Kapit\u00e4nin Celine Paulussen f\u00fcr den TuS den Pokal bei der Siegerehrung entgegen.<\/p>\n<figure id=\"attachment_6594\" aria-describedby=\"caption-attachment-6594\" style=\"width: 600px\" class=\"wp-caption aligncenter\"><a href=\"https:\/\/i0.wp.com\/www.tuseichholzremmighausen.de\/wordpress\/wp-content\/uploads\/2014\/06\/fb_b-juniorinnen_140614_02.jpg?ssl=1\"><img data-recalc-dims=\"1\" loading=\"lazy\" decoding=\"async\" data-attachment-id=\"6594\" data-permalink=\"https:\/\/www.tuseichholzremmighausen.de\/wordpress\/archives\/6596\/fb_b-juniorinnen_140614_02\" data-orig-file=\"https:\/\/i0.wp.com\/www.tuseichholzremmighausen.de\/wordpress\/wp-content\/uploads\/2014\/06\/fb_b-juniorinnen_140614_02.jpg?fit=600%2C400&amp;ssl=1\" data-orig-size=\"600,400\" data-comments-opened=\"1\" data-image-meta=\"{&quot;aperture&quot;:&quot;5&quot;,&quot;credit&quot;:&quot;Rolf Gehrke&quot;,&quot;camera&quot;:&quot;Canon EOS 600D&quot;,&quot;caption&quot;:&quot;&quot;,&quot;created_timestamp&quot;:&quot;1402753437&quot;,&quot;copyright&quot;:&quot;Juni-2014&quot;,&quot;focal_length&quot;:&quot;50&quot;,&quot;iso&quot;:&quot;100&quot;,&quot;shutter_speed&quot;:&quot;0.002&quot;,&quot;title&quot;:&quot;&quot;,&quot;orientation&quot;:&quot;1&quot;}\" data-image-title=\"fb_b-juniorinnen_140614_02\" data-image-description=\"\" data-image-caption=\"&lt;p&gt;Mannschaftskapit\u00e4nin Celine nimmt den Pokal entgegen&lt;\/p&gt;\n\" data-large-file=\"https:\/\/i0.wp.com\/www.tuseichholzremmighausen.de\/wordpress\/wp-content\/uploads\/2014\/06\/fb_b-juniorinnen_140614_02.jpg?fit=600%2C400&amp;ssl=1\" class=\"size-full wp-image-6594\" alt=\"Mannschaftskapit\u00e4nin Celine nimmt den Pokal entgegen\" src=\"https:\/\/i0.wp.com\/www.tuseichholzremmighausen.de\/wordpress\/wp-content\/uploads\/2014\/06\/fb_b-juniorinnen_140614_02.jpg?resize=600%2C400&#038;ssl=1\" width=\"600\" height=\"400\" srcset=\"https:\/\/i0.wp.com\/www.tuseichholzremmighausen.de\/wordpress\/wp-content\/uploads\/2014\/06\/fb_b-juniorinnen_140614_02.jpg?w=600&amp;ssl=1 600w, https:\/\/i0.wp.com\/www.tuseichholzremmighausen.de\/wordpress\/wp-content\/uploads\/2014\/06\/fb_b-juniorinnen_140614_02.jpg?resize=300%2C200&amp;ssl=1 300w\" sizes=\"auto, (max-width: 600px) 100vw, 600px\" \/><\/a><figcaption id=\"caption-attachment-6594\" class=\"wp-caption-text\">Mannschaftskapit\u00e4nin Celine nimmt den Pokal entgegen<\/figcaption><\/figure>\n<p><strong>Lange gefeiert wird sicher\u00a0nicht, da es f\u00fcr die meisten schon morgen mit dem ersten Relegationsspiel der Aufstiegsrunde B-Juniorinnen Bezirksliga weiter geht.\u00a0<\/strong><\/p>\n<p><strong>Tore<\/strong>:\u00a0 Lara Vincic (3x), Kristina Schnier und Celina Baum (je 1x)<\/p>\n<p><strong>C-Juniorinnen Pokalsieger 2014<\/strong><\/p>\n<p><strong>Kathleen Zimmermann \u2013 Jennifer Labus \u2013 Celine Paulussen \u2013 Jasmin Siemann \u2013 Kristina Schnier \u2013 Lara Vincic \u2013 Celina Baum \u2013 Hannah Suermann \u2013 Maria Ertner<\/strong><\/p>\n","protected":false},"excerpt":{"rendered":"<p>Nach Meisterschaft und Pokalsieg bei den B-Juniorinnen, holen die TuS-M\u00e4dels auch den Kreispokal der C-Juniorinnen nach Remmighausen. Mit einem \u00fcberlegenen<\/p>\n","protected":false},"author":16,"featured_media":0,"comment_status":"closed","ping_status":"open","sticky":false,"template":"","format":"standard","meta":{"colormag_page_container_layout":"default_layout","colormag_page_sidebar_layout":"default_layout","_jetpack_memberships_contains_paid_content":false,"footnotes":"","jetpack_publicize_message":"","jetpack_publicize_feature_enabled":true,"jetpack_social_post_already_shared":false,"jetpack_social_options":{"image_generator_settings":{"template":"highway","default_image_id":0,"font":"","enabled":false},"version":2}},"categories":[157],"tags":[],"class_list":["post-6596","post","type-post","status-publish","format-standard","hentry","category-archiv"],"jetpack_publicize_connections":[],"jetpack_featured_media_url":"","jetpack_sharing_enabled":true,"_links":{"self":[{"href":"https:\/\/www.tuseichholzremmighausen.de\/wordpress\/wp-json\/wp\/v2\/posts\/6596","targetHints":{"allow":["GET"]}}],"collection":[{"href":"https:\/\/www.tuseichholzremmighausen.de\/wordpress\/wp-json\/wp\/v2\/posts"}],"about":[{"href":"https:\/\/www.tuseichholzremmighausen.de\/wordpress\/wp-json\/wp\/v2\/types\/post"}],"author":[{"embeddable":true,"href":"https:\/\/www.tuseichholzremmighausen.de\/wordpress\/wp-json\/wp\/v2\/users\/16"}],"replies":[{"embeddable":true,"href":"https:\/\/www.tuseichholzremmighausen.de\/wordpress\/wp-json\/wp\/v2\/comments?post=6596"}],"version-history":[{"count":0,"href":"https:\/\/www.tuseichholzremmighausen.de\/wordpress\/wp-json\/wp\/v2\/posts\/6596\/revisions"}],"wp:attachment":[{"href":"https:\/\/www.tuseichholzremmighausen.de\/wordpress\/wp-json\/wp\/v2\/media?parent=6596"}],"wp:term":[{"taxonomy":"category","embeddable":true,"href":"https:\/\/www.tuseichholzremmighausen.de\/wordpress\/wp-json\/wp\/v2\/categories?post=6596"},{"taxonomy":"post_tag","embeddable":true,"href":"https:\/\/www.tuseichholzremmighausen.de\/wordpress\/wp-json\/wp\/v2\/tags?post=6596"}],"curies":[{"name":"wp","href":"https:\/\/api.w.org\/{rel}","templated":true}]}}