{"id":6603,"date":"2014-06-15T19:38:03","date_gmt":"2014-06-15T18:38:03","guid":{"rendered":"http:\/\/www.tuseichholzremmighausen.de\/wordpress\/?p=6603"},"modified":"2020-09-11T20:31:15","modified_gmt":"2020-09-11T18:31:15","slug":"traumstart-in-die-aufstiegsrunde-50-in-gehlenbeck","status":"publish","type":"post","link":"https:\/\/www.tuseichholzremmighausen.de\/wordpress\/archives\/6603","title":{"rendered":"Traumstart in die Aufstiegsrunde \u2013 5:0 in Gehlenbeck"},"content":{"rendered":"<figure id=\"attachment_6597\" aria-describedby=\"caption-attachment-6597\" style=\"width: 600px\" class=\"wp-caption aligncenter\"><a href=\"https:\/\/i0.wp.com\/www.tuseichholzremmighausen.de\/wordpress\/wp-content\/uploads\/2014\/06\/fb_b-juniorinnen_140615_01.jpg?ssl=1\"><img data-recalc-dims=\"1\" loading=\"lazy\" decoding=\"async\" data-attachment-id=\"6597\" data-permalink=\"https:\/\/www.tuseichholzremmighausen.de\/wordpress\/archives\/6603\/fb_b-juniorinnen_140615_01\" data-orig-file=\"https:\/\/i0.wp.com\/www.tuseichholzremmighausen.de\/wordpress\/wp-content\/uploads\/2014\/06\/fb_b-juniorinnen_140615_01.jpg?fit=600%2C400&amp;ssl=1\" data-orig-size=\"600,400\" data-comments-opened=\"1\" data-image-meta=\"{&quot;aperture&quot;:&quot;4.5&quot;,&quot;credit&quot;:&quot;Rolf Gehrke&quot;,&quot;camera&quot;:&quot;Canon EOS 600D&quot;,&quot;caption&quot;:&quot;&quot;,&quot;created_timestamp&quot;:&quot;1402833592&quot;,&quot;copyright&quot;:&quot;Juni-2014&quot;,&quot;focal_length&quot;:&quot;150&quot;,&quot;iso&quot;:&quot;200&quot;,&quot;shutter_speed&quot;:&quot;0.001&quot;,&quot;title&quot;:&quot;&quot;,&quot;orientation&quot;:&quot;1&quot;}\" data-image-title=\"fb_b-juniorinnen_140615_01\" data-image-description=\"\" data-image-caption=\"&lt;p&gt;Was f\u00fcr ein Auftakt in die Relegation!&lt;\/p&gt;\n\" data-large-file=\"https:\/\/i0.wp.com\/www.tuseichholzremmighausen.de\/wordpress\/wp-content\/uploads\/2014\/06\/fb_b-juniorinnen_140615_01.jpg?fit=600%2C400&amp;ssl=1\" class=\"size-full wp-image-6597\" alt=\"Was f\u00fcr ein Auftakt in die Relegation!\" src=\"https:\/\/i0.wp.com\/www.tuseichholzremmighausen.de\/wordpress\/wp-content\/uploads\/2014\/06\/fb_b-juniorinnen_140615_01.jpg?resize=600%2C400&#038;ssl=1\" width=\"600\" height=\"400\" srcset=\"https:\/\/i0.wp.com\/www.tuseichholzremmighausen.de\/wordpress\/wp-content\/uploads\/2014\/06\/fb_b-juniorinnen_140615_01.jpg?w=600&amp;ssl=1 600w, https:\/\/i0.wp.com\/www.tuseichholzremmighausen.de\/wordpress\/wp-content\/uploads\/2014\/06\/fb_b-juniorinnen_140615_01.jpg?resize=300%2C200&amp;ssl=1 300w\" sizes=\"auto, (max-width: 600px) 100vw, 600px\" \/><\/a><figcaption id=\"caption-attachment-6597\" class=\"wp-caption-text\">Was f\u00fcr ein Auftakt in die Relegation!<\/figcaption><\/figure>\n<p>Einen perfekten Einstand in die Qualifikationsrunde zur B-Juniorinnen Bezirksliga erspielten sich die TuS-M\u00e4dels am heutigen Sonntag in Gehlenbeck. Obwohl, oder gerade weil (?) ein Gro\u00dfteil der M\u00e4dels schon am Vortag beim C-Juniorinnen Kreispokalsieg Bestleistungen ablieferten, legte das Kr\u00fcger-Team los, wie die Feuerwehr.<!--more-->Lara versenkte nach drei Minuten Spielzeit einen Freisto\u00df aus halblinker Position in den oberen rechten Torwinkel.<\/p>\n<figure id=\"attachment_6598\" aria-describedby=\"caption-attachment-6598\" style=\"width: 600px\" class=\"wp-caption aligncenter\"><a href=\"https:\/\/i0.wp.com\/www.tuseichholzremmighausen.de\/wordpress\/wp-content\/uploads\/2014\/06\/fb_b-juniorinnen_140615_02.jpg?ssl=1\"><img data-recalc-dims=\"1\" loading=\"lazy\" decoding=\"async\" data-attachment-id=\"6598\" data-permalink=\"https:\/\/www.tuseichholzremmighausen.de\/wordpress\/archives\/6603\/fb_b-juniorinnen_140615_02\" data-orig-file=\"https:\/\/i0.wp.com\/www.tuseichholzremmighausen.de\/wordpress\/wp-content\/uploads\/2014\/06\/fb_b-juniorinnen_140615_02.jpg?fit=600%2C400&amp;ssl=1\" data-orig-size=\"600,400\" data-comments-opened=\"1\" data-image-meta=\"{&quot;aperture&quot;:&quot;6.3&quot;,&quot;credit&quot;:&quot;Rolf Gehrke&quot;,&quot;camera&quot;:&quot;Canon EOS 600D&quot;,&quot;caption&quot;:&quot;&quot;,&quot;created_timestamp&quot;:&quot;1402834221&quot;,&quot;copyright&quot;:&quot;Juni-2014&quot;,&quot;focal_length&quot;:&quot;115&quot;,&quot;iso&quot;:&quot;200&quot;,&quot;shutter_speed&quot;:&quot;0.001&quot;,&quot;title&quot;:&quot;&quot;,&quot;orientation&quot;:&quot;1&quot;}\" data-image-title=\"fb_b-juniorinnen_140615_02\" data-image-description=\"\" data-image-caption=\"&lt;p&gt;Tina von Kathleen per Zauberpass in Szene gesetzt &amp;#8211; eiskalt links unten rein&lt;\/p&gt;\n\" data-large-file=\"https:\/\/i0.wp.com\/www.tuseichholzremmighausen.de\/wordpress\/wp-content\/uploads\/2014\/06\/fb_b-juniorinnen_140615_02.jpg?fit=600%2C400&amp;ssl=1\" class=\"size-full wp-image-6598\" alt=\"Tina von Kathleen per Zauberpass in Szene gesetzt - eiskalt links unten rein\" src=\"https:\/\/i0.wp.com\/www.tuseichholzremmighausen.de\/wordpress\/wp-content\/uploads\/2014\/06\/fb_b-juniorinnen_140615_02.jpg?resize=600%2C400&#038;ssl=1\" width=\"600\" height=\"400\" srcset=\"https:\/\/i0.wp.com\/www.tuseichholzremmighausen.de\/wordpress\/wp-content\/uploads\/2014\/06\/fb_b-juniorinnen_140615_02.jpg?w=600&amp;ssl=1 600w, https:\/\/i0.wp.com\/www.tuseichholzremmighausen.de\/wordpress\/wp-content\/uploads\/2014\/06\/fb_b-juniorinnen_140615_02.jpg?resize=300%2C200&amp;ssl=1 300w\" sizes=\"auto, (max-width: 600px) 100vw, 600px\" \/><\/a><figcaption id=\"caption-attachment-6598\" class=\"wp-caption-text\">Tina von Kathleen per Zauberpass in Szene gesetzt &#8211; eiskalt links unten rein<\/figcaption><\/figure>\n<p>In der zehnten Minute nahm Tina ein musterg\u00fcltiges Zuspiel von Kathleen auf, zog aufs Tor zu und lie\u00df der gegnerischen Torfrau mit einem flachen Schuss in die untere Ecke keine Abwehrchance. Das h\u00e4tte wohl auch die optimistischsten Fans nicht gedacht, nach nur zehn Minuten eine Zweitoref\u00fchrung bejubeln zu k\u00f6nnen.<\/p>\n<figure id=\"attachment_6599\" aria-describedby=\"caption-attachment-6599\" style=\"width: 600px\" class=\"wp-caption aligncenter\"><a href=\"https:\/\/i0.wp.com\/www.tuseichholzremmighausen.de\/wordpress\/wp-content\/uploads\/2014\/06\/fb_b-juniorinnen_140615_03.jpg?ssl=1\"><img data-recalc-dims=\"1\" loading=\"lazy\" decoding=\"async\" data-attachment-id=\"6599\" data-permalink=\"https:\/\/www.tuseichholzremmighausen.de\/wordpress\/archives\/6603\/fb_b-juniorinnen_140615_03\" data-orig-file=\"https:\/\/i0.wp.com\/www.tuseichholzremmighausen.de\/wordpress\/wp-content\/uploads\/2014\/06\/fb_b-juniorinnen_140615_03.jpg?fit=600%2C400&amp;ssl=1\" data-orig-size=\"600,400\" data-comments-opened=\"1\" data-image-meta=\"{&quot;aperture&quot;:&quot;5.6&quot;,&quot;credit&quot;:&quot;Rolf Gehrke&quot;,&quot;camera&quot;:&quot;Canon EOS 600D&quot;,&quot;caption&quot;:&quot;&quot;,&quot;created_timestamp&quot;:&quot;1402837591&quot;,&quot;copyright&quot;:&quot;Juni-2014&quot;,&quot;focal_length&quot;:&quot;80&quot;,&quot;iso&quot;:&quot;200&quot;,&quot;shutter_speed&quot;:&quot;0.001&quot;,&quot;title&quot;:&quot;&quot;,&quot;orientation&quot;:&quot;1&quot;}\" data-image-title=\"fb_b-juniorinnen_140615_03\" data-image-description=\"\" data-image-caption=\"&lt;p&gt;Mittelfeldakteurin Jenny &amp;#8211; entscheidende Zweik\u00e4mpfe gewinnen die Eichholzer&lt;\/p&gt;\n\" data-large-file=\"https:\/\/i0.wp.com\/www.tuseichholzremmighausen.de\/wordpress\/wp-content\/uploads\/2014\/06\/fb_b-juniorinnen_140615_03.jpg?fit=600%2C400&amp;ssl=1\" class=\"size-full wp-image-6599\" alt=\"Mittelfeldakteurin Jenny - entscheidende Zweik\u00e4mpfe gewinnen die Eichholzer\" src=\"https:\/\/i0.wp.com\/www.tuseichholzremmighausen.de\/wordpress\/wp-content\/uploads\/2014\/06\/fb_b-juniorinnen_140615_03.jpg?resize=600%2C400&#038;ssl=1\" width=\"600\" height=\"400\" srcset=\"https:\/\/i0.wp.com\/www.tuseichholzremmighausen.de\/wordpress\/wp-content\/uploads\/2014\/06\/fb_b-juniorinnen_140615_03.jpg?w=600&amp;ssl=1 600w, https:\/\/i0.wp.com\/www.tuseichholzremmighausen.de\/wordpress\/wp-content\/uploads\/2014\/06\/fb_b-juniorinnen_140615_03.jpg?resize=300%2C200&amp;ssl=1 300w\" sizes=\"auto, (max-width: 600px) 100vw, 600px\" \/><\/a><figcaption id=\"caption-attachment-6599\" class=\"wp-caption-text\">Mittelfeldakteurin Jenny &#8211; entscheidende Zweik\u00e4mpfe gewinnen die Eichholzer<\/figcaption><\/figure>\n<p>Mit zunehmender Spieldauer fingen sich die Gastgeberinnen etwas. Dabei konnten sie aber im Sturm nicht ann\u00e4hernd die Gef\u00e4hrlichkeit entwickeln, wie die Eichholzer M\u00e4dels. Die Abwehrreihe der Gr\u00fcn-Wei\u00dfen stand sicher, lie\u00df kaum einmal einen Schuss auf Annikas Kasten zu. Nach 30 Minuten zeigte Tina einmal mehr ihre Torj\u00e4gerqualit\u00e4ten. Die Torsch\u00fctzenk\u00f6nigin der B-Juniorinnenstaffel Detmold\/Lemgo erzielte mit dem 0:3 quasi schon die fr\u00fchzeitige Vorentscheidung.<\/p>\n<figure id=\"attachment_6602\" aria-describedby=\"caption-attachment-6602\" style=\"width: 600px\" class=\"wp-caption aligncenter\"><a href=\"https:\/\/i0.wp.com\/www.tuseichholzremmighausen.de\/wordpress\/wp-content\/uploads\/2014\/06\/fb_b-juniorinnen_140615_06.jpg?ssl=1\"><img data-recalc-dims=\"1\" loading=\"lazy\" decoding=\"async\" data-attachment-id=\"6602\" data-permalink=\"https:\/\/www.tuseichholzremmighausen.de\/wordpress\/archives\/6603\/fb_b-juniorinnen_140615_06\" data-orig-file=\"https:\/\/i0.wp.com\/www.tuseichholzremmighausen.de\/wordpress\/wp-content\/uploads\/2014\/06\/fb_b-juniorinnen_140615_06.jpg?fit=600%2C400&amp;ssl=1\" data-orig-size=\"600,400\" data-comments-opened=\"1\" data-image-meta=\"{&quot;aperture&quot;:&quot;8&quot;,&quot;credit&quot;:&quot;Rolf Gehrke&quot;,&quot;camera&quot;:&quot;Canon EOS 600D&quot;,&quot;caption&quot;:&quot;&quot;,&quot;created_timestamp&quot;:&quot;1402838441&quot;,&quot;copyright&quot;:&quot;Juni-2014&quot;,&quot;focal_length&quot;:&quot;140&quot;,&quot;iso&quot;:&quot;200&quot;,&quot;shutter_speed&quot;:&quot;0.001&quot;,&quot;title&quot;:&quot;&quot;,&quot;orientation&quot;:&quot;1&quot;}\" data-image-title=\"fb_b-juniorinnen_140615_06\" data-image-description=\"\" data-image-caption=\"&lt;p&gt;Madleen im Zweikampf &amp;#8211; Kathleen sichert nach hinten ab&lt;\/p&gt;\n\" data-large-file=\"https:\/\/i0.wp.com\/www.tuseichholzremmighausen.de\/wordpress\/wp-content\/uploads\/2014\/06\/fb_b-juniorinnen_140615_06.jpg?fit=600%2C400&amp;ssl=1\" class=\"size-full wp-image-6602\" alt=\"Madleen im Zweikampf - Kathleen sichert nach hinten ab\" src=\"https:\/\/i0.wp.com\/www.tuseichholzremmighausen.de\/wordpress\/wp-content\/uploads\/2014\/06\/fb_b-juniorinnen_140615_06.jpg?resize=600%2C400&#038;ssl=1\" width=\"600\" height=\"400\" srcset=\"https:\/\/i0.wp.com\/www.tuseichholzremmighausen.de\/wordpress\/wp-content\/uploads\/2014\/06\/fb_b-juniorinnen_140615_06.jpg?w=600&amp;ssl=1 600w, https:\/\/i0.wp.com\/www.tuseichholzremmighausen.de\/wordpress\/wp-content\/uploads\/2014\/06\/fb_b-juniorinnen_140615_06.jpg?resize=300%2C200&amp;ssl=1 300w\" sizes=\"auto, (max-width: 600px) 100vw, 600px\" \/><\/a><figcaption id=\"caption-attachment-6602\" class=\"wp-caption-text\">Madleen im Zweikampf &#8211; Kathleen sichert nach hinten ab<\/figcaption><\/figure>\n<p>In der Halbzeitpause mahnte Coach Mike trotzdem, die sommerlichen Temperaturen und vor allem die kr\u00e4fteraubende Pokalpartie am Samstag nicht auf die leichte Schulter zu nehmen. Au\u00dferdem w\u00fcrden sich die Gastgeberinnen sicher nicht fr\u00fchzeitig aufgeben wollen und alles daran setzen, ins Spiel zur\u00fcckzufinden.<\/p>\n<figure id=\"attachment_6601\" aria-describedby=\"caption-attachment-6601\" style=\"width: 600px\" class=\"wp-caption aligncenter\"><a href=\"https:\/\/i0.wp.com\/www.tuseichholzremmighausen.de\/wordpress\/wp-content\/uploads\/2014\/06\/fb_b-juniorinnen_140615_05.jpg?ssl=1\"><img data-recalc-dims=\"1\" loading=\"lazy\" decoding=\"async\" data-attachment-id=\"6601\" data-permalink=\"https:\/\/www.tuseichholzremmighausen.de\/wordpress\/archives\/6603\/fb_b-juniorinnen_140615_05\" data-orig-file=\"https:\/\/i0.wp.com\/www.tuseichholzremmighausen.de\/wordpress\/wp-content\/uploads\/2014\/06\/fb_b-juniorinnen_140615_05.jpg?fit=600%2C400&amp;ssl=1\" data-orig-size=\"600,400\" data-comments-opened=\"1\" data-image-meta=\"{&quot;aperture&quot;:&quot;5.6&quot;,&quot;credit&quot;:&quot;Rolf Gehrke&quot;,&quot;camera&quot;:&quot;Canon EOS 600D&quot;,&quot;caption&quot;:&quot;&quot;,&quot;created_timestamp&quot;:&quot;1402839154&quot;,&quot;copyright&quot;:&quot;Juni-2014&quot;,&quot;focal_length&quot;:&quot;125&quot;,&quot;iso&quot;:&quot;200&quot;,&quot;shutter_speed&quot;:&quot;0.001&quot;,&quot;title&quot;:&quot;&quot;,&quot;orientation&quot;:&quot;1&quot;}\" data-image-title=\"fb_b-juniorinnen_140615_05\" data-image-description=\"\" data-image-caption=\"&lt;p&gt;Packende Duelle &amp;#8211; Celine nach gestrigem Pokalsieg auch heute top fit!&lt;\/p&gt;\n\" data-large-file=\"https:\/\/i0.wp.com\/www.tuseichholzremmighausen.de\/wordpress\/wp-content\/uploads\/2014\/06\/fb_b-juniorinnen_140615_05.jpg?fit=600%2C400&amp;ssl=1\" class=\"size-full wp-image-6601\" alt=\"Packende Duelle - Celine nach gestrigem Pokalsieg auch heute top fit!\" src=\"https:\/\/i0.wp.com\/www.tuseichholzremmighausen.de\/wordpress\/wp-content\/uploads\/2014\/06\/fb_b-juniorinnen_140615_05.jpg?resize=600%2C400&#038;ssl=1\" width=\"600\" height=\"400\" srcset=\"https:\/\/i0.wp.com\/www.tuseichholzremmighausen.de\/wordpress\/wp-content\/uploads\/2014\/06\/fb_b-juniorinnen_140615_05.jpg?w=600&amp;ssl=1 600w, https:\/\/i0.wp.com\/www.tuseichholzremmighausen.de\/wordpress\/wp-content\/uploads\/2014\/06\/fb_b-juniorinnen_140615_05.jpg?resize=300%2C200&amp;ssl=1 300w\" sizes=\"auto, (max-width: 600px) 100vw, 600px\" \/><\/a><figcaption id=\"caption-attachment-6601\" class=\"wp-caption-text\">Packende Duelle &#8211; Celine nach gestrigem Pokalsieg auch heute top fit!<\/figcaption><\/figure>\n<p>Die M\u00e4dels hielten sich prima am Konzept und lie\u00dfen den gef\u00fcrchteten schnellen Gegentreffer im zweiten Durchgang nicht zu. Das Bem\u00fchen der Gastgeberinnen war deutlich zu erkennen, die TuS-Defensive stand aber sicher. Weiter blieb es auch dabei, dass die h\u00f6here Qualit\u00e4t der Angriffe klar auf Seiten der Eichholzer war. Kathleen schaltete sich immer h\u00e4ufiger in die Offensivaktionen ein und suchte den Abschluss. Ihr Kr\u00e4fteverschlei\u00df vom Vortag d\u00fcrfte sich in Grenzen gehalten haben, da sie gestern als Keeper agierte und dabei nicht einmal sonderlich ausgelastet war.<\/p>\n<figure id=\"attachment_6600\" aria-describedby=\"caption-attachment-6600\" style=\"width: 600px\" class=\"wp-caption aligncenter\"><a href=\"https:\/\/i0.wp.com\/www.tuseichholzremmighausen.de\/wordpress\/wp-content\/uploads\/2014\/06\/fb_b-juniorinnen_140615_04.jpg?ssl=1\"><img data-recalc-dims=\"1\" loading=\"lazy\" decoding=\"async\" data-attachment-id=\"6600\" data-permalink=\"https:\/\/www.tuseichholzremmighausen.de\/wordpress\/archives\/6603\/fb_b-juniorinnen_140615_04\" data-orig-file=\"https:\/\/i0.wp.com\/www.tuseichholzremmighausen.de\/wordpress\/wp-content\/uploads\/2014\/06\/fb_b-juniorinnen_140615_04.jpg?fit=600%2C400&amp;ssl=1\" data-orig-size=\"600,400\" data-comments-opened=\"1\" data-image-meta=\"{&quot;aperture&quot;:&quot;5&quot;,&quot;credit&quot;:&quot;Rolf Gehrke&quot;,&quot;camera&quot;:&quot;Canon EOS 600D&quot;,&quot;caption&quot;:&quot;&quot;,&quot;created_timestamp&quot;:&quot;1402837752&quot;,&quot;copyright&quot;:&quot;Juni-2014&quot;,&quot;focal_length&quot;:&quot;70&quot;,&quot;iso&quot;:&quot;200&quot;,&quot;shutter_speed&quot;:&quot;0.001&quot;,&quot;title&quot;:&quot;&quot;,&quot;orientation&quot;:&quot;1&quot;}\" data-image-title=\"fb_b-juniorinnen_140615_04\" data-image-description=\"\" data-image-caption=\"&lt;p&gt;Sehenswert: Kathleen wirbelt durch die gesamte Abwehr und verl\u00e4dt Keeper zum 0:4&lt;\/p&gt;\n\" data-large-file=\"https:\/\/i0.wp.com\/www.tuseichholzremmighausen.de\/wordpress\/wp-content\/uploads\/2014\/06\/fb_b-juniorinnen_140615_04.jpg?fit=600%2C400&amp;ssl=1\" class=\"size-full wp-image-6600\" alt=\"Sehenswert: Kathleen wirbelt durch die gesamte Abwehr und verl\u00e4dt Keeper zum 0:4\" src=\"https:\/\/i0.wp.com\/www.tuseichholzremmighausen.de\/wordpress\/wp-content\/uploads\/2014\/06\/fb_b-juniorinnen_140615_04.jpg?resize=600%2C400&#038;ssl=1\" width=\"600\" height=\"400\" srcset=\"https:\/\/i0.wp.com\/www.tuseichholzremmighausen.de\/wordpress\/wp-content\/uploads\/2014\/06\/fb_b-juniorinnen_140615_04.jpg?w=600&amp;ssl=1 600w, https:\/\/i0.wp.com\/www.tuseichholzremmighausen.de\/wordpress\/wp-content\/uploads\/2014\/06\/fb_b-juniorinnen_140615_04.jpg?resize=300%2C200&amp;ssl=1 300w\" sizes=\"auto, (max-width: 600px) 100vw, 600px\" \/><\/a><figcaption id=\"caption-attachment-6600\" class=\"wp-caption-text\">Sehenswert: Kathleen wirbelt durch die gesamte Abwehr und verl\u00e4dt Keeper zum 0:4<\/figcaption><\/figure>\n<p>Nach einem geschickten Ballgewinn drang sie durch die roten Abwehrreihen in den 16er. Dabei umspielte sie zwei ihrer Gegnerinnen und hatte nur noch den Keeper vor sich. Aus der linken Position spitzelte sie das Leder am gegnerischen Keeper vorbei ins Netz. Mit diesem 0:4 war nat\u00fcrlich auch bei den Gegnern die Luft raus. Asli machte, nachdem sie nur zwei Minuten zuvor eingewechselt worden war, von der rechten Seite mit einem strammen Flachschuss das 0:5. Keine Frage, die mitgereisten Fans aus Eichholz waren begeistert. Dann der Schlusspfiff. Riesenjubel im gr\u00fcn-wei\u00dfen Fanblock. Besser h\u00e4tte der Auftakt zur Relegationsrunde wohl kaum laufen k\u00f6nnen.<\/p>\n<p>Am kommenden Sonntag reist der TuS zum SV Ottbergen-Bruchhausen.<\/p>\n<p>Tore:<\/p>\n<p>Tina Rother(2), Lara Vincic, Kathleen Zimmermann und Asli \u00d6zt\u00fcrk<\/p>\n<p>&nbsp;<\/p>\n<p>Annika Schlosser &#8211; Kathleen Zimmermann \u2013 Sophia Hansmann \u2013 Birte Mackenbrock \u2013 Lara Vincic &#8211; Jennifer Labus \u2013 Madleen Gandzior &#8211; Celine Paulussen \u2013 Tina Rother &#8211; Hannah Meyer \u2013 Isabel Niekamp \u2013 Asli \u00d6zt\u00fcrk \u2013 Leonie Stock<\/p>\n","protected":false},"excerpt":{"rendered":"<p>Einen perfekten Einstand in die Qualifikationsrunde zur B-Juniorinnen Bezirksliga erspielten sich die TuS-M\u00e4dels am heutigen Sonntag in Gehlenbeck. Obwohl, oder<\/p>\n","protected":false},"author":16,"featured_media":0,"comment_status":"closed","ping_status":"open","sticky":false,"template":"","format":"standard","meta":{"colormag_page_container_layout":"default_layout","colormag_page_sidebar_layout":"default_layout","_jetpack_memberships_contains_paid_content":false,"footnotes":"","jetpack_publicize_message":"","jetpack_publicize_feature_enabled":true,"jetpack_social_post_already_shared":false,"jetpack_social_options":{"image_generator_settings":{"template":"highway","default_image_id":0,"font":"","enabled":false},"version":2}},"categories":[157],"tags":[],"class_list":["post-6603","post","type-post","status-publish","format-standard","hentry","category-archiv"],"jetpack_publicize_connections":[],"jetpack_featured_media_url":"","jetpack_sharing_enabled":true,"_links":{"self":[{"href":"https:\/\/www.tuseichholzremmighausen.de\/wordpress\/wp-json\/wp\/v2\/posts\/6603","targetHints":{"allow":["GET"]}}],"collection":[{"href":"https:\/\/www.tuseichholzremmighausen.de\/wordpress\/wp-json\/wp\/v2\/posts"}],"about":[{"href":"https:\/\/www.tuseichholzremmighausen.de\/wordpress\/wp-json\/wp\/v2\/types\/post"}],"author":[{"embeddable":true,"href":"https:\/\/www.tuseichholzremmighausen.de\/wordpress\/wp-json\/wp\/v2\/users\/16"}],"replies":[{"embeddable":true,"href":"https:\/\/www.tuseichholzremmighausen.de\/wordpress\/wp-json\/wp\/v2\/comments?post=6603"}],"version-history":[{"count":0,"href":"https:\/\/www.tuseichholzremmighausen.de\/wordpress\/wp-json\/wp\/v2\/posts\/6603\/revisions"}],"wp:attachment":[{"href":"https:\/\/www.tuseichholzremmighausen.de\/wordpress\/wp-json\/wp\/v2\/media?parent=6603"}],"wp:term":[{"taxonomy":"category","embeddable":true,"href":"https:\/\/www.tuseichholzremmighausen.de\/wordpress\/wp-json\/wp\/v2\/categories?post=6603"},{"taxonomy":"post_tag","embeddable":true,"href":"https:\/\/www.tuseichholzremmighausen.de\/wordpress\/wp-json\/wp\/v2\/tags?post=6603"}],"curies":[{"name":"wp","href":"https:\/\/api.w.org\/{rel}","templated":true}]}}