{"id":7047,"date":"2014-09-21T08:47:29","date_gmt":"2014-09-21T07:47:29","guid":{"rendered":"http:\/\/www.tuseichholzremmighausen.de\/wordpress\/?p=7047"},"modified":"2020-09-11T20:31:59","modified_gmt":"2020-09-11T18:31:59","slug":"e-maedchen-etabliert-guter-start-in-ihre-zweite-saison","status":"publish","type":"post","link":"https:\/\/www.tuseichholzremmighausen.de\/wordpress\/archives\/7047","title":{"rendered":"E-M\u00e4dchen etabliert \u2013 guter Start in ihre zweite Saison"},"content":{"rendered":"<p><strong>Wie schon im vergangenen Jahr freuen sich die j\u00fcngeren M\u00e4dchen im TuS \u00fcber ihre eigene Mannschaft.<\/strong><\/p>\n<figure id=\"attachment_7044\" aria-describedby=\"caption-attachment-7044\" style=\"width: 600px\" class=\"wp-caption aligncenter\"><a href=\"https:\/\/i0.wp.com\/www.tuseichholzremmighausen.de\/wordpress\/wp-content\/uploads\/2014\/09\/fb_e-juniorinnen_140920_01.jpg?ssl=1\"><img data-recalc-dims=\"1\" loading=\"lazy\" decoding=\"async\" data-attachment-id=\"7044\" data-permalink=\"https:\/\/www.tuseichholzremmighausen.de\/wordpress\/archives\/7047\/fb_e-juniorinnen_140920_01\" data-orig-file=\"https:\/\/i0.wp.com\/www.tuseichholzremmighausen.de\/wordpress\/wp-content\/uploads\/2014\/09\/fb_e-juniorinnen_140920_01.jpg?fit=600%2C400&amp;ssl=1\" data-orig-size=\"600,400\" data-comments-opened=\"1\" data-image-meta=\"{&quot;aperture&quot;:&quot;3.2&quot;,&quot;credit&quot;:&quot;Rolf Gehrke&quot;,&quot;camera&quot;:&quot;Canon EOS 600D&quot;,&quot;caption&quot;:&quot;&quot;,&quot;created_timestamp&quot;:&quot;1411213858&quot;,&quot;copyright&quot;:&quot;Sept-2014&quot;,&quot;focal_length&quot;:&quot;85&quot;,&quot;iso&quot;:&quot;200&quot;,&quot;shutter_speed&quot;:&quot;0.001&quot;,&quot;title&quot;:&quot;&quot;,&quot;orientation&quot;:&quot;1&quot;}\" data-image-title=\"fb_e-juniorinnen_140920_01\" data-image-description=\"\" data-image-caption=\"&lt;p&gt;Da kommen die Jungs der JSG H\u00fcgelland II ganz sch\u00f6n unter Druck &amp;#8211; klasse Ballannahme&lt;\/p&gt;\n\" data-large-file=\"https:\/\/i0.wp.com\/www.tuseichholzremmighausen.de\/wordpress\/wp-content\/uploads\/2014\/09\/fb_e-juniorinnen_140920_01.jpg?fit=600%2C400&amp;ssl=1\" class=\"size-full wp-image-7044\" src=\"https:\/\/i0.wp.com\/www.tuseichholzremmighausen.de\/wordpress\/wp-content\/uploads\/2014\/09\/fb_e-juniorinnen_140920_01.jpg?resize=600%2C400&#038;ssl=1\" alt=\"Da kommen die Jungs der JSG H\u00fcgelland II ganz sch\u00f6n unter Druck - klasse Ballannahme\" width=\"600\" height=\"400\" srcset=\"https:\/\/i0.wp.com\/www.tuseichholzremmighausen.de\/wordpress\/wp-content\/uploads\/2014\/09\/fb_e-juniorinnen_140920_01.jpg?w=600&amp;ssl=1 600w, https:\/\/i0.wp.com\/www.tuseichholzremmighausen.de\/wordpress\/wp-content\/uploads\/2014\/09\/fb_e-juniorinnen_140920_01.jpg?resize=300%2C200&amp;ssl=1 300w\" sizes=\"auto, (max-width: 600px) 100vw, 600px\" \/><\/a><figcaption id=\"caption-attachment-7044\" class=\"wp-caption-text\">Da kommen die Jungs der JSG H\u00fcgelland II ganz sch\u00f6n unter Druck &#8211; klasse Ballannahme<\/figcaption><\/figure>\n<p>Als E2 spielen sie als reines M\u00e4dchenteam in einer Jungenstaffel. Allerdings m\u00fcssen sie gegen\u00fcber der Vorsaison auch mit Ver\u00e4nderungen zurechtkommen, da die \u00e4lteren Jahrg\u00e4nge turnusgem\u00e4\u00df in die h\u00f6here Altersgruppe aufr\u00fccken m\u00fcssen.<!--more--> Mit Maria, Joelina, Josefine und Elisa hat die junge Mannschaft gleich am Ende ihres ersten Jahres vier M\u00e4dchen an die B-Juniorinnen abgeben m\u00fcssen. Erfreulicherweise konnte das Team bereits w\u00e4hrend der vergangenen Saison mehrere Zug\u00e4nge vermelden. Mit der stetigen Erweiterung des Kaders konnte zunehmend auf die \u201eExtra-Unterst\u00fctzung\u201c aus den Reihen der E-Jungs verzichtet werden.<\/p>\n<figure id=\"attachment_7045\" aria-describedby=\"caption-attachment-7045\" style=\"width: 600px\" class=\"wp-caption aligncenter\"><a href=\"https:\/\/i0.wp.com\/www.tuseichholzremmighausen.de\/wordpress\/wp-content\/uploads\/2014\/09\/fb_e-juniorinnen_140920_02.jpg?ssl=1\"><img data-recalc-dims=\"1\" loading=\"lazy\" decoding=\"async\" data-attachment-id=\"7045\" data-permalink=\"https:\/\/www.tuseichholzremmighausen.de\/wordpress\/archives\/7047\/fb_e-juniorinnen_140920_02\" data-orig-file=\"https:\/\/i0.wp.com\/www.tuseichholzremmighausen.de\/wordpress\/wp-content\/uploads\/2014\/09\/fb_e-juniorinnen_140920_02.jpg?fit=600%2C400&amp;ssl=1\" data-orig-size=\"600,400\" data-comments-opened=\"1\" data-image-meta=\"{&quot;aperture&quot;:&quot;2.8&quot;,&quot;credit&quot;:&quot;Rolf Gehrke&quot;,&quot;camera&quot;:&quot;Canon EOS 600D&quot;,&quot;caption&quot;:&quot;&quot;,&quot;created_timestamp&quot;:&quot;1411213317&quot;,&quot;copyright&quot;:&quot;Sept-2014&quot;,&quot;focal_length&quot;:&quot;85&quot;,&quot;iso&quot;:&quot;200&quot;,&quot;shutter_speed&quot;:&quot;0.001&quot;,&quot;title&quot;:&quot;&quot;,&quot;orientation&quot;:&quot;1&quot;}\" data-image-title=\"fb_e-juniorinnen_140920_02\" data-image-description=\"\" data-image-caption=\"&lt;p&gt;M\u00e4dchen nehmen die Herausforderung an&lt;\/p&gt;\n\" data-large-file=\"https:\/\/i0.wp.com\/www.tuseichholzremmighausen.de\/wordpress\/wp-content\/uploads\/2014\/09\/fb_e-juniorinnen_140920_02.jpg?fit=600%2C400&amp;ssl=1\" class=\"size-full wp-image-7045\" src=\"https:\/\/i0.wp.com\/www.tuseichholzremmighausen.de\/wordpress\/wp-content\/uploads\/2014\/09\/fb_e-juniorinnen_140920_02.jpg?resize=600%2C400&#038;ssl=1\" alt=\"M\u00e4dchen nehmen die Herausforderung an\" width=\"600\" height=\"400\" srcset=\"https:\/\/i0.wp.com\/www.tuseichholzremmighausen.de\/wordpress\/wp-content\/uploads\/2014\/09\/fb_e-juniorinnen_140920_02.jpg?w=600&amp;ssl=1 600w, https:\/\/i0.wp.com\/www.tuseichholzremmighausen.de\/wordpress\/wp-content\/uploads\/2014\/09\/fb_e-juniorinnen_140920_02.jpg?resize=300%2C200&amp;ssl=1 300w\" sizes=\"auto, (max-width: 600px) 100vw, 600px\" \/><\/a><figcaption id=\"caption-attachment-7045\" class=\"wp-caption-text\">M\u00e4dchen nehmen die Herausforderung an<\/figcaption><\/figure>\n<p>Coach Madleen Gandzior und Betreuer Jan Eskuchen waren nat\u00fcrlich hoch erfreut, direkt zum Trainingsauftakt nach den Sommerferien weitere Spielerinnen im Team begr\u00fc\u00dfen zu k\u00f6nnen. Weitere Informationen und eine detaillierte Vorstellung der neuen E-Juniorinnenmannschaft werden in K\u00fcrze in einem Sonderbericht hier auf unserer Homepage ver\u00f6ffentlicht.<\/p>\n<figure id=\"attachment_7046\" aria-describedby=\"caption-attachment-7046\" style=\"width: 600px\" class=\"wp-caption aligncenter\"><a href=\"https:\/\/i0.wp.com\/www.tuseichholzremmighausen.de\/wordpress\/wp-content\/uploads\/2014\/09\/fb_e-juniorinnen_140830_02.jpg?ssl=1\"><img data-recalc-dims=\"1\" loading=\"lazy\" decoding=\"async\" data-attachment-id=\"7046\" data-permalink=\"https:\/\/www.tuseichholzremmighausen.de\/wordpress\/archives\/7047\/fb_e-juniorinnen_140830_02\" data-orig-file=\"https:\/\/i0.wp.com\/www.tuseichholzremmighausen.de\/wordpress\/wp-content\/uploads\/2014\/09\/fb_e-juniorinnen_140830_02.jpg?fit=600%2C400&amp;ssl=1\" data-orig-size=\"600,400\" data-comments-opened=\"1\" data-image-meta=\"{&quot;aperture&quot;:&quot;6.3&quot;,&quot;credit&quot;:&quot;Rolf Gehrke&quot;,&quot;camera&quot;:&quot;Canon EOS 600D&quot;,&quot;caption&quot;:&quot;&quot;,&quot;created_timestamp&quot;:&quot;1409404140&quot;,&quot;copyright&quot;:&quot;Aug-2014&quot;,&quot;focal_length&quot;:&quot;42&quot;,&quot;iso&quot;:&quot;400&quot;,&quot;shutter_speed&quot;:&quot;0.00125&quot;,&quot;title&quot;:&quot;&quot;,&quot;orientation&quot;:&quot;1&quot;}\" data-image-title=\"fb_e-juniorinnen_140830_02\" data-image-description=\"\" data-image-caption=\"&lt;p&gt;Erste Aktionen im Auftaktspiel bei Post Detmold&lt;\/p&gt;\n\" data-large-file=\"https:\/\/i0.wp.com\/www.tuseichholzremmighausen.de\/wordpress\/wp-content\/uploads\/2014\/09\/fb_e-juniorinnen_140830_02.jpg?fit=600%2C400&amp;ssl=1\" class=\"size-full wp-image-7046\" src=\"https:\/\/i0.wp.com\/www.tuseichholzremmighausen.de\/wordpress\/wp-content\/uploads\/2014\/09\/fb_e-juniorinnen_140830_02.jpg?resize=600%2C400&#038;ssl=1\" alt=\"Erste Aktionen im Auftaktspiel bei Post Detmold\" width=\"600\" height=\"400\" srcset=\"https:\/\/i0.wp.com\/www.tuseichholzremmighausen.de\/wordpress\/wp-content\/uploads\/2014\/09\/fb_e-juniorinnen_140830_02.jpg?w=600&amp;ssl=1 600w, https:\/\/i0.wp.com\/www.tuseichholzremmighausen.de\/wordpress\/wp-content\/uploads\/2014\/09\/fb_e-juniorinnen_140830_02.jpg?resize=300%2C200&amp;ssl=1 300w\" sizes=\"auto, (max-width: 600px) 100vw, 600px\" \/><\/a><figcaption id=\"caption-attachment-7046\" class=\"wp-caption-text\">Erste Aktionen im Auftaktspiel bei Post Detmold<\/figcaption><\/figure>\n<p>Nach einem 0:3 im Saisonauftaktspiel bei Post Detmold war es eine deutlichere Niederlage gegen CSL Detmold einfach nicht zu vermeiden.<\/p>\n<figure id=\"attachment_7043\" aria-describedby=\"caption-attachment-7043\" style=\"width: 600px\" class=\"wp-caption aligncenter\"><a href=\"https:\/\/i0.wp.com\/www.tuseichholzremmighausen.de\/wordpress\/wp-content\/uploads\/2014\/09\/fb_e-juniorinnen_140906_011.jpg?ssl=1\"><img data-recalc-dims=\"1\" loading=\"lazy\" decoding=\"async\" data-attachment-id=\"7043\" data-permalink=\"https:\/\/www.tuseichholzremmighausen.de\/wordpress\/archives\/7047\/fb_e-juniorinnen_140906_01-2\" data-orig-file=\"https:\/\/i0.wp.com\/www.tuseichholzremmighausen.de\/wordpress\/wp-content\/uploads\/2014\/09\/fb_e-juniorinnen_140906_011.jpg?fit=600%2C400&amp;ssl=1\" data-orig-size=\"600,400\" data-comments-opened=\"1\" data-image-meta=\"{&quot;aperture&quot;:&quot;6.3&quot;,&quot;credit&quot;:&quot;Rolf Gehrke&quot;,&quot;camera&quot;:&quot;Canon EOS 600D&quot;,&quot;caption&quot;:&quot;&quot;,&quot;created_timestamp&quot;:&quot;1410000204&quot;,&quot;copyright&quot;:&quot;Aug-2014&quot;,&quot;focal_length&quot;:&quot;97&quot;,&quot;iso&quot;:&quot;200&quot;,&quot;shutter_speed&quot;:&quot;0.001&quot;,&quot;title&quot;:&quot;&quot;,&quot;orientation&quot;:&quot;1&quot;}\" data-image-title=\"fb_e-juniorinnen_140906_01\" data-image-description=\"\" data-image-caption=\"&lt;p&gt;Szene aus dem Spiel gegen CSL Detmold&lt;\/p&gt;\n\" data-large-file=\"https:\/\/i0.wp.com\/www.tuseichholzremmighausen.de\/wordpress\/wp-content\/uploads\/2014\/09\/fb_e-juniorinnen_140906_011.jpg?fit=600%2C400&amp;ssl=1\" class=\"size-full wp-image-7043\" src=\"https:\/\/i0.wp.com\/www.tuseichholzremmighausen.de\/wordpress\/wp-content\/uploads\/2014\/09\/fb_e-juniorinnen_140906_011.jpg?resize=600%2C400&#038;ssl=1\" alt=\"Szene aus dem Spiel gegen CSL Detmold\" width=\"600\" height=\"400\" srcset=\"https:\/\/i0.wp.com\/www.tuseichholzremmighausen.de\/wordpress\/wp-content\/uploads\/2014\/09\/fb_e-juniorinnen_140906_011.jpg?w=600&amp;ssl=1 600w, https:\/\/i0.wp.com\/www.tuseichholzremmighausen.de\/wordpress\/wp-content\/uploads\/2014\/09\/fb_e-juniorinnen_140906_011.jpg?resize=300%2C200&amp;ssl=1 300w\" sizes=\"auto, (max-width: 600px) 100vw, 600px\" \/><\/a><figcaption id=\"caption-attachment-7043\" class=\"wp-caption-text\">Szene aus dem Spiel gegen CSL Detmold<\/figcaption><\/figure>\n<p>Am Samstag gegen JSG H\u00fcgelland II waren einige der M\u00e4dels erstmals spielberechtigt. Zwar musste am Ende in eine 1:3-Niederlage eingewilligt werden, <strong>doch das sch\u00f6nste Tor des Tages erzielte Chiara f\u00fcr die M\u00e4dchen per Kopfball!<\/strong> Spielerinnen, Eltern und Fans freuen sich auf die kommenden Spiele! Das N\u00e4chste am Samstag in Heidenoldendorf.<\/p>\n","protected":false},"excerpt":{"rendered":"<p>Wie schon im vergangenen Jahr freuen sich die j\u00fcngeren M\u00e4dchen im TuS \u00fcber ihre eigene Mannschaft. Als E2 spielen sie<\/p>\n","protected":false},"author":16,"featured_media":0,"comment_status":"closed","ping_status":"open","sticky":false,"template":"","format":"standard","meta":{"colormag_page_container_layout":"default_layout","colormag_page_sidebar_layout":"default_layout","_jetpack_memberships_contains_paid_content":false,"footnotes":"","jetpack_publicize_message":"","jetpack_publicize_feature_enabled":true,"jetpack_social_post_already_shared":false,"jetpack_social_options":{"image_generator_settings":{"template":"highway","default_image_id":0,"font":"","enabled":false},"version":2}},"categories":[157],"tags":[],"class_list":["post-7047","post","type-post","status-publish","format-standard","hentry","category-archiv"],"jetpack_publicize_connections":[],"jetpack_featured_media_url":"","jetpack_sharing_enabled":true,"_links":{"self":[{"href":"https:\/\/www.tuseichholzremmighausen.de\/wordpress\/wp-json\/wp\/v2\/posts\/7047","targetHints":{"allow":["GET"]}}],"collection":[{"href":"https:\/\/www.tuseichholzremmighausen.de\/wordpress\/wp-json\/wp\/v2\/posts"}],"about":[{"href":"https:\/\/www.tuseichholzremmighausen.de\/wordpress\/wp-json\/wp\/v2\/types\/post"}],"author":[{"embeddable":true,"href":"https:\/\/www.tuseichholzremmighausen.de\/wordpress\/wp-json\/wp\/v2\/users\/16"}],"replies":[{"embeddable":true,"href":"https:\/\/www.tuseichholzremmighausen.de\/wordpress\/wp-json\/wp\/v2\/comments?post=7047"}],"version-history":[{"count":0,"href":"https:\/\/www.tuseichholzremmighausen.de\/wordpress\/wp-json\/wp\/v2\/posts\/7047\/revisions"}],"wp:attachment":[{"href":"https:\/\/www.tuseichholzremmighausen.de\/wordpress\/wp-json\/wp\/v2\/media?parent=7047"}],"wp:term":[{"taxonomy":"category","embeddable":true,"href":"https:\/\/www.tuseichholzremmighausen.de\/wordpress\/wp-json\/wp\/v2\/categories?post=7047"},{"taxonomy":"post_tag","embeddable":true,"href":"https:\/\/www.tuseichholzremmighausen.de\/wordpress\/wp-json\/wp\/v2\/tags?post=7047"}],"curies":[{"name":"wp","href":"https:\/\/api.w.org\/{rel}","templated":true}]}}