{"id":7058,"date":"2014-09-21T19:31:37","date_gmt":"2014-09-21T18:31:37","guid":{"rendered":"http:\/\/www.tuseichholzremmighausen.de\/wordpress\/?p=7058"},"modified":"2020-09-11T20:31:59","modified_gmt":"2020-09-11T18:31:59","slug":"zweite-besiegt-den-sv-hw-falkenhagen-ii-mit-40","status":"publish","type":"post","link":"https:\/\/www.tuseichholzremmighausen.de\/wordpress\/archives\/7058","title":{"rendered":"Zweite besiegt den SV HW Falkenhagen II mit 4:0"},"content":{"rendered":"<p><strong>Nach dem kleinen Ausrutscher am vergangenen Freitag, als man 2:5 beim FC Lippe Detmold unterlag, fand das Hosch-Team schnell wieder in die Spur zur\u00fcck.<\/strong><\/p>\n<figure id=\"attachment_7055\" aria-describedby=\"caption-attachment-7055\" style=\"width: 600px\" class=\"wp-caption aligncenter\"><a href=\"https:\/\/i0.wp.com\/www.tuseichholzremmighausen.de\/wordpress\/wp-content\/uploads\/2014\/09\/fb_zweite_140921_01.jpg?ssl=1\"><img data-recalc-dims=\"1\" loading=\"lazy\" decoding=\"async\" data-attachment-id=\"7055\" data-permalink=\"https:\/\/www.tuseichholzremmighausen.de\/wordpress\/archives\/7058\/fb_zweite_140921_01\" data-orig-file=\"https:\/\/i0.wp.com\/www.tuseichholzremmighausen.de\/wordpress\/wp-content\/uploads\/2014\/09\/fb_zweite_140921_01.jpg?fit=600%2C401&amp;ssl=1\" data-orig-size=\"600,401\" data-comments-opened=\"1\" data-image-meta=\"{&quot;aperture&quot;:&quot;7.1&quot;,&quot;credit&quot;:&quot;Rolf Gehrke&quot;,&quot;camera&quot;:&quot;Canon EOS 600D&quot;,&quot;caption&quot;:&quot;&quot;,&quot;created_timestamp&quot;:&quot;1411306469&quot;,&quot;copyright&quot;:&quot;Sept-2014&quot;,&quot;focal_length&quot;:&quot;110&quot;,&quot;iso&quot;:&quot;400&quot;,&quot;shutter_speed&quot;:&quot;0.001&quot;,&quot;title&quot;:&quot;&quot;,&quot;orientation&quot;:&quot;1&quot;}\" data-image-title=\"fb_zweite_140921_01\" data-image-description=\"\" data-image-caption=\"&lt;p&gt;Wichtig! Ein Tor vor, eins nach der Pause &amp;#8211; Patrick mit viel \u00dcbersicht  &lt;\/p&gt;\n\" data-large-file=\"https:\/\/i0.wp.com\/www.tuseichholzremmighausen.de\/wordpress\/wp-content\/uploads\/2014\/09\/fb_zweite_140921_01.jpg?fit=600%2C401&amp;ssl=1\" class=\"size-full wp-image-7055\" src=\"https:\/\/i0.wp.com\/www.tuseichholzremmighausen.de\/wordpress\/wp-content\/uploads\/2014\/09\/fb_zweite_140921_01.jpg?resize=600%2C401&#038;ssl=1\" alt=\"Wichtig! Ein Tor vor, eins nach der Pause - Patrick mit viel \u00dcbersicht\" width=\"600\" height=\"401\" srcset=\"https:\/\/i0.wp.com\/www.tuseichholzremmighausen.de\/wordpress\/wp-content\/uploads\/2014\/09\/fb_zweite_140921_01.jpg?w=600&amp;ssl=1 600w, https:\/\/i0.wp.com\/www.tuseichholzremmighausen.de\/wordpress\/wp-content\/uploads\/2014\/09\/fb_zweite_140921_01.jpg?resize=300%2C200&amp;ssl=1 300w\" sizes=\"auto, (max-width: 600px) 100vw, 600px\" \/><\/a><figcaption id=\"caption-attachment-7055\" class=\"wp-caption-text\">Wichtig! Ein Tor vor, eins nach der Pause &#8211; Patrick mit viel \u00dcbersicht<\/figcaption><\/figure>\n<p>Optisch \u00fcberlegen, im Abschluss aber, gerade in der ersten Halbzeit noch nicht optimal\u2026<!--more--> die knappe 1:0-F\u00fchrung durch Patrick Martens verdient, aber nicht restlos \u00fcberzeugend. Erst als Patrick nach einer Stunde Spielzeit mit seinem zweiten Treffer die F\u00fchrung ausbauen konnte, legte sich auch die restzweifelnde Nervosit\u00e4t bei den Fans.<\/p>\n<figure id=\"attachment_7057\" aria-describedby=\"caption-attachment-7057\" style=\"width: 599px\" class=\"wp-caption aligncenter\"><a href=\"https:\/\/i0.wp.com\/www.tuseichholzremmighausen.de\/wordpress\/wp-content\/uploads\/2014\/09\/fb_zweite_140921_03.jpg?ssl=1\"><img data-recalc-dims=\"1\" loading=\"lazy\" decoding=\"async\" data-attachment-id=\"7057\" data-permalink=\"https:\/\/www.tuseichholzremmighausen.de\/wordpress\/archives\/7058\/fb_zweite_140921_03\" data-orig-file=\"https:\/\/i0.wp.com\/www.tuseichholzremmighausen.de\/wordpress\/wp-content\/uploads\/2014\/09\/fb_zweite_140921_03.jpg?fit=599%2C400&amp;ssl=1\" data-orig-size=\"599,400\" data-comments-opened=\"1\" data-image-meta=\"{&quot;aperture&quot;:&quot;5&quot;,&quot;credit&quot;:&quot;Rolf Gehrke&quot;,&quot;camera&quot;:&quot;Canon EOS 600D&quot;,&quot;caption&quot;:&quot;&quot;,&quot;created_timestamp&quot;:&quot;1411301997&quot;,&quot;copyright&quot;:&quot;Sept-2014&quot;,&quot;focal_length&quot;:&quot;75&quot;,&quot;iso&quot;:&quot;800&quot;,&quot;shutter_speed&quot;:&quot;0.001&quot;,&quot;title&quot;:&quot;&quot;,&quot;orientation&quot;:&quot;1&quot;}\" data-image-title=\"fb_zweite_140921_03\" data-image-description=\"\" data-image-caption=\"&lt;p&gt;Leicht machte es Falkenhagen dem TuS sicher nicht&lt;\/p&gt;\n\" data-large-file=\"https:\/\/i0.wp.com\/www.tuseichholzremmighausen.de\/wordpress\/wp-content\/uploads\/2014\/09\/fb_zweite_140921_03.jpg?fit=599%2C400&amp;ssl=1\" class=\"size-full wp-image-7057\" src=\"https:\/\/i0.wp.com\/www.tuseichholzremmighausen.de\/wordpress\/wp-content\/uploads\/2014\/09\/fb_zweite_140921_03.jpg?resize=599%2C400&#038;ssl=1\" alt=\"Leicht machte es Falkenhagen dem TuS sicher nicht\" width=\"599\" height=\"400\" srcset=\"https:\/\/i0.wp.com\/www.tuseichholzremmighausen.de\/wordpress\/wp-content\/uploads\/2014\/09\/fb_zweite_140921_03.jpg?w=599&amp;ssl=1 599w, https:\/\/i0.wp.com\/www.tuseichholzremmighausen.de\/wordpress\/wp-content\/uploads\/2014\/09\/fb_zweite_140921_03.jpg?resize=300%2C200&amp;ssl=1 300w\" sizes=\"auto, (max-width: 599px) 100vw, 599px\" \/><\/a><figcaption id=\"caption-attachment-7057\" class=\"wp-caption-text\">Leicht machte es Falkenhagen dem TuS sicher nicht<\/figcaption><\/figure>\n<p>In der Intensiven Partie gegen eine k\u00e4mpferisch hervorragend eingestellte Mannschaft aus dem lippischen S\u00fcd-Osten brachten die Treffer von Tim Hosch und Sven Neuwohner die endg\u00fcltige Entscheidung. Mit einer insgesamt ordentlichen Leistung machte der TuS die Schlappe vom Freitag wett und sicherte sich mit dem 4:0 den n\u00e4chsten Dreier. Mit neun Z\u00e4hlern auf dem Konto reist der TuS am n\u00e4chsten Sonntag zum TuS 08 Brakelsiek.<\/p>\n","protected":false},"excerpt":{"rendered":"<p>Nach dem kleinen Ausrutscher am vergangenen Freitag, als man 2:5 beim FC Lippe Detmold unterlag, fand das Hosch-Team schnell wieder<\/p>\n","protected":false},"author":16,"featured_media":0,"comment_status":"closed","ping_status":"open","sticky":false,"template":"","format":"standard","meta":{"colormag_page_container_layout":"default_layout","colormag_page_sidebar_layout":"default_layout","_jetpack_memberships_contains_paid_content":false,"footnotes":"","jetpack_publicize_message":"","jetpack_publicize_feature_enabled":true,"jetpack_social_post_already_shared":false,"jetpack_social_options":{"image_generator_settings":{"template":"highway","default_image_id":0,"font":"","enabled":false},"version":2}},"categories":[157],"tags":[],"class_list":["post-7058","post","type-post","status-publish","format-standard","hentry","category-archiv"],"jetpack_publicize_connections":[],"jetpack_featured_media_url":"","jetpack_sharing_enabled":true,"_links":{"self":[{"href":"https:\/\/www.tuseichholzremmighausen.de\/wordpress\/wp-json\/wp\/v2\/posts\/7058","targetHints":{"allow":["GET"]}}],"collection":[{"href":"https:\/\/www.tuseichholzremmighausen.de\/wordpress\/wp-json\/wp\/v2\/posts"}],"about":[{"href":"https:\/\/www.tuseichholzremmighausen.de\/wordpress\/wp-json\/wp\/v2\/types\/post"}],"author":[{"embeddable":true,"href":"https:\/\/www.tuseichholzremmighausen.de\/wordpress\/wp-json\/wp\/v2\/users\/16"}],"replies":[{"embeddable":true,"href":"https:\/\/www.tuseichholzremmighausen.de\/wordpress\/wp-json\/wp\/v2\/comments?post=7058"}],"version-history":[{"count":0,"href":"https:\/\/www.tuseichholzremmighausen.de\/wordpress\/wp-json\/wp\/v2\/posts\/7058\/revisions"}],"wp:attachment":[{"href":"https:\/\/www.tuseichholzremmighausen.de\/wordpress\/wp-json\/wp\/v2\/media?parent=7058"}],"wp:term":[{"taxonomy":"category","embeddable":true,"href":"https:\/\/www.tuseichholzremmighausen.de\/wordpress\/wp-json\/wp\/v2\/categories?post=7058"},{"taxonomy":"post_tag","embeddable":true,"href":"https:\/\/www.tuseichholzremmighausen.de\/wordpress\/wp-json\/wp\/v2\/tags?post=7058"}],"curies":[{"name":"wp","href":"https:\/\/api.w.org\/{rel}","templated":true}]}}