{"id":7123,"date":"2014-10-10T17:40:29","date_gmt":"2014-10-10T16:40:29","guid":{"rendered":"http:\/\/www.tuseichholzremmighausen.de\/wordpress\/?p=7123"},"modified":"2020-09-11T20:31:59","modified_gmt":"2020-09-11T18:31:59","slug":"ue60-lipper-hochalpin-teil-ii","status":"publish","type":"post","link":"https:\/\/www.tuseichholzremmighausen.de\/wordpress\/archives\/7123","title":{"rendered":"\u00fc60 Lipper hochalpin Teil II"},"content":{"rendered":"<p><strong>TuS\u00a0 AH Mitglied Erwin Linnebr\u00fcgge und Fritz Trachte vom TuS Almena unterwegs in den S\u00fcdtiroler Alpen.<\/strong><\/p>\n<p><figure id=\"attachment_7124\" aria-describedby=\"caption-attachment-7124\" style=\"width: 600px\" class=\"wp-caption alignleft\"><a href=\"https:\/\/i0.wp.com\/www.tuseichholzremmighausen.de\/wordpress\/wp-content\/uploads\/2014\/10\/fb_ah_1409_wandern_01.jpg?ssl=1\"><img data-recalc-dims=\"1\" loading=\"lazy\" decoding=\"async\" data-attachment-id=\"7124\" data-permalink=\"https:\/\/www.tuseichholzremmighausen.de\/wordpress\/archives\/7123\/fb_ah_1409_wandern_01\" data-orig-file=\"https:\/\/i0.wp.com\/www.tuseichholzremmighausen.de\/wordpress\/wp-content\/uploads\/2014\/10\/fb_ah_1409_wandern_01.jpg?fit=600%2C399&amp;ssl=1\" data-orig-size=\"600,399\" data-comments-opened=\"1\" data-image-meta=\"{&quot;aperture&quot;:&quot;4.5&quot;,&quot;credit&quot;:&quot;&quot;,&quot;camera&quot;:&quot;NIKON D90&quot;,&quot;caption&quot;:&quot;&quot;,&quot;created_timestamp&quot;:&quot;1412943996&quot;,&quot;copyright&quot;:&quot;&quot;,&quot;focal_length&quot;:&quot;35&quot;,&quot;iso&quot;:&quot;320&quot;,&quot;shutter_speed&quot;:&quot;0.033333333333333&quot;,&quot;title&quot;:&quot;&quot;,&quot;orientation&quot;:&quot;1&quot;}\" data-image-title=\"fb_ah_1409_wandern_01\" data-image-description=\"\" data-image-caption=\"&lt;p&gt;Erwin und Fritz &lt;\/p&gt;\n\" data-large-file=\"https:\/\/i0.wp.com\/www.tuseichholzremmighausen.de\/wordpress\/wp-content\/uploads\/2014\/10\/fb_ah_1409_wandern_01.jpg?fit=600%2C399&amp;ssl=1\" class=\"size-full wp-image-7124\" src=\"https:\/\/i0.wp.com\/www.tuseichholzremmighausen.de\/wordpress\/wp-content\/uploads\/2014\/10\/fb_ah_1409_wandern_01.jpg?resize=600%2C399&#038;ssl=1\" alt=\"Erwin und Fritz\" width=\"600\" height=\"399\" srcset=\"https:\/\/i0.wp.com\/www.tuseichholzremmighausen.de\/wordpress\/wp-content\/uploads\/2014\/10\/fb_ah_1409_wandern_01.jpg?w=600&amp;ssl=1 600w, https:\/\/i0.wp.com\/www.tuseichholzremmighausen.de\/wordpress\/wp-content\/uploads\/2014\/10\/fb_ah_1409_wandern_01.jpg?resize=300%2C199&amp;ssl=1 300w\" sizes=\"auto, (max-width: 600px) 100vw, 600px\" \/><\/a><figcaption id=\"caption-attachment-7124\" class=\"wp-caption-text\">Erwin und Fritz<\/figcaption><\/figure><!--more--><\/p>\n<p>Wie in den vergangenen Jahren starteten (dieses Mal nur zu zweit) Erwin Linnebr\u00fcgge und Fritz Trachte zu einer 800 km langen Fahrt in die Berge, um zu wandern, wandern und wandern &#8230; !<\/p>\n<figure id=\"attachment_7125\" aria-describedby=\"caption-attachment-7125\" style=\"width: 600px\" class=\"wp-caption alignleft\"><a href=\"https:\/\/i0.wp.com\/www.tuseichholzremmighausen.de\/wordpress\/wp-content\/uploads\/2014\/10\/fb_ah_1409_wandern_03.jpg?ssl=1\"><img data-recalc-dims=\"1\" loading=\"lazy\" decoding=\"async\" data-attachment-id=\"7125\" data-permalink=\"https:\/\/www.tuseichholzremmighausen.de\/wordpress\/archives\/7123\/fb_ah_1409_wandern_03\" data-orig-file=\"https:\/\/i0.wp.com\/www.tuseichholzremmighausen.de\/wordpress\/wp-content\/uploads\/2014\/10\/fb_ah_1409_wandern_03.jpg?fit=600%2C400&amp;ssl=1\" data-orig-size=\"600,400\" data-comments-opened=\"1\" data-image-meta=\"{&quot;aperture&quot;:&quot;4.5&quot;,&quot;credit&quot;:&quot;&quot;,&quot;camera&quot;:&quot;NIKON D90&quot;,&quot;caption&quot;:&quot;&quot;,&quot;created_timestamp&quot;:&quot;1412944149&quot;,&quot;copyright&quot;:&quot;&quot;,&quot;focal_length&quot;:&quot;35&quot;,&quot;iso&quot;:&quot;280&quot;,&quot;shutter_speed&quot;:&quot;0.033333333333333&quot;,&quot;title&quot;:&quot;&quot;,&quot;orientation&quot;:&quot;1&quot;}\" data-image-title=\"fb_ah_1409_wandern_03\" data-image-description=\"\" data-image-caption=\"&lt;p&gt;Brotzeit unterwegs&lt;\/p&gt;\n\" data-large-file=\"https:\/\/i0.wp.com\/www.tuseichholzremmighausen.de\/wordpress\/wp-content\/uploads\/2014\/10\/fb_ah_1409_wandern_03.jpg?fit=600%2C400&amp;ssl=1\" class=\"size-full wp-image-7125\" src=\"https:\/\/i0.wp.com\/www.tuseichholzremmighausen.de\/wordpress\/wp-content\/uploads\/2014\/10\/fb_ah_1409_wandern_03.jpg?resize=600%2C400&#038;ssl=1\" alt=\"Brotzeit unterwegs\" width=\"600\" height=\"400\" srcset=\"https:\/\/i0.wp.com\/www.tuseichholzremmighausen.de\/wordpress\/wp-content\/uploads\/2014\/10\/fb_ah_1409_wandern_03.jpg?w=600&amp;ssl=1 600w, https:\/\/i0.wp.com\/www.tuseichholzremmighausen.de\/wordpress\/wp-content\/uploads\/2014\/10\/fb_ah_1409_wandern_03.jpg?resize=300%2C200&amp;ssl=1 300w\" sizes=\"auto, (max-width: 600px) 100vw, 600px\" \/><\/a><figcaption id=\"caption-attachment-7125\" class=\"wp-caption-text\">Brotzeit unterwegs<\/figcaption><\/figure>\n<p>Empfangen wurde man, nach reichlich Stau unterwegs , im Ort Burgeis in S\u00fcdtirol vom B\u00fcrgermeister, Pensionswirt , gleichzeitig auch Bergf\u00fchrer, Chef der Skischule, usw! Nun\u00a0 aber zm Wandern: Auch heuer war der Weg wieder das Ziel bei den m\u00e4chtigen Hochtouren.<\/p>\n<figure id=\"attachment_7126\" aria-describedby=\"caption-attachment-7126\" style=\"width: 600px\" class=\"wp-caption alignleft\"><a href=\"https:\/\/i0.wp.com\/www.tuseichholzremmighausen.de\/wordpress\/wp-content\/uploads\/2014\/10\/fb_ah_1409_wandern_04.jpg?ssl=1\"><img data-recalc-dims=\"1\" loading=\"lazy\" decoding=\"async\" data-attachment-id=\"7126\" data-permalink=\"https:\/\/www.tuseichholzremmighausen.de\/wordpress\/archives\/7123\/fb_ah_1409_wandern_04\" data-orig-file=\"https:\/\/i0.wp.com\/www.tuseichholzremmighausen.de\/wordpress\/wp-content\/uploads\/2014\/10\/fb_ah_1409_wandern_04.jpg?fit=600%2C399&amp;ssl=1\" data-orig-size=\"600,399\" data-comments-opened=\"1\" data-image-meta=\"{&quot;aperture&quot;:&quot;4.5&quot;,&quot;credit&quot;:&quot;&quot;,&quot;camera&quot;:&quot;NIKON D90&quot;,&quot;caption&quot;:&quot;&quot;,&quot;created_timestamp&quot;:&quot;1412944199&quot;,&quot;copyright&quot;:&quot;&quot;,&quot;focal_length&quot;:&quot;35&quot;,&quot;iso&quot;:&quot;450&quot;,&quot;shutter_speed&quot;:&quot;0.033333333333333&quot;,&quot;title&quot;:&quot;&quot;,&quot;orientation&quot;:&quot;1&quot;}\" data-image-title=\"fb_ah_1409_wandern_04\" data-image-description=\"\" data-image-caption=\"&lt;p&gt;Gipfelkreuz&lt;\/p&gt;\n\" data-large-file=\"https:\/\/i0.wp.com\/www.tuseichholzremmighausen.de\/wordpress\/wp-content\/uploads\/2014\/10\/fb_ah_1409_wandern_04.jpg?fit=600%2C399&amp;ssl=1\" class=\"size-full wp-image-7126\" src=\"https:\/\/i0.wp.com\/www.tuseichholzremmighausen.de\/wordpress\/wp-content\/uploads\/2014\/10\/fb_ah_1409_wandern_04.jpg?resize=600%2C399&#038;ssl=1\" alt=\"Gipfelkreuz\" width=\"600\" height=\"399\" srcset=\"https:\/\/i0.wp.com\/www.tuseichholzremmighausen.de\/wordpress\/wp-content\/uploads\/2014\/10\/fb_ah_1409_wandern_04.jpg?w=600&amp;ssl=1 600w, https:\/\/i0.wp.com\/www.tuseichholzremmighausen.de\/wordpress\/wp-content\/uploads\/2014\/10\/fb_ah_1409_wandern_04.jpg?resize=300%2C199&amp;ssl=1 300w\" sizes=\"auto, (max-width: 600px) 100vw, 600px\" \/><\/a><figcaption id=\"caption-attachment-7126\" class=\"wp-caption-text\">Gipfelkreuz<\/figcaption><\/figure>\n<p>Nach dem man am 1. Tag auf ca. 2500 m H\u00f6he einen Schneesturm mit Orkanb\u00f6en \u00fcberstanden hatte, besserte sich schon am n\u00e4chsten Tag das Wetter und es blieb \u00fcberwiegend sonnig. Bei Bedarf wurden wir vom Hauswirt in die Berge gefahren. Immer mit Blick zu &#8222;Ortler-Gruppe&#8220; (4700 m) wanderte man fast immer oberhalb der Baumgrenze (ca. 1800-2000 m).<\/p>\n<figure id=\"attachment_7127\" aria-describedby=\"caption-attachment-7127\" style=\"width: 600px\" class=\"wp-caption alignleft\"><a href=\"https:\/\/i0.wp.com\/www.tuseichholzremmighausen.de\/wordpress\/wp-content\/uploads\/2014\/10\/fb_ah_1409_wandern_05.jpg?ssl=1\"><img data-recalc-dims=\"1\" loading=\"lazy\" decoding=\"async\" data-attachment-id=\"7127\" data-permalink=\"https:\/\/www.tuseichholzremmighausen.de\/wordpress\/archives\/7123\/fb_ah_1409_wandern_05\" data-orig-file=\"https:\/\/i0.wp.com\/www.tuseichholzremmighausen.de\/wordpress\/wp-content\/uploads\/2014\/10\/fb_ah_1409_wandern_05.jpg?fit=600%2C399&amp;ssl=1\" data-orig-size=\"600,399\" data-comments-opened=\"1\" data-image-meta=\"{&quot;aperture&quot;:&quot;4.5&quot;,&quot;credit&quot;:&quot;&quot;,&quot;camera&quot;:&quot;NIKON D90&quot;,&quot;caption&quot;:&quot;&quot;,&quot;created_timestamp&quot;:&quot;1412944335&quot;,&quot;copyright&quot;:&quot;&quot;,&quot;focal_length&quot;:&quot;35&quot;,&quot;iso&quot;:&quot;500&quot;,&quot;shutter_speed&quot;:&quot;0.033333333333333&quot;,&quot;title&quot;:&quot;&quot;,&quot;orientation&quot;:&quot;1&quot;}\" data-image-title=\"fb_ah_1409_wandern_05\" data-image-description=\"\" data-image-caption=\"&lt;p&gt;Blick auf die Ortler-Gruppe&lt;\/p&gt;\n\" data-large-file=\"https:\/\/i0.wp.com\/www.tuseichholzremmighausen.de\/wordpress\/wp-content\/uploads\/2014\/10\/fb_ah_1409_wandern_05.jpg?fit=600%2C399&amp;ssl=1\" class=\"size-full wp-image-7127\" src=\"https:\/\/i0.wp.com\/www.tuseichholzremmighausen.de\/wordpress\/wp-content\/uploads\/2014\/10\/fb_ah_1409_wandern_05.jpg?resize=600%2C399&#038;ssl=1\" alt=\"Blick auf die Ortler-Gruppe\" width=\"600\" height=\"399\" srcset=\"https:\/\/i0.wp.com\/www.tuseichholzremmighausen.de\/wordpress\/wp-content\/uploads\/2014\/10\/fb_ah_1409_wandern_05.jpg?w=600&amp;ssl=1 600w, https:\/\/i0.wp.com\/www.tuseichholzremmighausen.de\/wordpress\/wp-content\/uploads\/2014\/10\/fb_ah_1409_wandern_05.jpg?resize=300%2C199&amp;ssl=1 300w\" sizes=\"auto, (max-width: 600px) 100vw, 600px\" \/><\/a><figcaption id=\"caption-attachment-7127\" class=\"wp-caption-text\">Blick auf die Ortler-Gruppe<\/figcaption><\/figure>\n<p>Zwei Gipfelkreuze z.B. waren der &#8222;Waltes&#8220; und die &#8222;Spitzige Lun&#8220;. Nachdem man in Trafoi Gustav Th\u00f6nis Hotel inspiziert hatte und auch Thomas Morrig (Alpin-Ski-As) auf seinem Bauernhof begr\u00fc\u00dfte, sah man auch in Sulden die Luxus-Herberge, wo einige Tage sp\u00e4ter Reinhold Messner seinen 70. Geburtstag feierte.<\/p>\n<figure id=\"attachment_7128\" aria-describedby=\"caption-attachment-7128\" style=\"width: 600px\" class=\"wp-caption alignleft\"><a href=\"https:\/\/i0.wp.com\/www.tuseichholzremmighausen.de\/wordpress\/wp-content\/uploads\/2014\/10\/fb_ah_1409_wandern_02.jpg?ssl=1\"><img data-recalc-dims=\"1\" loading=\"lazy\" decoding=\"async\" data-attachment-id=\"7128\" data-permalink=\"https:\/\/www.tuseichholzremmighausen.de\/wordpress\/archives\/7123\/fb_ah_1409_wandern_02\" data-orig-file=\"https:\/\/i0.wp.com\/www.tuseichholzremmighausen.de\/wordpress\/wp-content\/uploads\/2014\/10\/fb_ah_1409_wandern_02.jpg?fit=600%2C400&amp;ssl=1\" data-orig-size=\"600,400\" data-comments-opened=\"1\" data-image-meta=\"{&quot;aperture&quot;:&quot;4.5&quot;,&quot;credit&quot;:&quot;&quot;,&quot;camera&quot;:&quot;NIKON D90&quot;,&quot;caption&quot;:&quot;&quot;,&quot;created_timestamp&quot;:&quot;1412944033&quot;,&quot;copyright&quot;:&quot;&quot;,&quot;focal_length&quot;:&quot;35&quot;,&quot;iso&quot;:&quot;400&quot;,&quot;shutter_speed&quot;:&quot;0.033333333333333&quot;,&quot;title&quot;:&quot;&quot;,&quot;orientation&quot;:&quot;1&quot;}\" data-image-title=\"fb_ah_1409_wandern_02\" data-image-description=\"\" data-image-caption=\"&lt;p&gt;Brotzeit &amp;#8211; gem\u00fctlich&lt;\/p&gt;\n\" data-large-file=\"https:\/\/i0.wp.com\/www.tuseichholzremmighausen.de\/wordpress\/wp-content\/uploads\/2014\/10\/fb_ah_1409_wandern_02.jpg?fit=600%2C400&amp;ssl=1\" class=\"size-full wp-image-7128\" src=\"https:\/\/i0.wp.com\/www.tuseichholzremmighausen.de\/wordpress\/wp-content\/uploads\/2014\/10\/fb_ah_1409_wandern_02.jpg?resize=600%2C400&#038;ssl=1\" alt=\"Brotzeit - gem\u00fctlich\" width=\"600\" height=\"400\" srcset=\"https:\/\/i0.wp.com\/www.tuseichholzremmighausen.de\/wordpress\/wp-content\/uploads\/2014\/10\/fb_ah_1409_wandern_02.jpg?w=600&amp;ssl=1 600w, https:\/\/i0.wp.com\/www.tuseichholzremmighausen.de\/wordpress\/wp-content\/uploads\/2014\/10\/fb_ah_1409_wandern_02.jpg?resize=300%2C200&amp;ssl=1 300w\" sizes=\"auto, (max-width: 600px) 100vw, 600px\" \/><\/a><figcaption id=\"caption-attachment-7128\" class=\"wp-caption-text\">Brotzeit &#8211; gem\u00fctlich<\/figcaption><\/figure>\n<p>Nach dieser tollen Wander-Woche kehrte man wohlbehalten und gesund wieder heim ins Lippische! Ein Wander-Bericht von Erwin Linnebr\u00fcgge<\/p>\n<p>F\u00fcr alle die, die sich nochmal den Bericht der Tour aus dem Jahr 2012 anschauen m\u00f6chten &#8230; bitte <a href=\"https:\/\/www.tuseichholzremmighausen.de\/wordpress\/archives\/4325\">hier klicken!<\/a><\/p>\n","protected":false},"excerpt":{"rendered":"<p>TuS\u00a0 AH Mitglied Erwin Linnebr\u00fcgge und Fritz Trachte vom TuS Almena unterwegs in den S\u00fcdtiroler Alpen.<\/p>\n","protected":false},"author":2,"featured_media":0,"comment_status":"closed","ping_status":"open","sticky":false,"template":"","format":"standard","meta":{"colormag_page_container_layout":"default_layout","colormag_page_sidebar_layout":"default_layout","_jetpack_memberships_contains_paid_content":false,"footnotes":"","jetpack_publicize_message":"","jetpack_publicize_feature_enabled":true,"jetpack_social_post_already_shared":false,"jetpack_social_options":{"image_generator_settings":{"template":"highway","default_image_id":0,"font":"","enabled":false},"version":2}},"categories":[157],"tags":[],"class_list":["post-7123","post","type-post","status-publish","format-standard","hentry","category-archiv"],"jetpack_publicize_connections":[],"jetpack_featured_media_url":"","jetpack_sharing_enabled":true,"_links":{"self":[{"href":"https:\/\/www.tuseichholzremmighausen.de\/wordpress\/wp-json\/wp\/v2\/posts\/7123","targetHints":{"allow":["GET"]}}],"collection":[{"href":"https:\/\/www.tuseichholzremmighausen.de\/wordpress\/wp-json\/wp\/v2\/posts"}],"about":[{"href":"https:\/\/www.tuseichholzremmighausen.de\/wordpress\/wp-json\/wp\/v2\/types\/post"}],"author":[{"embeddable":true,"href":"https:\/\/www.tuseichholzremmighausen.de\/wordpress\/wp-json\/wp\/v2\/users\/2"}],"replies":[{"embeddable":true,"href":"https:\/\/www.tuseichholzremmighausen.de\/wordpress\/wp-json\/wp\/v2\/comments?post=7123"}],"version-history":[{"count":0,"href":"https:\/\/www.tuseichholzremmighausen.de\/wordpress\/wp-json\/wp\/v2\/posts\/7123\/revisions"}],"wp:attachment":[{"href":"https:\/\/www.tuseichholzremmighausen.de\/wordpress\/wp-json\/wp\/v2\/media?parent=7123"}],"wp:term":[{"taxonomy":"category","embeddable":true,"href":"https:\/\/www.tuseichholzremmighausen.de\/wordpress\/wp-json\/wp\/v2\/categories?post=7123"},{"taxonomy":"post_tag","embeddable":true,"href":"https:\/\/www.tuseichholzremmighausen.de\/wordpress\/wp-json\/wp\/v2\/tags?post=7123"}],"curies":[{"name":"wp","href":"https:\/\/api.w.org\/{rel}","templated":true}]}}