{"id":7197,"date":"2014-11-05T13:52:42","date_gmt":"2014-11-05T12:52:42","guid":{"rendered":"http:\/\/www.tuseichholzremmighausen.de\/wordpress\/?p=7197"},"modified":"2020-09-11T20:31:58","modified_gmt":"2020-09-11T18:31:58","slug":"werner-tiemann","status":"publish","type":"post","link":"https:\/\/www.tuseichholzremmighausen.de\/wordpress\/archives\/7197","title":{"rendered":"Werner Tiemann"},"content":{"rendered":"<p>Werner wird uns fehlen. Erst in den kommenden Tagen und Wochen werden wir erfahren was es bedeutet Ihn nicht mehr unter uns zu wissen. Das vertraute Gespr\u00e4ch am Platz, seine Zuverl\u00e4ssigkeit und Ehrlichkeit, sein Arbeiten im Hintergrund und vieles mehr. Jeder von uns hat Ihn sicher anders wahrgenommen.<\/p>\n<p>Ich habe Werner als Stra\u00dfenfu\u00dfballer in der Weygandstra\u00dfe kennen gelernt. Zusammen mit Manni (Albeke), Ebbi (Franz), Bernhard (Rettberg) und mir spielten wir dort immer 1 gegen 1 auf ein Tor, das wir mit Steinen markierten. Dort p\u00f6lten wir solange bis uns alle der TuS einkassierte. Dem Verein, mit dem sich Werner bis zuletzt eng verbunden f\u00fchlte.<\/p>\n<p>Einige Stationen in Werners Vereinsleben: Vereinseintritt 01.09.1961 &#8211; Aktiver Fu\u00dfballspieler bei den Knaben bis zur Jugendmannschaft und einige Jahre in den Senioren \u2013 Mannschaftsbetreuer &#8211; Gesch\u00e4ftsf\u00fchrer der Fu\u00dfballabteilung, zust\u00e4ndig f\u00fcr Mannschafts- und Schiedsrichtereinladungen &#8211; zwischenzeitlich auch stellvertretender Abteilungsleiter und stellvertretender Fu\u00dfballobmann.<\/p>\n<h5><span style=\"color: #808080;\">Darf ich Euch auffordern Eure Gedanken in Form eines Kommentars hier dazu zu schreiben? Die Kommentare werden gegebenenfalls moderiert. Damit wird sichergestellt, dass hier nur angemessene Inhalte publiziert werden.<\/span><\/h5>\n","protected":false},"excerpt":{"rendered":"<p>Werner wird uns fehlen. Erst in den kommenden Tagen und Wochen werden wir erfahren was es bedeutet Ihn nicht mehr<\/p>\n","protected":false},"author":2,"featured_media":0,"comment_status":"closed","ping_status":"open","sticky":false,"template":"","format":"standard","meta":{"colormag_page_container_layout":"default_layout","colormag_page_sidebar_layout":"default_layout","_jetpack_memberships_contains_paid_content":false,"footnotes":"","jetpack_publicize_message":"","jetpack_publicize_feature_enabled":true,"jetpack_social_post_already_shared":false,"jetpack_social_options":{"image_generator_settings":{"template":"highway","default_image_id":0,"font":"","enabled":false},"version":2}},"categories":[157],"tags":[],"class_list":["post-7197","post","type-post","status-publish","format-standard","hentry","category-archiv"],"jetpack_publicize_connections":[],"jetpack_featured_media_url":"","jetpack_sharing_enabled":true,"_links":{"self":[{"href":"https:\/\/www.tuseichholzremmighausen.de\/wordpress\/wp-json\/wp\/v2\/posts\/7197","targetHints":{"allow":["GET"]}}],"collection":[{"href":"https:\/\/www.tuseichholzremmighausen.de\/wordpress\/wp-json\/wp\/v2\/posts"}],"about":[{"href":"https:\/\/www.tuseichholzremmighausen.de\/wordpress\/wp-json\/wp\/v2\/types\/post"}],"author":[{"embeddable":true,"href":"https:\/\/www.tuseichholzremmighausen.de\/wordpress\/wp-json\/wp\/v2\/users\/2"}],"replies":[{"embeddable":true,"href":"https:\/\/www.tuseichholzremmighausen.de\/wordpress\/wp-json\/wp\/v2\/comments?post=7197"}],"version-history":[{"count":0,"href":"https:\/\/www.tuseichholzremmighausen.de\/wordpress\/wp-json\/wp\/v2\/posts\/7197\/revisions"}],"wp:attachment":[{"href":"https:\/\/www.tuseichholzremmighausen.de\/wordpress\/wp-json\/wp\/v2\/media?parent=7197"}],"wp:term":[{"taxonomy":"category","embeddable":true,"href":"https:\/\/www.tuseichholzremmighausen.de\/wordpress\/wp-json\/wp\/v2\/categories?post=7197"},{"taxonomy":"post_tag","embeddable":true,"href":"https:\/\/www.tuseichholzremmighausen.de\/wordpress\/wp-json\/wp\/v2\/tags?post=7197"}],"curies":[{"name":"wp","href":"https:\/\/api.w.org\/{rel}","templated":true}]}}