{"id":7199,"date":"2014-11-08T19:33:25","date_gmt":"2014-11-08T18:33:25","guid":{"rendered":"http:\/\/www.tuseichholzremmighausen.de\/wordpress\/?p=7199"},"modified":"2023-06-07T07:31:13","modified_gmt":"2023-06-07T05:31:13","slug":"einlauf-der-f-jugend-beim-sv-verl","status":"publish","type":"post","link":"https:\/\/www.tuseichholzremmighausen.de\/wordpress\/archives\/7199","title":{"rendered":"Einlauf der F-Jugend beim SV Verl"},"content":{"rendered":"<p>Am Sonntag den 02.11.14 durften unsere F-Jugend zusammen mit den Profis des SV Verl einlaufen. Bei sch\u00f6nstem Sonnenschein und gef\u00fchlten 20 Grad C trafen sich alle Kinder, Eltern, Geschwister, Omas und Opas zu einem Ausflug der besonderen Art.<br \/>\nViele der Kinder hatten vor Aufregung kaum geschlafen. Bestens gelaunt fuhren alle los. Da bekanntlich viele Wege nach Verl f\u00fchren, verlor sich die Kolonne schon in der Fried. Doch alle fanden zum Ziel. Dort angekommen, gab es eine herzliche Begr\u00fc\u00dfung, Freikarten f\u00fcr alle und Verzehrmarken f\u00fcr die Kinder.<br \/>\nUm 14 Uhr stellten sich alle auf. Jedes Kind suchte sich seinen Lieblingsspieler aus. Und los ging es. Das mit Spannung erwartete Highlight war leider schon nach 5 Minuten beendet. Aber alle Kinder kamen Stolz vom Platz zu ihren mitgereisten Fans gelaufen. Sie bekamen einen riesigen Applaus.<br \/>\nAn Umziehen war gar nicht zu denken. Die Kinder wollten sofort der SV Verl anfeuern. Dieser gewann dann auch 1:0 gegen FC Lotte.Es war ein spannendes Spiel.<br \/>\nNachdem die Kids sich dann noch Autogramme geholt haben, traten alle gut gelaunt nach einem gelungenen Tag die R\u00fcckreise an.<\/p>\n<p>&nbsp;<\/p>\n<div class=\"jetpack-video-wrapper\"><span class=\"embed-youtube\" style=\"text-align:center; display: block;\"><iframe loading=\"lazy\" class=\"youtube-player\" width=\"800\" height=\"450\" src=\"https:\/\/www.youtube.com\/embed\/kMu5AU8aSps?version=3&#038;rel=1&#038;showsearch=0&#038;showinfo=1&#038;iv_load_policy=1&#038;fs=1&#038;hl=de-DE&#038;autohide=2&#038;wmode=transparent\" allowfullscreen=\"true\" style=\"border:0;\" sandbox=\"allow-scripts allow-same-origin allow-popups allow-presentation allow-popups-to-escape-sandbox\"><\/iframe><\/span><\/div>\n","protected":false},"excerpt":{"rendered":"<p>Am Sonntag den 02.11.14 durften unsere F-Jugend zusammen mit den Profis des SV Verl einlaufen. Bei sch\u00f6nstem Sonnenschein und gef\u00fchlten<\/p>\n","protected":false},"author":46,"featured_media":0,"comment_status":"closed","ping_status":"open","sticky":false,"template":"","format":"standard","meta":{"colormag_page_container_layout":"default_layout","colormag_page_sidebar_layout":"default_layout","_jetpack_memberships_contains_paid_content":false,"footnotes":"","jetpack_publicize_message":"","jetpack_publicize_feature_enabled":true,"jetpack_social_post_already_shared":false,"jetpack_social_options":{"image_generator_settings":{"template":"highway","default_image_id":0,"font":"","enabled":false},"version":2}},"categories":[157,202,158],"tags":[],"class_list":["post-7199","post","type-post","status-publish","format-standard","hentry","category-archiv","category-f-junioren","category-fb-jugend-aktuell"],"jetpack_publicize_connections":[],"jetpack_featured_media_url":"","jetpack_sharing_enabled":true,"_links":{"self":[{"href":"https:\/\/www.tuseichholzremmighausen.de\/wordpress\/wp-json\/wp\/v2\/posts\/7199","targetHints":{"allow":["GET"]}}],"collection":[{"href":"https:\/\/www.tuseichholzremmighausen.de\/wordpress\/wp-json\/wp\/v2\/posts"}],"about":[{"href":"https:\/\/www.tuseichholzremmighausen.de\/wordpress\/wp-json\/wp\/v2\/types\/post"}],"author":[{"embeddable":true,"href":"https:\/\/www.tuseichholzremmighausen.de\/wordpress\/wp-json\/wp\/v2\/users\/46"}],"replies":[{"embeddable":true,"href":"https:\/\/www.tuseichholzremmighausen.de\/wordpress\/wp-json\/wp\/v2\/comments?post=7199"}],"version-history":[{"count":0,"href":"https:\/\/www.tuseichholzremmighausen.de\/wordpress\/wp-json\/wp\/v2\/posts\/7199\/revisions"}],"wp:attachment":[{"href":"https:\/\/www.tuseichholzremmighausen.de\/wordpress\/wp-json\/wp\/v2\/media?parent=7199"}],"wp:term":[{"taxonomy":"category","embeddable":true,"href":"https:\/\/www.tuseichholzremmighausen.de\/wordpress\/wp-json\/wp\/v2\/categories?post=7199"},{"taxonomy":"post_tag","embeddable":true,"href":"https:\/\/www.tuseichholzremmighausen.de\/wordpress\/wp-json\/wp\/v2\/tags?post=7199"}],"curies":[{"name":"wp","href":"https:\/\/api.w.org\/{rel}","templated":true}]}}