{"id":7292,"date":"2014-12-22T09:14:03","date_gmt":"2014-12-22T08:14:03","guid":{"rendered":"http:\/\/www.tuseichholzremmighausen.de\/wordpress\/?p=7292"},"modified":"2020-09-11T20:31:58","modified_gmt":"2020-09-11T18:31:58","slug":"back-to-the-roots-felix-und-marco-wieder-da","status":"publish","type":"post","link":"https:\/\/www.tuseichholzremmighausen.de\/wordpress\/archives\/7292","title":{"rendered":"Back to the roots &#8211; Felix und Marco wieder da!"},"content":{"rendered":"<figure id=\"attachment_7290\" aria-describedby=\"caption-attachment-7290\" style=\"width: 600px\" class=\"wp-caption aligncenter\"><a href=\"https:\/\/i0.wp.com\/www.tuseichholzremmighausen.de\/wordpress\/wp-content\/uploads\/2014\/12\/fb_erste_141221_01.jpg?ssl=1\"><img data-recalc-dims=\"1\" loading=\"lazy\" decoding=\"async\" data-attachment-id=\"7290\" data-permalink=\"https:\/\/www.tuseichholzremmighausen.de\/wordpress\/archives\/7292\/fb_erste_141221_01\" data-orig-file=\"https:\/\/i0.wp.com\/www.tuseichholzremmighausen.de\/wordpress\/wp-content\/uploads\/2014\/12\/fb_erste_141221_01.jpg?fit=600%2C400&amp;ssl=1\" data-orig-size=\"600,400\" data-comments-opened=\"1\" data-image-meta=\"{&quot;aperture&quot;:&quot;2.2&quot;,&quot;credit&quot;:&quot;RoGe&quot;,&quot;camera&quot;:&quot;Canon EOS 70D&quot;,&quot;caption&quot;:&quot;&quot;,&quot;created_timestamp&quot;:&quot;1419156356&quot;,&quot;copyright&quot;:&quot;RoGe2014&quot;,&quot;focal_length&quot;:&quot;28&quot;,&quot;iso&quot;:&quot;640&quot;,&quot;shutter_speed&quot;:&quot;0.00625&quot;,&quot;title&quot;:&quot;&quot;,&quot;orientation&quot;:&quot;1&quot;}\" data-image-title=\"fb_erste_141221_01\" data-image-description=\"\" data-image-caption=\"&lt;p&gt;Martin und Christian begr\u00fc\u00dfen die Heimkehrer Felix und Marco&lt;\/p&gt;\n\" data-large-file=\"https:\/\/i0.wp.com\/www.tuseichholzremmighausen.de\/wordpress\/wp-content\/uploads\/2014\/12\/fb_erste_141221_01.jpg?fit=600%2C400&amp;ssl=1\" class=\"size-full wp-image-7290\" src=\"https:\/\/i0.wp.com\/www.tuseichholzremmighausen.de\/wordpress\/wp-content\/uploads\/2014\/12\/fb_erste_141221_01.jpg?resize=600%2C400&#038;ssl=1\" alt=\"Martin und Christian begr\u00fc\u00dfen die Heimkehrer Felix und Marco\" width=\"600\" height=\"400\" srcset=\"https:\/\/i0.wp.com\/www.tuseichholzremmighausen.de\/wordpress\/wp-content\/uploads\/2014\/12\/fb_erste_141221_01.jpg?w=600&amp;ssl=1 600w, https:\/\/i0.wp.com\/www.tuseichholzremmighausen.de\/wordpress\/wp-content\/uploads\/2014\/12\/fb_erste_141221_01.jpg?resize=300%2C200&amp;ssl=1 300w\" sizes=\"auto, (max-width: 600px) 100vw, 600px\" \/><\/a><figcaption id=\"caption-attachment-7290\" class=\"wp-caption-text\">Martin und Christian begr\u00fc\u00dfen die Heimkehrer Felix und Marco<\/figcaption><\/figure>\n<p><strong>Martin Ertner und Co-Trainer Christian Vater verk\u00fcnden die frohe Botschaft: Felix Tcheon und Marco Barkowski kehren zum TuS zur\u00fcck.\u00a0<\/strong><!--more--><\/p>\n<p>Nach dem Vereinswechsel im Sommer konnten ihre Erwartungen beim Nachbarn aus Horn nie ganz erf\u00fcllt werden. Damit beenden die beiden ihr kurzes Intermezzo beim A-Ligisten TuS Horn nach nur wenigen Monaten.<\/p>\n<p>Bekannter Weise verlief die bisherige Saison f\u00fcr die Ertner-Elf auch nicht ganz glatt. Mit vielen H\u00f6hen und Tiefen musste sich der TuS auseinandersetzen. Mit der R\u00fcckkehr von Felix und Marco, sowie erfolgversprechenden Gespr\u00e4chen mit weiteren Verst\u00e4rkungen, kann der TuS sicher ein positives Fazit der ersten Ma\u00dfnahmen ziehen.<\/p>\n<figure id=\"attachment_7291\" aria-describedby=\"caption-attachment-7291\" style=\"width: 600px\" class=\"wp-caption aligncenter\"><a href=\"https:\/\/i0.wp.com\/www.tuseichholzremmighausen.de\/wordpress\/wp-content\/uploads\/2014\/12\/fb_erste_141221_02.jpg?ssl=1\"><img data-recalc-dims=\"1\" loading=\"lazy\" decoding=\"async\" data-attachment-id=\"7291\" data-permalink=\"https:\/\/www.tuseichholzremmighausen.de\/wordpress\/archives\/7292\/fb_erste_141221_02\" data-orig-file=\"https:\/\/i0.wp.com\/www.tuseichholzremmighausen.de\/wordpress\/wp-content\/uploads\/2014\/12\/fb_erste_141221_02.jpg?fit=600%2C400&amp;ssl=1\" data-orig-size=\"600,400\" data-comments-opened=\"1\" data-image-meta=\"{&quot;aperture&quot;:&quot;2&quot;,&quot;credit&quot;:&quot;RoGe&quot;,&quot;camera&quot;:&quot;Canon EOS 70D&quot;,&quot;caption&quot;:&quot;&quot;,&quot;created_timestamp&quot;:&quot;1419157776&quot;,&quot;copyright&quot;:&quot;RoGe2014&quot;,&quot;focal_length&quot;:&quot;85&quot;,&quot;iso&quot;:&quot;1250&quot;,&quot;shutter_speed&quot;:&quot;0.001&quot;,&quot;title&quot;:&quot;&quot;,&quot;orientation&quot;:&quot;1&quot;}\" data-image-title=\"fb_erste_141221_02\" data-image-description=\"\" data-image-caption=\"&lt;p&gt;Last-Minute-Treffer der Heidener besiegelt Eichholzer AUS &lt;\/p&gt;\n\" data-large-file=\"https:\/\/i0.wp.com\/www.tuseichholzremmighausen.de\/wordpress\/wp-content\/uploads\/2014\/12\/fb_erste_141221_02.jpg?fit=600%2C400&amp;ssl=1\" class=\"size-full wp-image-7291\" src=\"https:\/\/i0.wp.com\/www.tuseichholzremmighausen.de\/wordpress\/wp-content\/uploads\/2014\/12\/fb_erste_141221_02.jpg?resize=600%2C400&#038;ssl=1\" alt=\"Last-Minute-Treffer der Heidener besiegelt Eichholzer AUS\" width=\"600\" height=\"400\" srcset=\"https:\/\/i0.wp.com\/www.tuseichholzremmighausen.de\/wordpress\/wp-content\/uploads\/2014\/12\/fb_erste_141221_02.jpg?w=600&amp;ssl=1 600w, https:\/\/i0.wp.com\/www.tuseichholzremmighausen.de\/wordpress\/wp-content\/uploads\/2014\/12\/fb_erste_141221_02.jpg?resize=300%2C200&amp;ssl=1 300w\" sizes=\"auto, (max-width: 600px) 100vw, 600px\" \/><\/a><figcaption id=\"caption-attachment-7291\" class=\"wp-caption-text\">Last-Minute-Treffer der Heidener besiegelt Eichholzer AUS<\/figcaption><\/figure>\n<p>Beim anschlie\u00dfenden LZ-Cup belegte der TuS nach zwei Siegen und zwei Niederlagen leider nur den ungl\u00fccklichen dritten Platz in der Gruppe und konnte sich trotz guter Leistung nicht f\u00fcr die n\u00e4chste Runde qualifizieren.<\/p>\n","protected":false},"excerpt":{"rendered":"<p>Martin Ertner und Co-Trainer Christian Vater verk\u00fcnden die frohe Botschaft: Felix Tcheon und Marco Barkowski kehren zum TuS zur\u00fcck.\u00a0<\/p>\n","protected":false},"author":16,"featured_media":0,"comment_status":"closed","ping_status":"open","sticky":false,"template":"","format":"standard","meta":{"colormag_page_container_layout":"default_layout","colormag_page_sidebar_layout":"default_layout","_jetpack_memberships_contains_paid_content":false,"footnotes":"","jetpack_publicize_message":"","jetpack_publicize_feature_enabled":true,"jetpack_social_post_already_shared":false,"jetpack_social_options":{"image_generator_settings":{"template":"highway","default_image_id":0,"font":"","enabled":false},"version":2}},"categories":[157],"tags":[],"class_list":["post-7292","post","type-post","status-publish","format-standard","hentry","category-archiv"],"jetpack_publicize_connections":[],"jetpack_featured_media_url":"","jetpack_sharing_enabled":true,"_links":{"self":[{"href":"https:\/\/www.tuseichholzremmighausen.de\/wordpress\/wp-json\/wp\/v2\/posts\/7292","targetHints":{"allow":["GET"]}}],"collection":[{"href":"https:\/\/www.tuseichholzremmighausen.de\/wordpress\/wp-json\/wp\/v2\/posts"}],"about":[{"href":"https:\/\/www.tuseichholzremmighausen.de\/wordpress\/wp-json\/wp\/v2\/types\/post"}],"author":[{"embeddable":true,"href":"https:\/\/www.tuseichholzremmighausen.de\/wordpress\/wp-json\/wp\/v2\/users\/16"}],"replies":[{"embeddable":true,"href":"https:\/\/www.tuseichholzremmighausen.de\/wordpress\/wp-json\/wp\/v2\/comments?post=7292"}],"version-history":[{"count":0,"href":"https:\/\/www.tuseichholzremmighausen.de\/wordpress\/wp-json\/wp\/v2\/posts\/7292\/revisions"}],"wp:attachment":[{"href":"https:\/\/www.tuseichholzremmighausen.de\/wordpress\/wp-json\/wp\/v2\/media?parent=7292"}],"wp:term":[{"taxonomy":"category","embeddable":true,"href":"https:\/\/www.tuseichholzremmighausen.de\/wordpress\/wp-json\/wp\/v2\/categories?post=7292"},{"taxonomy":"post_tag","embeddable":true,"href":"https:\/\/www.tuseichholzremmighausen.de\/wordpress\/wp-json\/wp\/v2\/tags?post=7292"}],"curies":[{"name":"wp","href":"https:\/\/api.w.org\/{rel}","templated":true}]}}