{"id":7355,"date":"2015-01-10T14:22:25","date_gmt":"2015-01-10T13:22:25","guid":{"rendered":"http:\/\/www.tuseichholzremmighausen.de\/wordpress\/?p=7355"},"modified":"2020-09-11T20:32:46","modified_gmt":"2020-09-11T18:32:46","slug":"d-jugend-auch-in-der-zweiten-runde-erfolgreich","status":"publish","type":"post","link":"https:\/\/www.tuseichholzremmighausen.de\/wordpress\/archives\/7355","title":{"rendered":"D-Jugend auch in der zweiten Runde erfolgreich"},"content":{"rendered":"<figure id=\"attachment_7356\" aria-describedby=\"caption-attachment-7356\" style=\"width: 600px\" class=\"wp-caption aligncenter\"><a href=\"https:\/\/i0.wp.com\/www.tuseichholzremmighausen.de\/wordpress\/wp-content\/uploads\/2015\/01\/fb_d-junioren_150110_01.jpg?ssl=1\"><img data-recalc-dims=\"1\" loading=\"lazy\" decoding=\"async\" data-attachment-id=\"7356\" data-permalink=\"https:\/\/www.tuseichholzremmighausen.de\/wordpress\/archives\/7355\/fb_d-junioren_150110_01\" data-orig-file=\"https:\/\/i0.wp.com\/www.tuseichholzremmighausen.de\/wordpress\/wp-content\/uploads\/2015\/01\/fb_d-junioren_150110_01.jpg?fit=600%2C400&amp;ssl=1\" data-orig-size=\"600,400\" data-comments-opened=\"1\" data-image-meta=\"{&quot;aperture&quot;:&quot;2&quot;,&quot;credit&quot;:&quot;RoGe&quot;,&quot;camera&quot;:&quot;Canon EOS 70D&quot;,&quot;caption&quot;:&quot;&quot;,&quot;created_timestamp&quot;:&quot;1420892326&quot;,&quot;copyright&quot;:&quot;RoGe2015&quot;,&quot;focal_length&quot;:&quot;85&quot;,&quot;iso&quot;:&quot;1250&quot;,&quot;shutter_speed&quot;:&quot;0.001&quot;,&quot;title&quot;:&quot;&quot;,&quot;orientation&quot;:&quot;1&quot;}\" data-image-title=\"fb_d-junioren_150110_01\" data-image-description=\"\" data-image-caption=\"&lt;p&gt;Bredemeier-Team nach Siegen gegen JSG Pivitsheide und JSG Kl\u00fct-W. Gruppenzweiter&lt;\/p&gt;\n\" data-large-file=\"https:\/\/i0.wp.com\/www.tuseichholzremmighausen.de\/wordpress\/wp-content\/uploads\/2015\/01\/fb_d-junioren_150110_01.jpg?fit=600%2C400&amp;ssl=1\" class=\"size-full wp-image-7356\" src=\"https:\/\/i0.wp.com\/www.tuseichholzremmighausen.de\/wordpress\/wp-content\/uploads\/2015\/01\/fb_d-junioren_150110_01.jpg?resize=600%2C400&#038;ssl=1\" alt=\"Bredemeier-Team nach Siegen gegen JSG Pivitsheide und JSG Kl\u00fct-W. Gruppenzweiter in Horn\" width=\"600\" height=\"400\" srcset=\"https:\/\/i0.wp.com\/www.tuseichholzremmighausen.de\/wordpress\/wp-content\/uploads\/2015\/01\/fb_d-junioren_150110_01.jpg?w=600&amp;ssl=1 600w, https:\/\/i0.wp.com\/www.tuseichholzremmighausen.de\/wordpress\/wp-content\/uploads\/2015\/01\/fb_d-junioren_150110_01.jpg?resize=300%2C200&amp;ssl=1 300w\" sizes=\"auto, (max-width: 600px) 100vw, 600px\" \/><\/a><figcaption id=\"caption-attachment-7356\" class=\"wp-caption-text\">Bredemeier-Team nach Siegen gegen JSG Pivitsheide und JSG Kl\u00fct-W. Gruppenzweiter in Horn<\/figcaption><\/figure>\n<p>Trotz einer\u00a0knappen Niederlage gegen Ausrichter TuS Horn-Bad Meinberg kann sich die Truppe von Jesse und Dirk locker f\u00fcr die n\u00e4chste Runde der diesj\u00e4hrigen Hallenmeisterschaften qualifizieren.<\/p>\n","protected":false},"excerpt":{"rendered":"<p>Trotz einer\u00a0knappen Niederlage gegen Ausrichter TuS Horn-Bad Meinberg kann sich die Truppe von Jesse und Dirk locker f\u00fcr die n\u00e4chste<\/p>\n","protected":false},"author":16,"featured_media":0,"comment_status":"closed","ping_status":"open","sticky":false,"template":"","format":"standard","meta":{"colormag_page_container_layout":"default_layout","colormag_page_sidebar_layout":"default_layout","_jetpack_memberships_contains_paid_content":false,"footnotes":"","jetpack_publicize_message":"","jetpack_publicize_feature_enabled":true,"jetpack_social_post_already_shared":false,"jetpack_social_options":{"image_generator_settings":{"template":"highway","default_image_id":0,"font":"","enabled":false},"version":2}},"categories":[157],"tags":[],"class_list":["post-7355","post","type-post","status-publish","format-standard","hentry","category-archiv"],"jetpack_publicize_connections":[],"jetpack_featured_media_url":"","jetpack_sharing_enabled":true,"_links":{"self":[{"href":"https:\/\/www.tuseichholzremmighausen.de\/wordpress\/wp-json\/wp\/v2\/posts\/7355","targetHints":{"allow":["GET"]}}],"collection":[{"href":"https:\/\/www.tuseichholzremmighausen.de\/wordpress\/wp-json\/wp\/v2\/posts"}],"about":[{"href":"https:\/\/www.tuseichholzremmighausen.de\/wordpress\/wp-json\/wp\/v2\/types\/post"}],"author":[{"embeddable":true,"href":"https:\/\/www.tuseichholzremmighausen.de\/wordpress\/wp-json\/wp\/v2\/users\/16"}],"replies":[{"embeddable":true,"href":"https:\/\/www.tuseichholzremmighausen.de\/wordpress\/wp-json\/wp\/v2\/comments?post=7355"}],"version-history":[{"count":0,"href":"https:\/\/www.tuseichholzremmighausen.de\/wordpress\/wp-json\/wp\/v2\/posts\/7355\/revisions"}],"wp:attachment":[{"href":"https:\/\/www.tuseichholzremmighausen.de\/wordpress\/wp-json\/wp\/v2\/media?parent=7355"}],"wp:term":[{"taxonomy":"category","embeddable":true,"href":"https:\/\/www.tuseichholzremmighausen.de\/wordpress\/wp-json\/wp\/v2\/categories?post=7355"},{"taxonomy":"post_tag","embeddable":true,"href":"https:\/\/www.tuseichholzremmighausen.de\/wordpress\/wp-json\/wp\/v2\/tags?post=7355"}],"curies":[{"name":"wp","href":"https:\/\/api.w.org\/{rel}","templated":true}]}}