{"id":7362,"date":"2015-01-18T12:03:18","date_gmt":"2015-01-18T11:03:18","guid":{"rendered":"http:\/\/www.tuseichholzremmighausen.de\/wordpress\/?p=7362"},"modified":"2020-09-11T20:32:46","modified_gmt":"2020-09-11T18:32:46","slug":"e-maedchen-und-e3-jungs-beim-start-der-hallenmeisterschaften","status":"publish","type":"post","link":"https:\/\/www.tuseichholzremmighausen.de\/wordpress\/archives\/7362","title":{"rendered":"E-M\u00e4dchen und E3-Jungs beim Start der Hallenmeisterschaften"},"content":{"rendered":"<p>In der ersten Runde der diesj\u00e4hrigen E-Junioren Hallenkreismeisterschaften mussten sowohl das M\u00e4dchen-Team als E2, als auch die E3 den gegnerischen Mannschaften die vorderen Platzierungen \u00fcberlassen.<\/p>\n<figure id=\"attachment_7361\" aria-describedby=\"caption-attachment-7361\" style=\"width: 600px\" class=\"wp-caption aligncenter\"><a href=\"https:\/\/i0.wp.com\/www.tuseichholzremmighausen.de\/wordpress\/wp-content\/uploads\/2015\/01\/fb_e-m%C3%A4dchen_150117_02.jpg?ssl=1\"><img data-recalc-dims=\"1\" loading=\"lazy\" decoding=\"async\" data-attachment-id=\"7361\" data-permalink=\"https:\/\/www.tuseichholzremmighausen.de\/wordpress\/archives\/7362\/fb_e-maedchen_150117_02\" data-orig-file=\"https:\/\/i0.wp.com\/www.tuseichholzremmighausen.de\/wordpress\/wp-content\/uploads\/2015\/01\/fb_e-m%C3%A4dchen_150117_02.jpg?fit=600%2C400&amp;ssl=1\" data-orig-size=\"600,400\" data-comments-opened=\"1\" data-image-meta=\"{&quot;aperture&quot;:&quot;2&quot;,&quot;credit&quot;:&quot;RoGe&quot;,&quot;camera&quot;:&quot;Canon EOS 70D&quot;,&quot;caption&quot;:&quot;&quot;,&quot;created_timestamp&quot;:&quot;1421491989&quot;,&quot;copyright&quot;:&quot;RoGe2015&quot;,&quot;focal_length&quot;:&quot;85&quot;,&quot;iso&quot;:&quot;2000&quot;,&quot;shutter_speed&quot;:&quot;0.001&quot;,&quot;title&quot;:&quot;&quot;,&quot;orientation&quot;:&quot;1&quot;}\" data-image-title=\"fb_e-m\u00e4dchen_150117_02\" data-image-description=\"\" data-image-caption=\"&lt;p&gt;Einsatz und Zweikampfverhalten der M\u00e4dchen vorbildlich &amp;#8211; Tore schossen jedoch die Jungs&lt;\/p&gt;\n\" data-large-file=\"https:\/\/i0.wp.com\/www.tuseichholzremmighausen.de\/wordpress\/wp-content\/uploads\/2015\/01\/fb_e-m%C3%A4dchen_150117_02.jpg?fit=600%2C400&amp;ssl=1\" class=\"size-full wp-image-7361\" src=\"https:\/\/i0.wp.com\/www.tuseichholzremmighausen.de\/wordpress\/wp-content\/uploads\/2015\/01\/fb_e-m%C3%A4dchen_150117_02.jpg?resize=600%2C400&#038;ssl=1\" alt=\"Einsatz und Zweikampfverhalten der M\u00e4dchen vorbildlich - Tore schossen jedoch die Jungs\" width=\"600\" height=\"400\" srcset=\"https:\/\/i0.wp.com\/www.tuseichholzremmighausen.de\/wordpress\/wp-content\/uploads\/2015\/01\/fb_e-m%C3%A4dchen_150117_02.jpg?w=600&amp;ssl=1 600w, https:\/\/i0.wp.com\/www.tuseichholzremmighausen.de\/wordpress\/wp-content\/uploads\/2015\/01\/fb_e-m%C3%A4dchen_150117_02.jpg?resize=300%2C200&amp;ssl=1 300w\" sizes=\"auto, (max-width: 600px) 100vw, 600px\" \/><\/a><figcaption id=\"caption-attachment-7361\" class=\"wp-caption-text\">Einsatz und Zweikampfverhalten der M\u00e4dchen vorbildlich &#8211; Tore schossen jedoch die Jungs<\/figcaption><\/figure>\n<p>Leider konnten die M\u00e4dchen drei klare Niederlagen gegen Blomberg 2, Jerxen 3 und Elbrinxen 2 trotz guter Gegenwehr nicht vermeiden und belegten am Ende Rang vier in der Gruppe D.<\/p>\n<figure id=\"attachment_7360\" aria-describedby=\"caption-attachment-7360\" style=\"width: 600px\" class=\"wp-caption aligncenter\"><a href=\"https:\/\/i0.wp.com\/www.tuseichholzremmighausen.de\/wordpress\/wp-content\/uploads\/2015\/01\/fb_e3-junioren_150117_03.jpg?ssl=1\"><img data-recalc-dims=\"1\" loading=\"lazy\" decoding=\"async\" data-attachment-id=\"7360\" data-permalink=\"https:\/\/www.tuseichholzremmighausen.de\/wordpress\/archives\/7362\/fb_e3-junioren_150117_03\" data-orig-file=\"https:\/\/i0.wp.com\/www.tuseichholzremmighausen.de\/wordpress\/wp-content\/uploads\/2015\/01\/fb_e3-junioren_150117_03.jpg?fit=600%2C400&amp;ssl=1\" data-orig-size=\"600,400\" data-comments-opened=\"1\" data-image-meta=\"{&quot;aperture&quot;:&quot;2&quot;,&quot;credit&quot;:&quot;RoGe&quot;,&quot;camera&quot;:&quot;Canon EOS 70D&quot;,&quot;caption&quot;:&quot;&quot;,&quot;created_timestamp&quot;:&quot;1421490628&quot;,&quot;copyright&quot;:&quot;RoGe2015&quot;,&quot;focal_length&quot;:&quot;85&quot;,&quot;iso&quot;:&quot;2000&quot;,&quot;shutter_speed&quot;:&quot;0.001&quot;,&quot;title&quot;:&quot;&quot;,&quot;orientation&quot;:&quot;1&quot;}\" data-image-title=\"fb_e3-junioren_150117_03\" data-image-description=\"\" data-image-caption=\"&lt;p&gt;Brandgef\u00e4hrlich f\u00fcr die Eichholzer E3 &amp;#8211; Ecken der JSG H\u00fcgelland II &lt;\/p&gt;\n\" data-large-file=\"https:\/\/i0.wp.com\/www.tuseichholzremmighausen.de\/wordpress\/wp-content\/uploads\/2015\/01\/fb_e3-junioren_150117_03.jpg?fit=600%2C400&amp;ssl=1\" class=\"size-full wp-image-7360\" src=\"https:\/\/i0.wp.com\/www.tuseichholzremmighausen.de\/wordpress\/wp-content\/uploads\/2015\/01\/fb_e3-junioren_150117_03.jpg?resize=600%2C400&#038;ssl=1\" alt=\"Brandgef\u00e4hrlich f\u00fcr die Eichholzer E3 - Ecken der JSG H\u00fcgelland II\" width=\"600\" height=\"400\" srcset=\"https:\/\/i0.wp.com\/www.tuseichholzremmighausen.de\/wordpress\/wp-content\/uploads\/2015\/01\/fb_e3-junioren_150117_03.jpg?w=600&amp;ssl=1 600w, https:\/\/i0.wp.com\/www.tuseichholzremmighausen.de\/wordpress\/wp-content\/uploads\/2015\/01\/fb_e3-junioren_150117_03.jpg?resize=300%2C200&amp;ssl=1 300w\" sizes=\"auto, (max-width: 600px) 100vw, 600px\" \/><\/a><figcaption id=\"caption-attachment-7360\" class=\"wp-caption-text\">Brandgef\u00e4hrlich f\u00fcr die Eichholzer E3 &#8211; Ecken der JSG H\u00fcgelland II<\/figcaption><\/figure>\n<p>In der Gruppe C konnte die Eichholzer E3 nach einem ungl\u00fccklichen 3:4 im Auftaktspiel gegen Horn 2 beim 2:2-Remis gegen die Zweite von Jerxen-Orbke zumindest einen Achtungserfolg verbuchen. Trotzdem blieb auch den Jungs nur der vierte Tabellenplatz.<\/p>\n","protected":false},"excerpt":{"rendered":"<p>In der ersten Runde der diesj\u00e4hrigen E-Junioren Hallenkreismeisterschaften mussten sowohl das M\u00e4dchen-Team als E2, als auch die E3 den gegnerischen<\/p>\n","protected":false},"author":16,"featured_media":0,"comment_status":"closed","ping_status":"open","sticky":false,"template":"","format":"standard","meta":{"colormag_page_container_layout":"default_layout","colormag_page_sidebar_layout":"default_layout","_jetpack_memberships_contains_paid_content":false,"footnotes":"","jetpack_publicize_message":"","jetpack_publicize_feature_enabled":true,"jetpack_social_post_already_shared":false,"jetpack_social_options":{"image_generator_settings":{"template":"highway","default_image_id":0,"font":"","enabled":false},"version":2}},"categories":[157],"tags":[],"class_list":["post-7362","post","type-post","status-publish","format-standard","hentry","category-archiv"],"jetpack_publicize_connections":[],"jetpack_featured_media_url":"","jetpack_sharing_enabled":true,"_links":{"self":[{"href":"https:\/\/www.tuseichholzremmighausen.de\/wordpress\/wp-json\/wp\/v2\/posts\/7362","targetHints":{"allow":["GET"]}}],"collection":[{"href":"https:\/\/www.tuseichholzremmighausen.de\/wordpress\/wp-json\/wp\/v2\/posts"}],"about":[{"href":"https:\/\/www.tuseichholzremmighausen.de\/wordpress\/wp-json\/wp\/v2\/types\/post"}],"author":[{"embeddable":true,"href":"https:\/\/www.tuseichholzremmighausen.de\/wordpress\/wp-json\/wp\/v2\/users\/16"}],"replies":[{"embeddable":true,"href":"https:\/\/www.tuseichholzremmighausen.de\/wordpress\/wp-json\/wp\/v2\/comments?post=7362"}],"version-history":[{"count":0,"href":"https:\/\/www.tuseichholzremmighausen.de\/wordpress\/wp-json\/wp\/v2\/posts\/7362\/revisions"}],"wp:attachment":[{"href":"https:\/\/www.tuseichholzremmighausen.de\/wordpress\/wp-json\/wp\/v2\/media?parent=7362"}],"wp:term":[{"taxonomy":"category","embeddable":true,"href":"https:\/\/www.tuseichholzremmighausen.de\/wordpress\/wp-json\/wp\/v2\/categories?post=7362"},{"taxonomy":"post_tag","embeddable":true,"href":"https:\/\/www.tuseichholzremmighausen.de\/wordpress\/wp-json\/wp\/v2\/tags?post=7362"}],"curies":[{"name":"wp","href":"https:\/\/api.w.org\/{rel}","templated":true}]}}