{"id":7385,"date":"2015-01-26T21:13:09","date_gmt":"2015-01-26T20:13:09","guid":{"rendered":"http:\/\/www.tuseichholzremmighausen.de\/wordpress\/?p=7385"},"modified":"2020-09-11T20:32:46","modified_gmt":"2020-09-11T18:32:46","slug":"vfl-schildesche-siegt-im-7-meter-krimi-gegen-sv-werl-aspe","status":"publish","type":"post","link":"https:\/\/www.tuseichholzremmighausen.de\/wordpress\/archives\/7385","title":{"rendered":"VFL Schildesche siegt im 7-Meter-Krimi gegen SV Werl-Aspe"},"content":{"rendered":"<figure id=\"attachment_7383\" aria-describedby=\"caption-attachment-7383\" style=\"width: 600px\" class=\"wp-caption aligncenter\"><a href=\"https:\/\/i0.wp.com\/www.tuseichholzremmighausen.de\/wordpress\/wp-content\/uploads\/2015\/01\/fb_f-junioren_150125_05.jpg?ssl=1\"><img data-recalc-dims=\"1\" loading=\"lazy\" decoding=\"async\" data-attachment-id=\"7383\" data-permalink=\"https:\/\/www.tuseichholzremmighausen.de\/wordpress\/archives\/7385\/fb_f-junioren_150125_05\" data-orig-file=\"https:\/\/i0.wp.com\/www.tuseichholzremmighausen.de\/wordpress\/wp-content\/uploads\/2015\/01\/fb_f-junioren_150125_05.jpg?fit=600%2C400&amp;ssl=1\" data-orig-size=\"600,400\" data-comments-opened=\"1\" data-image-meta=\"{&quot;aperture&quot;:&quot;2.8&quot;,&quot;credit&quot;:&quot;RoGe&quot;,&quot;camera&quot;:&quot;Canon EOS 70D&quot;,&quot;caption&quot;:&quot;&quot;,&quot;created_timestamp&quot;:&quot;1422201090&quot;,&quot;copyright&quot;:&quot;RoGe2015&quot;,&quot;focal_length&quot;:&quot;28&quot;,&quot;iso&quot;:&quot;1250&quot;,&quot;shutter_speed&quot;:&quot;0.003125&quot;,&quot;title&quot;:&quot;&quot;,&quot;orientation&quot;:&quot;1&quot;}\" data-image-title=\"fb_f-junioren_150125_05\" data-image-description=\"\" data-image-caption=\"&lt;p&gt;Siegesfeier beim VfL Schildesche&lt;\/p&gt;\n\" data-large-file=\"https:\/\/i0.wp.com\/www.tuseichholzremmighausen.de\/wordpress\/wp-content\/uploads\/2015\/01\/fb_f-junioren_150125_05.jpg?fit=600%2C400&amp;ssl=1\" class=\"size-full wp-image-7383\" src=\"https:\/\/i0.wp.com\/www.tuseichholzremmighausen.de\/wordpress\/wp-content\/uploads\/2015\/01\/fb_f-junioren_150125_05.jpg?resize=600%2C400&#038;ssl=1\" alt=\"Siegesfeier beim VfL Schildesche\" width=\"600\" height=\"400\" srcset=\"https:\/\/i0.wp.com\/www.tuseichholzremmighausen.de\/wordpress\/wp-content\/uploads\/2015\/01\/fb_f-junioren_150125_05.jpg?w=600&amp;ssl=1 600w, https:\/\/i0.wp.com\/www.tuseichholzremmighausen.de\/wordpress\/wp-content\/uploads\/2015\/01\/fb_f-junioren_150125_05.jpg?resize=300%2C200&amp;ssl=1 300w\" sizes=\"auto, (max-width: 600px) 100vw, 600px\" \/><\/a><figcaption id=\"caption-attachment-7383\" class=\"wp-caption-text\">Siegesfeier beim VfL Schildesche<\/figcaption><\/figure>\n<p><strong>Ja, es wird noch Hallenfu\u00dfball gespielt! Sicher eine der wichtigsten Informationen nachdem wegen des Torunfall-Urteils die Hallenkreismeisterschaften der Junioren abgesetzt worden sind<\/strong>. Zum Einladungsturnier der F-Junioren fanden sich am letzten Sonntag insgesamt neun Teams in der Grabbeturnhalle ein. Eine lange Anreise f\u00fcr das Eichholzer Turnier nahmen zwei Mannschaften aus <strong>Wuppertal<\/strong> und ein Team aus <strong>Asseln (Dortmund)<\/strong> auf sich.<!--more--> Die Mannschaft von Jan Lukas gecoachte F-Jugend des TuS kam recht gut ins Turnier und landete zwei Auftaktsiege gegen TuRa Asseln (1:0) und Gr\u00fcn-Wei\u00df Wuppertal I (5:0).<\/p>\n<figure id=\"attachment_7380\" aria-describedby=\"caption-attachment-7380\" style=\"width: 600px\" class=\"wp-caption aligncenter\"><a href=\"https:\/\/i0.wp.com\/www.tuseichholzremmighausen.de\/wordpress\/wp-content\/uploads\/2015\/01\/fb_f-junioren_150125_02.jpg?ssl=1\"><img data-recalc-dims=\"1\" loading=\"lazy\" decoding=\"async\" data-attachment-id=\"7380\" data-permalink=\"https:\/\/www.tuseichholzremmighausen.de\/wordpress\/archives\/7385\/fb_f-junioren_150125_02\" data-orig-file=\"https:\/\/i0.wp.com\/www.tuseichholzremmighausen.de\/wordpress\/wp-content\/uploads\/2015\/01\/fb_f-junioren_150125_02.jpg?fit=600%2C400&amp;ssl=1\" data-orig-size=\"600,400\" data-comments-opened=\"1\" data-image-meta=\"{&quot;aperture&quot;:&quot;2.2&quot;,&quot;credit&quot;:&quot;RoGe&quot;,&quot;camera&quot;:&quot;Canon EOS 70D&quot;,&quot;caption&quot;:&quot;&quot;,&quot;created_timestamp&quot;:&quot;1422187992&quot;,&quot;copyright&quot;:&quot;RoGe2015&quot;,&quot;focal_length&quot;:&quot;85&quot;,&quot;iso&quot;:&quot;1000&quot;,&quot;shutter_speed&quot;:&quot;0.001&quot;,&quot;title&quot;:&quot;&quot;,&quot;orientation&quot;:&quot;1&quot;}\" data-image-title=\"fb_f-junioren_150125_02\" data-image-description=\"\" data-image-caption=\"&lt;p&gt;Faire Zweik\u00e4mpfe in den Partien &amp;#8211; F-Junioren kommen ohne Gr\u00e4tschen aus&lt;\/p&gt;\n\" data-large-file=\"https:\/\/i0.wp.com\/www.tuseichholzremmighausen.de\/wordpress\/wp-content\/uploads\/2015\/01\/fb_f-junioren_150125_02.jpg?fit=600%2C400&amp;ssl=1\" class=\"size-full wp-image-7380\" src=\"https:\/\/i0.wp.com\/www.tuseichholzremmighausen.de\/wordpress\/wp-content\/uploads\/2015\/01\/fb_f-junioren_150125_02.jpg?resize=600%2C400&#038;ssl=1\" alt=\"Faire Zweik\u00e4mpfe in den Partien - F-Junioren kommen ohne Gr\u00e4tschen aus\" width=\"600\" height=\"400\" srcset=\"https:\/\/i0.wp.com\/www.tuseichholzremmighausen.de\/wordpress\/wp-content\/uploads\/2015\/01\/fb_f-junioren_150125_02.jpg?w=600&amp;ssl=1 600w, https:\/\/i0.wp.com\/www.tuseichholzremmighausen.de\/wordpress\/wp-content\/uploads\/2015\/01\/fb_f-junioren_150125_02.jpg?resize=300%2C200&amp;ssl=1 300w\" sizes=\"auto, (max-width: 600px) 100vw, 600px\" \/><\/a><figcaption id=\"caption-attachment-7380\" class=\"wp-caption-text\">Faire Zweik\u00e4mpfe in den Partien &#8211; F-Junioren kommen ohne Gr\u00e4tschen aus<\/figcaption><\/figure>\n<p>Danach gab es gegen die beiden Endspielgegner VfL Schildesche (1:3) und SV Werl-Aspe (0:3) Niederlagen, nach denen der TuS sich mit Rang 3 der Vorrundengruppe A zufrieden geben musste. In der Gruppe B sicherte sich Gr\u00fcn-Wei\u00df Wuppertal II Rang 1 aufgrund der besseren Tordifferenz gegen\u00fcber der punktgleichen JSG Lemgo-Lieme-H\u00f6rstmar. Der TuS Ahmsen belegte\u00a0den dritten Platz in dieser Gruppe, und war somit Gegner der Eichholzer in der Platzierungsrunde. Auf Rang vier folgte\u00a0der FC Augustdorf, der auch das Spiel um die Pl\u00e4tze 7 und 8 an den TuRa Asseln abgeben musste. Eindrucksvoll unterst\u00fctzt wurden die Dortmunder Kicker aus ihrem Fanblock: mit auffallendem, aber echt passendem Outfit gekleidet feierte die Anh\u00e4ngerschaft des TuRa Asseln einen deutlichen 5:0-Erfolg im Spiel gegen den FC Augustdorf.<\/p>\n<figure id=\"attachment_7384\" aria-describedby=\"caption-attachment-7384\" style=\"width: 600px\" class=\"wp-caption aligncenter\"><a href=\"https:\/\/i0.wp.com\/www.tuseichholzremmighausen.de\/wordpress\/wp-content\/uploads\/2015\/01\/fb_f-junioren_150125_08.jpg?ssl=1\"><img data-recalc-dims=\"1\" loading=\"lazy\" decoding=\"async\" data-attachment-id=\"7384\" data-permalink=\"https:\/\/www.tuseichholzremmighausen.de\/wordpress\/archives\/7385\/fb_f-junioren_150125_08\" data-orig-file=\"https:\/\/i0.wp.com\/www.tuseichholzremmighausen.de\/wordpress\/wp-content\/uploads\/2015\/01\/fb_f-junioren_150125_08.jpg?fit=600%2C400&amp;ssl=1\" data-orig-size=\"600,400\" data-comments-opened=\"1\" data-image-meta=\"{&quot;aperture&quot;:&quot;2.8&quot;,&quot;credit&quot;:&quot;RoGe&quot;,&quot;camera&quot;:&quot;Canon EOS 70D&quot;,&quot;caption&quot;:&quot;&quot;,&quot;created_timestamp&quot;:&quot;1422191222&quot;,&quot;copyright&quot;:&quot;RoGe2015&quot;,&quot;focal_length&quot;:&quot;33&quot;,&quot;iso&quot;:&quot;1250&quot;,&quot;shutter_speed&quot;:&quot;0.01&quot;,&quot;title&quot;:&quot;&quot;,&quot;orientation&quot;:&quot;1&quot;}\" data-image-title=\"fb_f-junioren_150125_08\" data-image-description=\"\" data-image-caption=\"&lt;p&gt;M\u00fctter unterst\u00fctzen ihre Kinder!  Tolles Motto im Fanblock des TuRa Asseln &lt;\/p&gt;\n\" data-large-file=\"https:\/\/i0.wp.com\/www.tuseichholzremmighausen.de\/wordpress\/wp-content\/uploads\/2015\/01\/fb_f-junioren_150125_08.jpg?fit=600%2C400&amp;ssl=1\" class=\"size-full wp-image-7384\" src=\"https:\/\/i0.wp.com\/www.tuseichholzremmighausen.de\/wordpress\/wp-content\/uploads\/2015\/01\/fb_f-junioren_150125_08.jpg?resize=600%2C400&#038;ssl=1\" alt=\"M\u00fctter unterst\u00fctzen ihre Kinder! Tolles Motto im Fanblock des TuRa Asseln\" width=\"600\" height=\"400\" srcset=\"https:\/\/i0.wp.com\/www.tuseichholzremmighausen.de\/wordpress\/wp-content\/uploads\/2015\/01\/fb_f-junioren_150125_08.jpg?w=600&amp;ssl=1 600w, https:\/\/i0.wp.com\/www.tuseichholzremmighausen.de\/wordpress\/wp-content\/uploads\/2015\/01\/fb_f-junioren_150125_08.jpg?resize=300%2C200&amp;ssl=1 300w\" sizes=\"auto, (max-width: 600px) 100vw, 600px\" \/><\/a><figcaption id=\"caption-attachment-7384\" class=\"wp-caption-text\">M\u00fctter unterst\u00fctzen ihre Kinder! Tolles Motto im Fanblock des TuRa Asseln<\/figcaption><\/figure>\n<p>Im ersten Halbfinalspiel setzte sich der SV Werl-Aspe mit einem knappen 1:0 gegen die JSG Lemgo durch.<\/p>\n<figure id=\"attachment_7382\" aria-describedby=\"caption-attachment-7382\" style=\"width: 600px\" class=\"wp-caption aligncenter\"><a href=\"https:\/\/i0.wp.com\/www.tuseichholzremmighausen.de\/wordpress\/wp-content\/uploads\/2015\/01\/fb_f-junioren_150125_04.jpg?ssl=1\"><img data-recalc-dims=\"1\" loading=\"lazy\" decoding=\"async\" data-attachment-id=\"7382\" data-permalink=\"https:\/\/www.tuseichholzremmighausen.de\/wordpress\/archives\/7385\/fb_f-junioren_150125_04\" data-orig-file=\"https:\/\/i0.wp.com\/www.tuseichholzremmighausen.de\/wordpress\/wp-content\/uploads\/2015\/01\/fb_f-junioren_150125_04.jpg?fit=600%2C400&amp;ssl=1\" data-orig-size=\"600,400\" data-comments-opened=\"1\" data-image-meta=\"{&quot;aperture&quot;:&quot;2.2&quot;,&quot;credit&quot;:&quot;RoGe&quot;,&quot;camera&quot;:&quot;Canon EOS 70D&quot;,&quot;caption&quot;:&quot;&quot;,&quot;created_timestamp&quot;:&quot;1422195837&quot;,&quot;copyright&quot;:&quot;RoGe2015&quot;,&quot;focal_length&quot;:&quot;85&quot;,&quot;iso&quot;:&quot;1000&quot;,&quot;shutter_speed&quot;:&quot;0.001&quot;,&quot;title&quot;:&quot;&quot;,&quot;orientation&quot;:&quot;1&quot;}\" data-image-title=\"fb_f-junioren_150125_04\" data-image-description=\"\" data-image-caption=\"&lt;p&gt;&amp;#8222;Untersch\u00e4tzt mir die M\u00e4dels nicht&amp;#8220; &amp;#8211; technisch beschlagen und abschlussstark Kapit\u00e4nin des SV Werl-Aspe&lt;\/p&gt;\n\" data-large-file=\"https:\/\/i0.wp.com\/www.tuseichholzremmighausen.de\/wordpress\/wp-content\/uploads\/2015\/01\/fb_f-junioren_150125_04.jpg?fit=600%2C400&amp;ssl=1\" class=\"size-full wp-image-7382\" src=\"https:\/\/i0.wp.com\/www.tuseichholzremmighausen.de\/wordpress\/wp-content\/uploads\/2015\/01\/fb_f-junioren_150125_04.jpg?resize=600%2C400&#038;ssl=1\" alt=\"&quot;&quot; - technisch beschlagen und abschlussstark Kapit\u00e4nin des SV Werl-Aspe\" width=\"600\" height=\"400\" srcset=\"https:\/\/i0.wp.com\/www.tuseichholzremmighausen.de\/wordpress\/wp-content\/uploads\/2015\/01\/fb_f-junioren_150125_04.jpg?w=600&amp;ssl=1 600w, https:\/\/i0.wp.com\/www.tuseichholzremmighausen.de\/wordpress\/wp-content\/uploads\/2015\/01\/fb_f-junioren_150125_04.jpg?resize=300%2C200&amp;ssl=1 300w\" sizes=\"auto, (max-width: 600px) 100vw, 600px\" \/><\/a><figcaption id=\"caption-attachment-7382\" class=\"wp-caption-text\">Technisch beschlagen und abschlussstark Kapit\u00e4n des SV Werl-Aspe<\/figcaption><\/figure>\n<p>Der VfL Schildesche qualifizierte sich mit einem 2:0-Sieg gegen Gr\u00fcn-Wei\u00df Wuppertal II f\u00fcr das Finale. In der gut besuchten Halle steigerte sich die Spannung von Spiel zu Spiel. <strong>Der TuS konnte das Platzierungsspiel um Rang 5 gegen den TuS Ahmsen mit 3:1 f\u00fcr sich entscheiden<\/strong>. Die beiden unterlegenen Teams der Halbfinalspiele lieferten sich einen klasse Fight um Platz 3, den die JSG Lemgo-Lieme-H\u00f6rstmar denkbar knapp mit 2:1 f\u00fcr sich entscheiden konnte. Das Highlight des Tages bekamen die begeisterten Zuschauer dann mit dem Finale serviert! In einer atemberaubenden Partie gab es nach der regul\u00e4ren Spielzeit mit dem leistungsgerechten Resultat von 1:1 keinen Sieger. <strong>Das 7-Meter-Schie\u00dfen musste \u00fcber den Turniersieg entscheiden<\/strong>.<\/p>\n<figure id=\"attachment_7381\" aria-describedby=\"caption-attachment-7381\" style=\"width: 600px\" class=\"wp-caption aligncenter\"><a href=\"https:\/\/i0.wp.com\/www.tuseichholzremmighausen.de\/wordpress\/wp-content\/uploads\/2015\/01\/fb_f-junioren_150125_03.jpg?ssl=1\"><img data-recalc-dims=\"1\" loading=\"lazy\" decoding=\"async\" data-attachment-id=\"7381\" data-permalink=\"https:\/\/www.tuseichholzremmighausen.de\/wordpress\/archives\/7385\/fb_f-junioren_150125_03\" data-orig-file=\"https:\/\/i0.wp.com\/www.tuseichholzremmighausen.de\/wordpress\/wp-content\/uploads\/2015\/01\/fb_f-junioren_150125_03.jpg?fit=600%2C400&amp;ssl=1\" data-orig-size=\"600,400\" data-comments-opened=\"1\" data-image-meta=\"{&quot;aperture&quot;:&quot;2&quot;,&quot;credit&quot;:&quot;RoGe&quot;,&quot;camera&quot;:&quot;Canon EOS 70D&quot;,&quot;caption&quot;:&quot;&quot;,&quot;created_timestamp&quot;:&quot;1422198954&quot;,&quot;copyright&quot;:&quot;RoGe2015&quot;,&quot;focal_length&quot;:&quot;85&quot;,&quot;iso&quot;:&quot;1600&quot;,&quot;shutter_speed&quot;:&quot;0.001&quot;,&quot;title&quot;:&quot;&quot;,&quot;orientation&quot;:&quot;1&quot;}\" data-image-title=\"fb_f-junioren_150125_03\" data-image-description=\"\" data-image-caption=\"&lt;p&gt;Viele M\u00f6glichkeiten sich auszuzeichnen &amp;#8211; auch f\u00fcr die Keeper&lt;\/p&gt;\n\" data-large-file=\"https:\/\/i0.wp.com\/www.tuseichholzremmighausen.de\/wordpress\/wp-content\/uploads\/2015\/01\/fb_f-junioren_150125_03.jpg?fit=600%2C400&amp;ssl=1\" class=\"size-full wp-image-7381\" src=\"https:\/\/i0.wp.com\/www.tuseichholzremmighausen.de\/wordpress\/wp-content\/uploads\/2015\/01\/fb_f-junioren_150125_03.jpg?resize=600%2C400&#038;ssl=1\" alt=\"Viele M\u00f6glichkeiten sich auszuzeichnen - auch f\u00fcr die Keeper\" width=\"600\" height=\"400\" srcset=\"https:\/\/i0.wp.com\/www.tuseichholzremmighausen.de\/wordpress\/wp-content\/uploads\/2015\/01\/fb_f-junioren_150125_03.jpg?w=600&amp;ssl=1 600w, https:\/\/i0.wp.com\/www.tuseichholzremmighausen.de\/wordpress\/wp-content\/uploads\/2015\/01\/fb_f-junioren_150125_03.jpg?resize=300%2C200&amp;ssl=1 300w\" sizes=\"auto, (max-width: 600px) 100vw, 600px\" \/><\/a><figcaption id=\"caption-attachment-7381\" class=\"wp-caption-text\">Viele M\u00f6glichkeiten sich auszuzeichnen &#8211; auch f\u00fcr die Keeper<\/figcaption><\/figure>\n<p>Blitzartige Reaktionen der Keeper, oder zum anderen das Qu\u00e4ntchen Gl\u00fcck der Sch\u00fctzen waren auch hier zun\u00e4chst pari. Nach jeweils drei 7-Metern gab es immer noch keinen Sieger. Am Ende hatte der SV Werl-Aspe beim 4:5 einen Fehlschuss mehr auf seinem Konto und musste den jubelnden Kickern aus Schildesche zum Turnier-Sieg gratulieren. Lautstark feierte der Anhang des VfL Schildesche.<\/p>\n<figure id=\"attachment_7379\" aria-describedby=\"caption-attachment-7379\" style=\"width: 600px\" class=\"wp-caption aligncenter\"><a href=\"https:\/\/i0.wp.com\/www.tuseichholzremmighausen.de\/wordpress\/wp-content\/uploads\/2015\/01\/fb_f-junioren_150125_01.jpg?ssl=1\"><img data-recalc-dims=\"1\" loading=\"lazy\" decoding=\"async\" data-attachment-id=\"7379\" data-permalink=\"https:\/\/www.tuseichholzremmighausen.de\/wordpress\/archives\/7385\/fb_f-junioren_150125_01\" data-orig-file=\"https:\/\/i0.wp.com\/www.tuseichholzremmighausen.de\/wordpress\/wp-content\/uploads\/2015\/01\/fb_f-junioren_150125_01.jpg?fit=600%2C400&amp;ssl=1\" data-orig-size=\"600,400\" data-comments-opened=\"1\" data-image-meta=\"{&quot;aperture&quot;:&quot;2.8&quot;,&quot;credit&quot;:&quot;RoGe&quot;,&quot;camera&quot;:&quot;Canon EOS 70D&quot;,&quot;caption&quot;:&quot;&quot;,&quot;created_timestamp&quot;:&quot;1422201138&quot;,&quot;copyright&quot;:&quot;RoGe2015&quot;,&quot;focal_length&quot;:&quot;28&quot;,&quot;iso&quot;:&quot;800&quot;,&quot;shutter_speed&quot;:&quot;0.005&quot;,&quot;title&quot;:&quot;&quot;,&quot;orientation&quot;:&quot;1&quot;}\" data-image-title=\"fb_f-junioren_150125_01\" data-image-description=\"\" data-image-caption=\"&lt;p&gt;Turniersieger VfL Schildesche&lt;\/p&gt;\n\" data-large-file=\"https:\/\/i0.wp.com\/www.tuseichholzremmighausen.de\/wordpress\/wp-content\/uploads\/2015\/01\/fb_f-junioren_150125_01.jpg?fit=600%2C400&amp;ssl=1\" class=\"size-full wp-image-7379\" src=\"https:\/\/i0.wp.com\/www.tuseichholzremmighausen.de\/wordpress\/wp-content\/uploads\/2015\/01\/fb_f-junioren_150125_01.jpg?resize=600%2C400&#038;ssl=1\" alt=\"Turniersieger VfL Schildesche\" width=\"600\" height=\"400\" srcset=\"https:\/\/i0.wp.com\/www.tuseichholzremmighausen.de\/wordpress\/wp-content\/uploads\/2015\/01\/fb_f-junioren_150125_01.jpg?w=600&amp;ssl=1 600w, https:\/\/i0.wp.com\/www.tuseichholzremmighausen.de\/wordpress\/wp-content\/uploads\/2015\/01\/fb_f-junioren_150125_01.jpg?resize=300%2C200&amp;ssl=1 300w\" sizes=\"auto, (max-width: 600px) 100vw, 600px\" \/><\/a><figcaption id=\"caption-attachment-7379\" class=\"wp-caption-text\">Turniersieger VfL Schildesche<\/figcaption><\/figure>\n<p><strong>Ein toller Tag mit herrlichem Hallenfu\u00dfball der F-Junioren \u2013 bleibt aber weiter zu hoffen, dass hier im FuL-Kreis Detmold wegen des besonderen Vorfalls, nicht allzu viele Hallenturniere abgesagt werden.\u00a0\u00a0\u00a0\u00a0\u00a0<\/strong><\/p>\n<p>Hier der Link zur externen Bildergalerie auf Facebook:<\/p>\n<p>https:\/\/www.facebook.com\/pages\/Fu%C3%9Fballjugend-im-TuS-Eichholz-Remmighausen\/193455534010154<\/p>\n","protected":false},"excerpt":{"rendered":"<p>Ja, es wird noch Hallenfu\u00dfball gespielt! Sicher eine der wichtigsten Informationen nachdem wegen des Torunfall-Urteils die Hallenkreismeisterschaften der Junioren abgesetzt<\/p>\n","protected":false},"author":16,"featured_media":0,"comment_status":"closed","ping_status":"closed","sticky":false,"template":"","format":"standard","meta":{"colormag_page_container_layout":"default_layout","colormag_page_sidebar_layout":"default_layout","_jetpack_memberships_contains_paid_content":false,"footnotes":"","jetpack_publicize_message":"","jetpack_publicize_feature_enabled":true,"jetpack_social_post_already_shared":false,"jetpack_social_options":{"image_generator_settings":{"template":"highway","default_image_id":0,"font":"","enabled":false},"version":2}},"categories":[157],"tags":[],"class_list":["post-7385","post","type-post","status-publish","format-standard","hentry","category-archiv"],"jetpack_publicize_connections":[],"jetpack_featured_media_url":"","jetpack_sharing_enabled":true,"_links":{"self":[{"href":"https:\/\/www.tuseichholzremmighausen.de\/wordpress\/wp-json\/wp\/v2\/posts\/7385","targetHints":{"allow":["GET"]}}],"collection":[{"href":"https:\/\/www.tuseichholzremmighausen.de\/wordpress\/wp-json\/wp\/v2\/posts"}],"about":[{"href":"https:\/\/www.tuseichholzremmighausen.de\/wordpress\/wp-json\/wp\/v2\/types\/post"}],"author":[{"embeddable":true,"href":"https:\/\/www.tuseichholzremmighausen.de\/wordpress\/wp-json\/wp\/v2\/users\/16"}],"replies":[{"embeddable":true,"href":"https:\/\/www.tuseichholzremmighausen.de\/wordpress\/wp-json\/wp\/v2\/comments?post=7385"}],"version-history":[{"count":0,"href":"https:\/\/www.tuseichholzremmighausen.de\/wordpress\/wp-json\/wp\/v2\/posts\/7385\/revisions"}],"wp:attachment":[{"href":"https:\/\/www.tuseichholzremmighausen.de\/wordpress\/wp-json\/wp\/v2\/media?parent=7385"}],"wp:term":[{"taxonomy":"category","embeddable":true,"href":"https:\/\/www.tuseichholzremmighausen.de\/wordpress\/wp-json\/wp\/v2\/categories?post=7385"},{"taxonomy":"post_tag","embeddable":true,"href":"https:\/\/www.tuseichholzremmighausen.de\/wordpress\/wp-json\/wp\/v2\/tags?post=7385"}],"curies":[{"name":"wp","href":"https:\/\/api.w.org\/{rel}","templated":true}]}}