{"id":7404,"date":"2015-02-04T09:55:41","date_gmt":"2015-02-04T08:55:41","guid":{"rendered":"http:\/\/www.tuseichholzremmighausen.de\/wordpress\/?p=7404"},"modified":"2020-09-11T20:32:45","modified_gmt":"2020-09-11T18:32:45","slug":"2-ordentliche-vorstandssitzung-am-03-februar-2015","status":"publish","type":"post","link":"https:\/\/www.tuseichholzremmighausen.de\/wordpress\/archives\/7404","title":{"rendered":"2. Ordentliche Vorstandssitzung am 03. Februar 2015"},"content":{"rendered":"<p><strong>Vorsitzende<\/strong><\/p>\n<ul>\n<li>Jahreshauptversammlung mit dem Bericht der Landeszeitung abgeschlossen<\/li>\n<li>Der Torunfall in Augustdorf l\u00f6st auch im Verein Reaktionen aus<\/li>\n<li>Treffen beim Stadtsportverband zu Fragen nach einer Versicherung<\/li>\n<\/ul>\n<p><strong>\u00a0<\/strong><!--more--><\/p>\n<p><strong>Kassenwarte<\/strong><\/p>\n<ul>\n<li>Etatanforderungen der Abteilungen sind noch nicht vollst\u00e4ndig<\/li>\n<li>Gelder , Zusch\u00fcsse f\u00fcr 2015 sind jetzt eingegangen<\/li>\n<li>Die Zahl der Vereinsmitglieder ist leicht gesunken<\/li>\n<li>Nur noch geringe Beitragsr\u00fcckst\u00e4nde<\/li>\n<\/ul>\n<p><strong>\u00a0<\/strong><strong>Schriftf\u00fchrer<\/strong><\/p>\n<ul>\n<li>Bestandserhebung an den Landessportbund erfolgt<\/li>\n<\/ul>\n<p><strong>Sozialwart<\/strong><\/p>\n<ul>\n<li>Erfolglose Bearbeitung f\u00fcr jetzt gemeldete Unf\u00e4lle, die monatelang zur\u00fcckliegen<\/li>\n<\/ul>\n<p><strong>\u00a0<\/strong><strong>Vereinsjugend<\/strong><\/p>\n<ul>\n<li>Vereine und Institutionen treffen sich am 10. Februar 2015 bei Hansen<\/li>\n<\/ul>\n<p><strong>Medienbeauftragter<\/strong><\/p>\n<ul>\n<li>Rolf Gehrke geh\u00f6rt jetzt zum erweiterten Vorstand<\/li>\n<li>Bittet um die Verteilung von Aufgaben, um neue Mitarbeiter, um Unterst\u00fctzung<\/li>\n<li>Schwerpunkt ist die Darstellung des Vereins in der \u00d6ffentlichkeit<\/li>\n<li>Ein weiterer Punkt die Werbung, Marketing, im Verein<\/li>\n<li>Auftritt des neuen Medienbeauftrage\u00a0auf der Internetseite des TuS<\/li>\n<\/ul>\n<p><strong>\u00a0<\/strong><strong>Schachabteilung<\/strong><\/p>\n<ul>\n<li>Im Bezirk spielen 2 Mannschaften um die Spitze<\/li>\n<li>Die 1. Mannschaft hat leider mit \u00a02 : 6 in Barntrup verloren<\/li>\n<li>N\u00e4chster\u00a0Kampf um die Spitze am 07. 02. 2015 in Bad Salzuflen<\/li>\n<li>Die 2. Mannschaft hat 4,5 : 1,5 in Barntrup gewonnen<\/li>\n<li>N\u00e4chster\u00a0Kampf erfolgt\u00a0gegen Lemgo<\/li>\n<li>Es l\u00e4uft noch die Vereinsmeisterschaft<\/li>\n<\/ul>\n<p><strong>\u00a0<\/strong><strong>Turn- und Leichtathletikabteilung<\/strong><\/p>\n<ul>\n<li>Der TuS hat jetzt auf Landesebene\u00a02 neue Kampfrichterinnen<\/li>\n<li>In einem Tonstudio\u00a0wurde ein eigenes Lied aufgenommen<\/li>\n<li>Vorbereitungen f\u00fcr das Landesturnfest NRW, in Siegen, laufen<\/li>\n<li>Die Abteilung sucht nach neuen Herausforderungen f\u00fcr J\u00fcngere<\/li>\n<\/ul>\n<p><strong>\u00a0<\/strong><strong>Handballabteilung<\/strong><\/p>\n<ul>\n<li>Der Spielbetrieb l\u00e4uft mit wechselhaften Erfolgen f\u00fcr alle Mannschaften<\/li>\n<li>24. Februar 2015 Versammlung der Abteilung, Grabbe-Turnhalle in Detmold<\/li>\n<li>Zu kl\u00e4ren u. a. Fragen zur Abwicklung bei\u00a0Wegeunf\u00e4llen und zur Sporthilfe<\/li>\n<\/ul>\n<p><strong>\u00a0<\/strong><strong>Fu\u00dfballabteilung<\/strong><\/p>\n<ul>\n<li>Alle P\u00e4sse der aktiven Spieler sind da, somit auch alle spielberechtigt<\/li>\n<li>Durch die Stadt DT wurde ein Zaun an der Werre genehmigt, wird errichtet<\/li>\n<li>Ball Fang rund um den Platz, gleichzeitig Blickfang mit neuer Bandenwerbung<\/li>\n<\/ul>\n<p><strong>\u00a0<\/strong><strong>Tischtennisabteilung<\/strong><\/p>\n<ul>\n<li>Ansprechpartner weiterhin G\u00fcnter Mischer 05231 &#8211; 4328<\/li>\n<\/ul>\n<p><strong>\u00a0<\/strong><strong>Verschiedenes<\/strong><\/p>\n<ul>\n<li>Terminvergabe f\u00fcr den\u00a0Bully des Vereins\u00a0nur noch durch Carsten Schaefer<\/li>\n<li>Vorstandsfeier am 21. M\u00e4rz 2015 steht fest<\/li>\n<\/ul>\n","protected":false},"excerpt":{"rendered":"<p>Vorsitzende Jahreshauptversammlung mit dem Bericht der Landeszeitung abgeschlossen Der Torunfall in Augustdorf l\u00f6st auch im Verein Reaktionen aus Treffen beim<\/p>\n","protected":false},"author":46,"featured_media":0,"comment_status":"closed","ping_status":"closed","sticky":false,"template":"","format":"standard","meta":{"colormag_page_container_layout":"default_layout","colormag_page_sidebar_layout":"default_layout","_jetpack_memberships_contains_paid_content":false,"footnotes":"","jetpack_publicize_message":"","jetpack_publicize_feature_enabled":true,"jetpack_social_post_already_shared":false,"jetpack_social_options":{"image_generator_settings":{"template":"highway","default_image_id":0,"font":"","enabled":false},"version":2}},"categories":[157],"tags":[],"class_list":["post-7404","post","type-post","status-publish","format-standard","hentry","category-archiv"],"jetpack_publicize_connections":[],"jetpack_featured_media_url":"","jetpack_sharing_enabled":true,"_links":{"self":[{"href":"https:\/\/www.tuseichholzremmighausen.de\/wordpress\/wp-json\/wp\/v2\/posts\/7404","targetHints":{"allow":["GET"]}}],"collection":[{"href":"https:\/\/www.tuseichholzremmighausen.de\/wordpress\/wp-json\/wp\/v2\/posts"}],"about":[{"href":"https:\/\/www.tuseichholzremmighausen.de\/wordpress\/wp-json\/wp\/v2\/types\/post"}],"author":[{"embeddable":true,"href":"https:\/\/www.tuseichholzremmighausen.de\/wordpress\/wp-json\/wp\/v2\/users\/46"}],"replies":[{"embeddable":true,"href":"https:\/\/www.tuseichholzremmighausen.de\/wordpress\/wp-json\/wp\/v2\/comments?post=7404"}],"version-history":[{"count":0,"href":"https:\/\/www.tuseichholzremmighausen.de\/wordpress\/wp-json\/wp\/v2\/posts\/7404\/revisions"}],"wp:attachment":[{"href":"https:\/\/www.tuseichholzremmighausen.de\/wordpress\/wp-json\/wp\/v2\/media?parent=7404"}],"wp:term":[{"taxonomy":"category","embeddable":true,"href":"https:\/\/www.tuseichholzremmighausen.de\/wordpress\/wp-json\/wp\/v2\/categories?post=7404"},{"taxonomy":"post_tag","embeddable":true,"href":"https:\/\/www.tuseichholzremmighausen.de\/wordpress\/wp-json\/wp\/v2\/tags?post=7404"}],"curies":[{"name":"wp","href":"https:\/\/api.w.org\/{rel}","templated":true}]}}