{"id":7436,"date":"2015-02-16T15:22:06","date_gmt":"2015-02-16T14:22:06","guid":{"rendered":"http:\/\/www.tuseichholzremmighausen.de\/wordpress\/?p=7436"},"modified":"2020-09-11T20:32:45","modified_gmt":"2020-09-11T18:32:45","slug":"19-tore-in-remmighausen-herrenteams-schiessen-sich-ein","status":"publish","type":"post","link":"https:\/\/www.tuseichholzremmighausen.de\/wordpress\/archives\/7436","title":{"rendered":"19 Tore in Remmighausen \u2013 Herrenteams schie\u00dfen sich ein"},"content":{"rendered":"<p>&nbsp;<\/p>\n<figure id=\"attachment_7433\" aria-describedby=\"caption-attachment-7433\" style=\"width: 600px\" class=\"wp-caption aligncenter\"><a href=\"https:\/\/i0.wp.com\/www.tuseichholzremmighausen.de\/wordpress\/wp-content\/uploads\/2015\/02\/fb_erste_150215_04.jpg?ssl=1\"><img data-recalc-dims=\"1\" loading=\"lazy\" decoding=\"async\" data-attachment-id=\"7433\" data-permalink=\"https:\/\/www.tuseichholzremmighausen.de\/wordpress\/archives\/7436\/fb_erste_150215_04\" data-orig-file=\"https:\/\/i0.wp.com\/www.tuseichholzremmighausen.de\/wordpress\/wp-content\/uploads\/2015\/02\/fb_erste_150215_04.jpg?fit=600%2C400&amp;ssl=1\" data-orig-size=\"600,400\" data-comments-opened=\"1\" data-image-meta=\"{&quot;aperture&quot;:&quot;5.6&quot;,&quot;credit&quot;:&quot;RoGe&quot;,&quot;camera&quot;:&quot;Canon EOS 70D&quot;,&quot;caption&quot;:&quot;&quot;,&quot;created_timestamp&quot;:&quot;1424016879&quot;,&quot;copyright&quot;:&quot;RoGe2015&quot;,&quot;focal_length&quot;:&quot;113&quot;,&quot;iso&quot;:&quot;500&quot;,&quot;shutter_speed&quot;:&quot;0.001&quot;,&quot;title&quot;:&quot;&quot;,&quot;orientation&quot;:&quot;1&quot;}\" data-image-title=\"fb_erste_150215_04\" data-image-description=\"\" data-image-caption=\"&lt;p&gt;Marco nach herrlichem Treffer &amp;#8211; zeigt deutliche Verbundenheit zum TuS &lt;\/p&gt;\n\" data-large-file=\"https:\/\/i0.wp.com\/www.tuseichholzremmighausen.de\/wordpress\/wp-content\/uploads\/2015\/02\/fb_erste_150215_04.jpg?fit=600%2C400&amp;ssl=1\" class=\"size-full wp-image-7433\" src=\"https:\/\/i0.wp.com\/www.tuseichholzremmighausen.de\/wordpress\/wp-content\/uploads\/2015\/02\/fb_erste_150215_04.jpg?resize=600%2C400&#038;ssl=1\" alt=\"Marco nach herrlichem Treffer - zeigt deutliche Verbundenheit zum TuS\" width=\"600\" height=\"400\" srcset=\"https:\/\/i0.wp.com\/www.tuseichholzremmighausen.de\/wordpress\/wp-content\/uploads\/2015\/02\/fb_erste_150215_04.jpg?w=600&amp;ssl=1 600w, https:\/\/i0.wp.com\/www.tuseichholzremmighausen.de\/wordpress\/wp-content\/uploads\/2015\/02\/fb_erste_150215_04.jpg?resize=300%2C200&amp;ssl=1 300w\" sizes=\"auto, (max-width: 600px) 100vw, 600px\" \/><\/a><figcaption id=\"caption-attachment-7433\" class=\"wp-caption-text\">Marco nach herrlichem Treffer &#8211; zeigt deutliche Verbundenheit zum TuS<\/figcaption><\/figure>\n<p>Torreiche Vorbereitungsspiele bekamen die Fans am Sonntag in Remmighausen zu sehen. In der herrlichem Mittagssonne hatte zun\u00e4chst die Zweite beim 8:1 gegen den BSV M\u00fcssen II wenig M\u00fche.<\/p>\n<figure id=\"attachment_7434\" aria-describedby=\"caption-attachment-7434\" style=\"width: 600px\" class=\"wp-caption aligncenter\"><a href=\"https:\/\/i0.wp.com\/www.tuseichholzremmighausen.de\/wordpress\/wp-content\/uploads\/2015\/02\/fb_zweite_150215_01.jpg?ssl=1\"><img data-recalc-dims=\"1\" loading=\"lazy\" decoding=\"async\" data-attachment-id=\"7434\" data-permalink=\"https:\/\/www.tuseichholzremmighausen.de\/wordpress\/archives\/7436\/fb_zweite_150215_01\" data-orig-file=\"https:\/\/i0.wp.com\/www.tuseichholzremmighausen.de\/wordpress\/wp-content\/uploads\/2015\/02\/fb_zweite_150215_01.jpg?fit=600%2C400&amp;ssl=1\" data-orig-size=\"600,400\" data-comments-opened=\"1\" data-image-meta=\"{&quot;aperture&quot;:&quot;5.6&quot;,&quot;credit&quot;:&quot;RoGe&quot;,&quot;camera&quot;:&quot;Canon EOS 70D&quot;,&quot;caption&quot;:&quot;&quot;,&quot;created_timestamp&quot;:&quot;1424007164&quot;,&quot;copyright&quot;:&quot;RoGe2015&quot;,&quot;focal_length&quot;:&quot;98&quot;,&quot;iso&quot;:&quot;200&quot;,&quot;shutter_speed&quot;:&quot;0.001&quot;,&quot;title&quot;:&quot;&quot;,&quot;orientation&quot;:&quot;1&quot;}\" data-image-title=\"fb_zweite_150215_01\" data-image-description=\"\" data-image-caption=\"&lt;p&gt;Ballbehauptung und Einsatz passen &amp;#8211; Co-Trainer T. Holz lobt Engagement der Gr\u00fcnen &lt;\/p&gt;\n\" data-large-file=\"https:\/\/i0.wp.com\/www.tuseichholzremmighausen.de\/wordpress\/wp-content\/uploads\/2015\/02\/fb_zweite_150215_01.jpg?fit=600%2C400&amp;ssl=1\" class=\"size-full wp-image-7434\" src=\"https:\/\/i0.wp.com\/www.tuseichholzremmighausen.de\/wordpress\/wp-content\/uploads\/2015\/02\/fb_zweite_150215_01.jpg?resize=600%2C400&#038;ssl=1\" alt=\"Ballbehauptung und Einsatz passen - Co-Trainer T. Holz lobt Engagement der Gr\u00fcnen\" width=\"600\" height=\"400\" srcset=\"https:\/\/i0.wp.com\/www.tuseichholzremmighausen.de\/wordpress\/wp-content\/uploads\/2015\/02\/fb_zweite_150215_01.jpg?w=600&amp;ssl=1 600w, https:\/\/i0.wp.com\/www.tuseichholzremmighausen.de\/wordpress\/wp-content\/uploads\/2015\/02\/fb_zweite_150215_01.jpg?resize=300%2C200&amp;ssl=1 300w\" sizes=\"auto, (max-width: 600px) 100vw, 600px\" \/><\/a><figcaption id=\"caption-attachment-7434\" class=\"wp-caption-text\">Ballbehauptung und Einsatz passen &#8211; Co-Trainer T. Holz lobt Engagement der Gr\u00fcnen<\/figcaption><\/figure>\n<p><!--more-->Der Gegner aus der Kreisliga C Gruppe II konnte nur in der Anfangsphase Paroli bieten.<\/p>\n<figure id=\"attachment_7435\" aria-describedby=\"caption-attachment-7435\" style=\"width: 600px\" class=\"wp-caption aligncenter\"><a href=\"https:\/\/i0.wp.com\/www.tuseichholzremmighausen.de\/wordpress\/wp-content\/uploads\/2015\/02\/fb_zweite_150215_02.jpg?ssl=1\"><img data-recalc-dims=\"1\" loading=\"lazy\" decoding=\"async\" data-attachment-id=\"7435\" data-permalink=\"https:\/\/www.tuseichholzremmighausen.de\/wordpress\/archives\/7436\/fb_zweite_150215_02\" data-orig-file=\"https:\/\/i0.wp.com\/www.tuseichholzremmighausen.de\/wordpress\/wp-content\/uploads\/2015\/02\/fb_zweite_150215_02.jpg?fit=600%2C400&amp;ssl=1\" data-orig-size=\"600,400\" data-comments-opened=\"1\" data-image-meta=\"{&quot;aperture&quot;:&quot;5.6&quot;,&quot;credit&quot;:&quot;RoGe&quot;,&quot;camera&quot;:&quot;Canon EOS 70D&quot;,&quot;caption&quot;:&quot;&quot;,&quot;created_timestamp&quot;:&quot;1424007275&quot;,&quot;copyright&quot;:&quot;RoGe2015&quot;,&quot;focal_length&quot;:&quot;163&quot;,&quot;iso&quot;:&quot;250&quot;,&quot;shutter_speed&quot;:&quot;0.001&quot;,&quot;title&quot;:&quot;&quot;,&quot;orientation&quot;:&quot;1&quot;}\" data-image-title=\"fb_zweite_150215_02\" data-image-description=\"\" data-image-caption=\"&lt;p&gt;Vorbereiter Lukas und Torsch\u00fctze Jens jubeln &amp;#8211; h\u00e4ngende K\u00f6pfe beim Gegner&lt;\/p&gt;\n\" data-large-file=\"https:\/\/i0.wp.com\/www.tuseichholzremmighausen.de\/wordpress\/wp-content\/uploads\/2015\/02\/fb_zweite_150215_02.jpg?fit=600%2C400&amp;ssl=1\" class=\"size-full wp-image-7435\" src=\"https:\/\/i0.wp.com\/www.tuseichholzremmighausen.de\/wordpress\/wp-content\/uploads\/2015\/02\/fb_zweite_150215_02.jpg?resize=600%2C400&#038;ssl=1\" alt=\"Vorbereiter Lukas und Torsch\u00fctze Jens jubeln - h\u00e4ngende K\u00f6pfe beim Gegner\" width=\"600\" height=\"400\" srcset=\"https:\/\/i0.wp.com\/www.tuseichholzremmighausen.de\/wordpress\/wp-content\/uploads\/2015\/02\/fb_zweite_150215_02.jpg?w=600&amp;ssl=1 600w, https:\/\/i0.wp.com\/www.tuseichholzremmighausen.de\/wordpress\/wp-content\/uploads\/2015\/02\/fb_zweite_150215_02.jpg?resize=300%2C200&amp;ssl=1 300w\" sizes=\"auto, (max-width: 600px) 100vw, 600px\" \/><\/a><figcaption id=\"caption-attachment-7435\" class=\"wp-caption-text\">Vorbereiter Lukas und Torsch\u00fctze Jens jubeln &#8211; h\u00e4ngende K\u00f6pfe beim Gegner<\/figcaption><\/figure>\n<p><strong>Fazit vom Co-Trainer Tobias Holz:<\/strong> \u201eWir hatten das Spiel zu jeder Zeit im Griff \u2013 ein auch in der H\u00f6he verdienter Sieg\u201c<\/p>\n<p><strong>Noch einen Treffer mehr gab es im drauffolgenden Spiel der Ersten gegen FC Oberes Extertal II. Jubeln durften beim 7:3-Erfolg auch die Heimkehrer Felix und Marco.<\/strong><\/p>\n<figure id=\"attachment_7432\" aria-describedby=\"caption-attachment-7432\" style=\"width: 600px\" class=\"wp-caption aligncenter\"><a href=\"https:\/\/i0.wp.com\/www.tuseichholzremmighausen.de\/wordpress\/wp-content\/uploads\/2015\/02\/fb_erste_150215_02.jpg?ssl=1\"><img data-recalc-dims=\"1\" loading=\"lazy\" decoding=\"async\" data-attachment-id=\"7432\" data-permalink=\"https:\/\/www.tuseichholzremmighausen.de\/wordpress\/archives\/7436\/fb_erste_150215_02\" data-orig-file=\"https:\/\/i0.wp.com\/www.tuseichholzremmighausen.de\/wordpress\/wp-content\/uploads\/2015\/02\/fb_erste_150215_02.jpg?fit=600%2C400&amp;ssl=1\" data-orig-size=\"600,400\" data-comments-opened=\"1\" data-image-meta=\"{&quot;aperture&quot;:&quot;5&quot;,&quot;credit&quot;:&quot;RoGe&quot;,&quot;camera&quot;:&quot;Canon EOS 70D&quot;,&quot;caption&quot;:&quot;&quot;,&quot;created_timestamp&quot;:&quot;1424014669&quot;,&quot;copyright&quot;:&quot;RoGe2015&quot;,&quot;focal_length&quot;:&quot;200&quot;,&quot;iso&quot;:&quot;320&quot;,&quot;shutter_speed&quot;:&quot;0.001&quot;,&quot;title&quot;:&quot;&quot;,&quot;orientation&quot;:&quot;1&quot;}\" data-image-title=\"fb_erste_150215_02\" data-image-description=\"\" data-image-caption=\"&lt;p&gt;Klasse Zweikampf im Mittelfeld &amp;#8211; meistens mit dem besseren Ende f\u00fcr Eichholz&lt;\/p&gt;\n\" data-large-file=\"https:\/\/i0.wp.com\/www.tuseichholzremmighausen.de\/wordpress\/wp-content\/uploads\/2015\/02\/fb_erste_150215_02.jpg?fit=600%2C400&amp;ssl=1\" class=\"size-full wp-image-7432\" src=\"https:\/\/i0.wp.com\/www.tuseichholzremmighausen.de\/wordpress\/wp-content\/uploads\/2015\/02\/fb_erste_150215_02.jpg?resize=600%2C400&#038;ssl=1\" alt=\"Klasse Zweikampf im Mittelfeld - meistens mit dem besseren Ende f\u00fcr Eichholz\" width=\"600\" height=\"400\" srcset=\"https:\/\/i0.wp.com\/www.tuseichholzremmighausen.de\/wordpress\/wp-content\/uploads\/2015\/02\/fb_erste_150215_02.jpg?w=600&amp;ssl=1 600w, https:\/\/i0.wp.com\/www.tuseichholzremmighausen.de\/wordpress\/wp-content\/uploads\/2015\/02\/fb_erste_150215_02.jpg?resize=300%2C200&amp;ssl=1 300w\" sizes=\"auto, (max-width: 600px) 100vw, 600px\" \/><\/a><figcaption id=\"caption-attachment-7432\" class=\"wp-caption-text\">Klasse Zweikampf im Mittelfeld &#8211; meistens mit dem besseren Ende f\u00fcr Eichholz<\/figcaption><\/figure>\n<p>&nbsp;<\/p>\n<p><strong>Hinweise:<\/strong><\/p>\n<p><strong>Dienstag Abend um 19:30 Uhr <\/strong><strong>Testspiel der TuS Frauen gegen den FC DonVo\u00df<\/strong><\/p>\n<p><strong>Am kommenden Samstag<\/strong> <strong>geht\u00b4s f\u00fcr die Zweite mit einem n\u00e4chsten Testspiel in Remmighausen weiter: Gegner SG Berlebeck-H. III; Ansto\u00df um 17:00 Uhr<\/strong><\/p>\n<p><strong><span style=\"text-decoration: underline;\">Und Sonntag geht die Post richtig ab!<\/span> <\/strong><\/p>\n<p><strong>12:00 Uhr Ansto\u00df zum Westfalenpokalspiel der B-Juniorinnen gegen den SC Borchen (Tabellenf\u00fchrer der Bezirksliga Staffel II)\u00a0<\/strong><\/p>\n<p><strong>Um 15:00 Uhr\u00a0 tritt die Erste gegen den SV Cappel zum n\u00e4chsten Test an.\u00a0<\/strong><\/p>\n","protected":false},"excerpt":{"rendered":"<p>&nbsp; Torreiche Vorbereitungsspiele bekamen die Fans am Sonntag in Remmighausen zu sehen. In der herrlichem Mittagssonne hatte zun\u00e4chst die Zweite<\/p>\n","protected":false},"author":16,"featured_media":0,"comment_status":"closed","ping_status":"closed","sticky":false,"template":"","format":"standard","meta":{"colormag_page_container_layout":"default_layout","colormag_page_sidebar_layout":"default_layout","_jetpack_memberships_contains_paid_content":false,"footnotes":"","jetpack_publicize_message":"","jetpack_publicize_feature_enabled":true,"jetpack_social_post_already_shared":false,"jetpack_social_options":{"image_generator_settings":{"template":"highway","default_image_id":0,"font":"","enabled":false},"version":2}},"categories":[157],"tags":[],"class_list":["post-7436","post","type-post","status-publish","format-standard","hentry","category-archiv"],"jetpack_publicize_connections":[],"jetpack_featured_media_url":"","jetpack_sharing_enabled":true,"_links":{"self":[{"href":"https:\/\/www.tuseichholzremmighausen.de\/wordpress\/wp-json\/wp\/v2\/posts\/7436","targetHints":{"allow":["GET"]}}],"collection":[{"href":"https:\/\/www.tuseichholzremmighausen.de\/wordpress\/wp-json\/wp\/v2\/posts"}],"about":[{"href":"https:\/\/www.tuseichholzremmighausen.de\/wordpress\/wp-json\/wp\/v2\/types\/post"}],"author":[{"embeddable":true,"href":"https:\/\/www.tuseichholzremmighausen.de\/wordpress\/wp-json\/wp\/v2\/users\/16"}],"replies":[{"embeddable":true,"href":"https:\/\/www.tuseichholzremmighausen.de\/wordpress\/wp-json\/wp\/v2\/comments?post=7436"}],"version-history":[{"count":0,"href":"https:\/\/www.tuseichholzremmighausen.de\/wordpress\/wp-json\/wp\/v2\/posts\/7436\/revisions"}],"wp:attachment":[{"href":"https:\/\/www.tuseichholzremmighausen.de\/wordpress\/wp-json\/wp\/v2\/media?parent=7436"}],"wp:term":[{"taxonomy":"category","embeddable":true,"href":"https:\/\/www.tuseichholzremmighausen.de\/wordpress\/wp-json\/wp\/v2\/categories?post=7436"},{"taxonomy":"post_tag","embeddable":true,"href":"https:\/\/www.tuseichholzremmighausen.de\/wordpress\/wp-json\/wp\/v2\/tags?post=7436"}],"curies":[{"name":"wp","href":"https:\/\/api.w.org\/{rel}","templated":true}]}}