{"id":7523,"date":"2015-03-30T16:50:19","date_gmt":"2015-03-30T15:50:19","guid":{"rendered":"http:\/\/www.tuseichholzremmighausen.de\/wordpress\/?p=7523"},"modified":"2020-09-11T20:32:45","modified_gmt":"2020-09-11T18:32:45","slug":"unnoetige-auswaertsniederlage-zweite-12-in-schlangen","status":"publish","type":"post","link":"https:\/\/www.tuseichholzremmighausen.de\/wordpress\/archives\/7523","title":{"rendered":"Unn\u00f6tige Ausw\u00e4rtsniederlage &#8211; Zweite 1:2 in Schlangen"},"content":{"rendered":"<figure id=\"attachment_7524\" aria-describedby=\"caption-attachment-7524\" style=\"width: 600px\" class=\"wp-caption aligncenter\"><a href=\"https:\/\/i0.wp.com\/www.tuseichholzremmighausen.de\/wordpress\/wp-content\/uploads\/2015\/03\/fb_zweite_150329_01.jpg?ssl=1\"><img data-recalc-dims=\"1\" loading=\"lazy\" decoding=\"async\" data-attachment-id=\"7524\" data-permalink=\"https:\/\/www.tuseichholzremmighausen.de\/wordpress\/archives\/7523\/fb_zweite_150329_01\" data-orig-file=\"https:\/\/i0.wp.com\/www.tuseichholzremmighausen.de\/wordpress\/wp-content\/uploads\/2015\/03\/fb_zweite_150329_01.jpg?fit=600%2C398&amp;ssl=1\" data-orig-size=\"600,398\" data-comments-opened=\"1\" data-image-meta=\"{&quot;aperture&quot;:&quot;0&quot;,&quot;credit&quot;:&quot;&quot;,&quot;camera&quot;:&quot;&quot;,&quot;caption&quot;:&quot;&quot;,&quot;created_timestamp&quot;:&quot;0&quot;,&quot;copyright&quot;:&quot;&quot;,&quot;focal_length&quot;:&quot;0&quot;,&quot;iso&quot;:&quot;0&quot;,&quot;shutter_speed&quot;:&quot;0&quot;,&quot;title&quot;:&quot;&quot;,&quot;orientation&quot;:&quot;1&quot;}\" data-image-title=\"fb_zweite_150329_01\" data-image-description=\"\" data-image-caption=\"&lt;p&gt;Fans unterst\u00fctzen die Zweite in Schlangen&lt;\/p&gt;\n\" data-large-file=\"https:\/\/i0.wp.com\/www.tuseichholzremmighausen.de\/wordpress\/wp-content\/uploads\/2015\/03\/fb_zweite_150329_01.jpg?fit=600%2C398&amp;ssl=1\" class=\"size-full wp-image-7524\" src=\"https:\/\/i0.wp.com\/www.tuseichholzremmighausen.de\/wordpress\/wp-content\/uploads\/2015\/03\/fb_zweite_150329_01.jpg?resize=600%2C398&#038;ssl=1\" alt=\"Fans unterst\u00fctzen die Zweite in Schlangen  Bild und Infos: T. Holz\" width=\"600\" height=\"398\" srcset=\"https:\/\/i0.wp.com\/www.tuseichholzremmighausen.de\/wordpress\/wp-content\/uploads\/2015\/03\/fb_zweite_150329_01.jpg?w=600&amp;ssl=1 600w, https:\/\/i0.wp.com\/www.tuseichholzremmighausen.de\/wordpress\/wp-content\/uploads\/2015\/03\/fb_zweite_150329_01.jpg?resize=300%2C199&amp;ssl=1 300w\" sizes=\"auto, (max-width: 600px) 100vw, 600px\" \/><\/a><figcaption id=\"caption-attachment-7524\" class=\"wp-caption-text\">Fans unterst\u00fctzen die Zweite in Schlangen (Bild und Infos: T. Holz)<\/figcaption><\/figure>\n<p>Zwei unn\u00f6tige Abwehrfehler und zahlreiche ausgelassene Tor Chancen f\u00fchrten zur Ausw\u00e4rts Niederlage gegen Fortuna Schlangen III. Ein besonderen Dank geb\u00fchrt den\u00a0zahlreichen TuS Anh\u00e4ngern, die trotz widriger Wetterbedingungen\u00a0klasse Unterst\u00fctzung\u00a0leisteten. Am kommenden Donnerstag geht&#8217;s schon weiter &#8211; wieder ausw\u00e4rts, bei der SG Istrup-Br\u00fcntrup II.<\/p>\n","protected":false},"excerpt":{"rendered":"<p>Zwei unn\u00f6tige Abwehrfehler und zahlreiche ausgelassene Tor Chancen f\u00fchrten zur Ausw\u00e4rts Niederlage gegen Fortuna Schlangen III. Ein besonderen Dank geb\u00fchrt<\/p>\n","protected":false},"author":46,"featured_media":0,"comment_status":"open","ping_status":"open","sticky":false,"template":"","format":"standard","meta":{"colormag_page_container_layout":"default_layout","colormag_page_sidebar_layout":"default_layout","_jetpack_memberships_contains_paid_content":false,"footnotes":"","jetpack_publicize_message":"","jetpack_publicize_feature_enabled":true,"jetpack_social_post_already_shared":false,"jetpack_social_options":{"image_generator_settings":{"template":"highway","default_image_id":0,"font":"","enabled":false},"version":2}},"categories":[157],"tags":[],"class_list":["post-7523","post","type-post","status-publish","format-standard","hentry","category-archiv"],"jetpack_publicize_connections":[],"jetpack_featured_media_url":"","jetpack_sharing_enabled":true,"_links":{"self":[{"href":"https:\/\/www.tuseichholzremmighausen.de\/wordpress\/wp-json\/wp\/v2\/posts\/7523","targetHints":{"allow":["GET"]}}],"collection":[{"href":"https:\/\/www.tuseichholzremmighausen.de\/wordpress\/wp-json\/wp\/v2\/posts"}],"about":[{"href":"https:\/\/www.tuseichholzremmighausen.de\/wordpress\/wp-json\/wp\/v2\/types\/post"}],"author":[{"embeddable":true,"href":"https:\/\/www.tuseichholzremmighausen.de\/wordpress\/wp-json\/wp\/v2\/users\/46"}],"replies":[{"embeddable":true,"href":"https:\/\/www.tuseichholzremmighausen.de\/wordpress\/wp-json\/wp\/v2\/comments?post=7523"}],"version-history":[{"count":0,"href":"https:\/\/www.tuseichholzremmighausen.de\/wordpress\/wp-json\/wp\/v2\/posts\/7523\/revisions"}],"wp:attachment":[{"href":"https:\/\/www.tuseichholzremmighausen.de\/wordpress\/wp-json\/wp\/v2\/media?parent=7523"}],"wp:term":[{"taxonomy":"category","embeddable":true,"href":"https:\/\/www.tuseichholzremmighausen.de\/wordpress\/wp-json\/wp\/v2\/categories?post=7523"},{"taxonomy":"post_tag","embeddable":true,"href":"https:\/\/www.tuseichholzremmighausen.de\/wordpress\/wp-json\/wp\/v2\/tags?post=7523"}],"curies":[{"name":"wp","href":"https:\/\/api.w.org\/{rel}","templated":true}]}}