{"id":7533,"date":"2015-04-08T09:52:56","date_gmt":"2015-04-08T08:52:56","guid":{"rendered":"http:\/\/www.tuseichholzremmighausen.de\/wordpress\/?p=7533"},"modified":"2020-09-11T20:32:45","modified_gmt":"2020-09-11T18:32:45","slug":"4-ordentliche-vorstandssitzung-am-07-april-2015","status":"publish","type":"post","link":"https:\/\/www.tuseichholzremmighausen.de\/wordpress\/archives\/7533","title":{"rendered":"4. Ordentliche Vorstandssitzung am 07. April 2015"},"content":{"rendered":"<p><strong>Vorsitzende<\/strong><\/p>\n<ul>\n<li>Versicherung f\u00fcr den Vorstand und Nichtmitglieder des TuS<\/li>\n<li>Abgesicherte Vorstandsarbeit und abgesichertes Probetraining<\/li>\n<li>Vereinsheim soll wieder intensiver genutzt werden<\/li>\n<\/ul>\n<p><!--more--><\/p>\n<p><strong>\u00a0<\/strong><strong>Kassenwarte<\/strong><\/p>\n<ul>\n<li>Antrag an die Sporthilfe wurde abgewickelt<\/li>\n<li>Beitr\u00e4ge an die LG Lippe S\u00fcd abgef\u00fchrt<\/li>\n<li>998 Mitglieder wurden \u00a0Anfang April 2015 gez\u00e4hlt<\/li>\n<li>Zahlungsmoral hat\u00a0sich gebessert, geringe Au\u00dfenst\u00e4nde<\/li>\n<\/ul>\n<p><strong>\u00a0<\/strong><strong>Schriftf\u00fchrer<\/strong><\/p>\n<ul>\n<li>keine besonderen Punkte<\/li>\n<\/ul>\n<p><strong>\u00a0<\/strong><strong>Sozialwart<\/strong><\/p>\n<ul>\n<li>1 Unfall in der Fu\u00dfballabteilung<\/li>\n<\/ul>\n<p><strong>\u00a0<\/strong><strong>Vereinsjugend<\/strong><\/p>\n<ul>\n<li>Teilnahme an der Sozialraumkonferenz am 15.04.2015<\/li>\n<li>Teilnahme an Veranstaltung Sport- u. Ehrenamt am 28.04.2015<\/li>\n<li>Teilnahme an der KSB Delegiertenversammlung am 19.05.2015<\/li>\n<\/ul>\n<p><strong>\u00a0<\/strong><strong>Schachabteilung<\/strong><\/p>\n<ul>\n<li>1. Mannschaft hat mit 4,5 zu 3,5 gegen Lieme III gewonnen<\/li>\n<li>Steht mit Lieme III auf dem 1. Platz, spielt um Aufstieg<\/li>\n<li>2. Mannschaft hat mit 3,0 zu 3,0 den geteilten 3.\/4. Platz gefestigt<\/li>\n<li>Das Osterblitzturnier wurde mit 13 Teilnehmern gespielt<\/li>\n<li>Am 16.04. 2015, die letzte Runde der Vereinsmeisterschaft<\/li>\n<\/ul>\n<p><strong>\u00a0<\/strong><strong>Turn- und Leichtathletikabteilung<\/strong><\/p>\n<ul>\n<li>Vorbereitungen f\u00fcr das \u00a0NRW-Turnfest in Siegen laufen<\/li>\n<li>Einladung f\u00fcr die Sportlerehrung in Lemgo f\u00fcr die Westfalenmeister PERPLEX und Mariposa durch den Landrat F. Heuwinkel<\/li>\n<li>Training f\u00fcr das Turnfest, an den Wochenenden unter Wettkampfbedingungen,\u00a0in gro\u00dfer Halle in Detmold, da Hallen hier zu klein<\/li>\n<\/ul>\n<p><strong>\u00a0<\/strong><strong>Handballabteilung<\/strong><\/p>\n<ul>\n<li>keine besonderen Punkte<\/li>\n<\/ul>\n<p><strong>\u00a0<\/strong><strong>Fu\u00dfballabteilung<\/strong><\/p>\n<ul>\n<li>Planungen laufen\u00a0schon jetzt f\u00fcr die neue Saison 2015 \/ 2016<\/li>\n<\/ul>\n<p><strong>\u00a0<\/strong><strong>Tischtennisabteilung<\/strong><\/p>\n<ul>\n<li>Ansprechpartner G. Mischer 05231 &#8211; 4328<\/li>\n<\/ul>\n<p><strong>Medienbeauftragter<\/strong><\/p>\n<ul>\n<li>keine besonderen Punkte<\/li>\n<\/ul>\n<p><strong>\u00a0<\/strong><strong>Verschiedenes<\/strong><\/p>\n<ul>\n<li>Die ARGE t\u00e4tig f\u00fcr den Dorfverein, soll f\u00fcr den TuS einen Zaun am Sportplatz in Remmighausen errichten und die Gehwegplatten, am Vereinsheim, neu verlegen. Daf\u00fcr muss das Material gestellt werden.<\/li>\n<\/ul>\n","protected":false},"excerpt":{"rendered":"<p>Vorsitzende Versicherung f\u00fcr den Vorstand und Nichtmitglieder des TuS Abgesicherte Vorstandsarbeit und abgesichertes Probetraining Vereinsheim soll wieder intensiver genutzt werden<\/p>\n","protected":false},"author":46,"featured_media":0,"comment_status":"closed","ping_status":"closed","sticky":false,"template":"","format":"standard","meta":{"colormag_page_container_layout":"default_layout","colormag_page_sidebar_layout":"default_layout","_jetpack_memberships_contains_paid_content":false,"footnotes":"","jetpack_publicize_message":"","jetpack_publicize_feature_enabled":true,"jetpack_social_post_already_shared":false,"jetpack_social_options":{"image_generator_settings":{"template":"highway","default_image_id":0,"font":"","enabled":false},"version":2}},"categories":[157],"tags":[],"class_list":["post-7533","post","type-post","status-publish","format-standard","hentry","category-archiv"],"jetpack_publicize_connections":[],"jetpack_featured_media_url":"","jetpack_sharing_enabled":true,"_links":{"self":[{"href":"https:\/\/www.tuseichholzremmighausen.de\/wordpress\/wp-json\/wp\/v2\/posts\/7533","targetHints":{"allow":["GET"]}}],"collection":[{"href":"https:\/\/www.tuseichholzremmighausen.de\/wordpress\/wp-json\/wp\/v2\/posts"}],"about":[{"href":"https:\/\/www.tuseichholzremmighausen.de\/wordpress\/wp-json\/wp\/v2\/types\/post"}],"author":[{"embeddable":true,"href":"https:\/\/www.tuseichholzremmighausen.de\/wordpress\/wp-json\/wp\/v2\/users\/46"}],"replies":[{"embeddable":true,"href":"https:\/\/www.tuseichholzremmighausen.de\/wordpress\/wp-json\/wp\/v2\/comments?post=7533"}],"version-history":[{"count":0,"href":"https:\/\/www.tuseichholzremmighausen.de\/wordpress\/wp-json\/wp\/v2\/posts\/7533\/revisions"}],"wp:attachment":[{"href":"https:\/\/www.tuseichholzremmighausen.de\/wordpress\/wp-json\/wp\/v2\/media?parent=7533"}],"wp:term":[{"taxonomy":"category","embeddable":true,"href":"https:\/\/www.tuseichholzremmighausen.de\/wordpress\/wp-json\/wp\/v2\/categories?post=7533"},{"taxonomy":"post_tag","embeddable":true,"href":"https:\/\/www.tuseichholzremmighausen.de\/wordpress\/wp-json\/wp\/v2\/tags?post=7533"}],"curies":[{"name":"wp","href":"https:\/\/api.w.org\/{rel}","templated":true}]}}