{"id":7699,"date":"2015-06-02T21:06:05","date_gmt":"2015-06-02T20:06:05","guid":{"rendered":"http:\/\/www.tuseichholzremmighausen.de\/wordpress\/?p=7699"},"modified":"2020-09-11T20:32:44","modified_gmt":"2020-09-11T18:32:44","slug":"tanzgruppen-des-tus-beim-landesturnfest","status":"publish","type":"post","link":"https:\/\/www.tuseichholzremmighausen.de\/wordpress\/archives\/7699","title":{"rendered":"Tanzgruppen des TuS beim Landesturnfest"},"content":{"rendered":"<p>Tanzgruppen des TuS Eichholz-Remmighausen fahren zum 3. NRW-Landesturnfest nach Siegen\/Siegerland und nehmen an den Meisterschaften \u201eDTB-Dance\u201c teil<\/p>\n<figure id=\"attachment_7700\" aria-describedby=\"caption-attachment-7700\" style=\"width: 600px\" class=\"wp-caption alignleft\"><a href=\"https:\/\/i0.wp.com\/www.tuseichholzremmighausen.de\/wordpress\/wp-content\/uploads\/2015\/06\/Gruppen_LD_Cup.jpg?ssl=1\"><img data-recalc-dims=\"1\" loading=\"lazy\" decoding=\"async\" data-attachment-id=\"7700\" data-permalink=\"https:\/\/www.tuseichholzremmighausen.de\/wordpress\/archives\/7699\/gruppen_ld_cup\" data-orig-file=\"https:\/\/i0.wp.com\/www.tuseichholzremmighausen.de\/wordpress\/wp-content\/uploads\/2015\/06\/Gruppen_LD_Cup.jpg?fit=600%2C283&amp;ssl=1\" data-orig-size=\"600,283\" data-comments-opened=\"1\" data-image-meta=\"{&quot;aperture&quot;:&quot;8&quot;,&quot;credit&quot;:&quot;&quot;,&quot;camera&quot;:&quot;Canon EOS 1000D&quot;,&quot;caption&quot;:&quot;&quot;,&quot;created_timestamp&quot;:&quot;1431181640&quot;,&quot;copyright&quot;:&quot;&quot;,&quot;focal_length&quot;:&quot;18&quot;,&quot;iso&quot;:&quot;200&quot;,&quot;shutter_speed&quot;:&quot;0.00625&quot;,&quot;title&quot;:&quot;&quot;,&quot;orientation&quot;:&quot;1&quot;}\" data-image-title=\"Gruppen_LD_Cup\" data-image-description=\"\" data-image-caption=\"&lt;p&gt;Gruppenbild mit den  beteiligten T\u00e4nzerinnen&lt;\/p&gt;\n\" data-large-file=\"https:\/\/i0.wp.com\/www.tuseichholzremmighausen.de\/wordpress\/wp-content\/uploads\/2015\/06\/Gruppen_LD_Cup.jpg?fit=600%2C283&amp;ssl=1\" class=\"size-full wp-image-7700\" src=\"https:\/\/i0.wp.com\/www.tuseichholzremmighausen.de\/wordpress\/wp-content\/uploads\/2015\/06\/Gruppen_LD_Cup.jpg?resize=600%2C283&#038;ssl=1\" alt=\"Gruppenbild\" width=\"600\" height=\"283\" srcset=\"https:\/\/i0.wp.com\/www.tuseichholzremmighausen.de\/wordpress\/wp-content\/uploads\/2015\/06\/Gruppen_LD_Cup.jpg?w=600&amp;ssl=1 600w, https:\/\/i0.wp.com\/www.tuseichholzremmighausen.de\/wordpress\/wp-content\/uploads\/2015\/06\/Gruppen_LD_Cup.jpg?resize=300%2C142&amp;ssl=1 300w\" sizes=\"auto, (max-width: 600px) 100vw, 600px\" \/><\/a><figcaption id=\"caption-attachment-7700\" class=\"wp-caption-text\">Gruppenbild mit den beteiligten T\u00e4nzerinnen<\/figcaption><\/figure>\n<p>Die Koffer sind gepackt \u2013 58 Teilnehmerinnen des TuS Eichholz-Remmighausen nehmen mit ihren Trainerinnen vom 4. bis 6. Juni 2015 am 3. NRW-Landesturnfest in Siegen\/Siegerland teil. Laut \u201eSiegener Zeitung\u201c geh\u00f6ren sie dabei zu den Vereinen mit hoher Meldezahl. Hier werden sie \u2013 zusammen mit ca. 10 000 SportlerInnen \u2013 Turnfestflair erleben und zusammen mit 250 SportlerInnen im \u201ePeter-Paul Rubens-Gymnasium\u201c \u00fcbernachten.<!--more--><\/p>\n<p>Nach vielf\u00e4ltiger Auswahl freuen sich die jungen Damen \u2013 im Alter von 10 bis 17 Jahren \u2013 auf den Besuch der Turnfestmeile, die u. a. ein vielseitiges Programm auf der Magnetb\u00fchne verspricht, der Teilnahme an verschiedenen \u201eWorkshops\u201c der Turnfestakademie sowie der Turngala. Ein Highlight wird die \u201eLaGYM Party\u201c in der Siegerlandhalle mit dem Motto \u201eDance Feeling \u2013 Spa\u00df haben und einfach Abtanzen\u201c sein. Bei fetziger Musik werden hier Pr\u00e4senter die neuesten Trends vermitteln, anschlie\u00dfend wird eine erholsame Nacht auf der Luftmatratze n\u00f6tig sein.<\/p>\n<p>Weiterhin werden vier Tanzgruppen im Rahmen des 3. NRW Landesturnfestes am Landesentscheid DTB-Dance Westfalen 2015 teilnehmen.<\/p>\n<p>Die zw\u00f6lf \u201ePuzzles\u201c reisen erst am 5.6. an und starten am 6.6. im \u201eWettbewerb\u201c in der Altersklasse \u201eKinder\u201c (8\u201312 Jahre) \u2013 sie vertanzen das Thema \u201eAstronauten\u201c. In der Altersklasse \u201eJugend\u201c (12\u201318 Jahre) werden gleich drei Gruppen des Vereins im \u201eWettkampf\u201c den Kampfrichtern ihre aktuellen T\u00e4nze pr\u00e4sentieren. An den Start gehen die \u201eMariposas\u201c mit dem Thema \u201eHandy\u201c, die \u201eDiamonds\u201c mit dem Thema \u201eBoxen\u201c sowie die \u201eEstrellas\u201c mit dem Thema \u201eMatrosen\u201c. Ein originelles Kost\u00fcm, eine entsprechende Haarfrisur sowie ein zum Thema und Alter passendes Make-up soll den Tanz der einzelnen Gruppen abrunden. Mit einem Mix aus athletischen wie rhythmischen Choreografien und einer ausdrucksstarken Pr\u00e4senz wollen die T\u00e4nzerinnen auf der Wettkampffl\u00e4che dem Publikum ihre Freude am Tanzsport vermitteln, so die Jugendwartin Annette Schwartmann der TuL-Abteilung.<\/p>\n","protected":false},"excerpt":{"rendered":"<p>Tanzgruppen des TuS Eichholz-Remmighausen fahren zum 3. NRW-Landesturnfest nach Siegen\/Siegerland und nehmen an den Meisterschaften \u201eDTB-Dance\u201c teil Die Koffer sind<\/p>\n","protected":false},"author":4,"featured_media":0,"comment_status":"closed","ping_status":"closed","sticky":false,"template":"","format":"standard","meta":{"colormag_page_container_layout":"default_layout","colormag_page_sidebar_layout":"default_layout","_jetpack_memberships_contains_paid_content":false,"footnotes":"","jetpack_publicize_message":"","jetpack_publicize_feature_enabled":true,"jetpack_social_post_already_shared":false,"jetpack_social_options":{"image_generator_settings":{"template":"highway","default_image_id":0,"font":"","enabled":false},"version":2}},"categories":[157],"tags":[],"class_list":["post-7699","post","type-post","status-publish","format-standard","hentry","category-archiv"],"jetpack_publicize_connections":[],"jetpack_featured_media_url":"","jetpack_sharing_enabled":true,"_links":{"self":[{"href":"https:\/\/www.tuseichholzremmighausen.de\/wordpress\/wp-json\/wp\/v2\/posts\/7699","targetHints":{"allow":["GET"]}}],"collection":[{"href":"https:\/\/www.tuseichholzremmighausen.de\/wordpress\/wp-json\/wp\/v2\/posts"}],"about":[{"href":"https:\/\/www.tuseichholzremmighausen.de\/wordpress\/wp-json\/wp\/v2\/types\/post"}],"author":[{"embeddable":true,"href":"https:\/\/www.tuseichholzremmighausen.de\/wordpress\/wp-json\/wp\/v2\/users\/4"}],"replies":[{"embeddable":true,"href":"https:\/\/www.tuseichholzremmighausen.de\/wordpress\/wp-json\/wp\/v2\/comments?post=7699"}],"version-history":[{"count":0,"href":"https:\/\/www.tuseichholzremmighausen.de\/wordpress\/wp-json\/wp\/v2\/posts\/7699\/revisions"}],"wp:attachment":[{"href":"https:\/\/www.tuseichholzremmighausen.de\/wordpress\/wp-json\/wp\/v2\/media?parent=7699"}],"wp:term":[{"taxonomy":"category","embeddable":true,"href":"https:\/\/www.tuseichholzremmighausen.de\/wordpress\/wp-json\/wp\/v2\/categories?post=7699"},{"taxonomy":"post_tag","embeddable":true,"href":"https:\/\/www.tuseichholzremmighausen.de\/wordpress\/wp-json\/wp\/v2\/tags?post=7699"}],"curies":[{"name":"wp","href":"https:\/\/api.w.org\/{rel}","templated":true}]}}