{"id":7702,"date":"2015-06-03T09:37:26","date_gmt":"2015-06-03T08:37:26","guid":{"rendered":"http:\/\/www.tuseichholzremmighausen.de\/wordpress\/?p=7702"},"modified":"2020-09-11T20:32:43","modified_gmt":"2020-09-11T18:32:43","slug":"6-ordentliche-vorstandssitzung-am-02-juni-2015","status":"publish","type":"post","link":"https:\/\/www.tuseichholzremmighausen.de\/wordpress\/archives\/7702","title":{"rendered":"6. Ordentliche Vorstandssitzung am 02. Juni 2015"},"content":{"rendered":"<p><strong>Vorsitzende<\/strong><\/p>\n<ul>\n<li>Zahlreiche Zu &#8211; und Abg\u00e4nge richtungsweisend f\u00fcr die Zukunft und Planung<\/li>\n<li>Versammlung im Remikenhus mit einer geplanten Satzungs\u00e4nderung<\/li>\n<li>Verein vor 2 gro\u00dfen Ereignissen mit Tanzwettbewerb in Siegen und Aufstiegsspiel der B-Juniorinnen am 07.06.2015 in H\u00f6xter<\/li>\n<\/ul>\n<p><!--more--><\/p>\n<p><strong>\u00a0<\/strong><\/p>\n<p><strong>Kassenwarte<\/strong><\/p>\n<ul>\n<li>Begleichung von Rechnungen, Durchf\u00fchrung des laufenden Zahlungsverkehrs, Eing\u00e4nge von Zusch\u00fcssen, Abbuchung Beitr\u00e4ge an Verb\u00e4nde\u00a0 (Tagesgesch\u00e4ft f\u00fcr die Buchf\u00fchrung des Vereins)<\/li>\n<li>Abschluss der Halbjahresbilanz zum 30.06.2015 in Arbeit<\/li>\n<\/ul>\n<p><strong>\u00a0<\/strong><strong>Schriftf\u00fchrer<\/strong><\/p>\n<ul>\n<li>Keine besonderen Punkte<\/li>\n<\/ul>\n<p><strong>\u00a0<\/strong><strong>Sozialwart<\/strong><\/p>\n<ul>\n<li>1 Unfall in der Fu\u00dfballjugend, in Bearbeitung<\/li>\n<\/ul>\n<p><strong>\u00a0<\/strong><strong>Vereinsjugend<\/strong><\/p>\n<ul>\n<li>Plant Sitzungen,schon in Vorbereitung, f\u00fcr Vorhaben in den n\u00e4chsten 6 Monaten<\/li>\n<li>Jetzt schon Festausschuss f\u00fcr Weihnachtsfest und andere Aktivit\u00e4ten<\/li>\n<li>FUI-Sitzung nicht so optimal gelaufen, da Aufl\u00f6sung der Interessengemeinschaft der Gesch\u00e4ftsleute, dadurch Vereine auf sich allein gestellt<\/li>\n<li>Der Polizeibeamte Herr Nack jetzt f\u00fcr die \u00dcberwachung des Bereiches um den Sportplatz Remmighausen zust\u00e4ndig (Schutz der Anlagen auch vom TuS)<\/li>\n<li>Der Jugendtag findet am Donnerstag, 25. Juni 2015 um 18,30 Uhr statt<\/li>\n<li>Die Saison steht kurz vor dem Ende<\/li>\n<li>Alle Jugendmannschaften befinden sich auf akzeptablen Tabellenpl\u00e4tzen<\/li>\n<\/ul>\n<p><strong>\u00a0<\/strong><strong>Schachabteilung<\/strong><\/p>\n<ul>\n<li>Die 1. Mannschaft ist in die Verbandsklasse aufgestiegen, Spielbetrieb wird aufgenommen und mit einem Kader von 8 &#8211; 10 Spielern durchgef\u00fchrt<\/li>\n<li>Die 2. Mannschaft tritt in der Kreisliga an<\/li>\n<\/ul>\n<p><strong>\u00a0<\/strong><strong>Turn- und Leichtathletikabteilung<\/strong><\/p>\n<ul>\n<li>Die Abteilung \u00a0ist zurzeit mit der Gr\u00fcndung einer neuen Tanzgruppe besch\u00e4ftigt<\/li>\n<li>Schwerpunkt ist jedoch der Tanzwettbewerb in Siegen am Wochenende 05.\/06. Juni 2015\u00a0f\u00fcr den bis zur letzten Minute die Vorbereitungen laufen<\/li>\n<\/ul>\n<p><strong>\u00a0<\/strong><strong>Handballabteilung<\/strong><\/p>\n<ul>\n<li>Der Verein befindet sich noch im Aufbau und in Planung f\u00fcr die n\u00e4chste Saison<\/li>\n<li>Erh\u00f6hung des Schiedsrichtersolls muss durch Ausbildung umgesetzt werden<\/li>\n<li>D-Jugend erreicht mit Erfolgserlebnis mit Sieg gegen Blomberg den 1. Platz<\/li>\n<\/ul>\n<p><strong>\u00a0<\/strong><strong>Fu\u00dfballabteilung<\/strong><\/p>\n<ul>\n<li>Die 1. Mannschaft vermeidet mit klaren Siegen den Abstieg aus der Kreisliga B<\/li>\n<li>Der 2. Mannschaft gehen die Spieler aus, Alte Herren unterst\u00fctzen<\/li>\n<li>F\u00fcr die neue Saison ist f\u00fcr die Reserve vielleicht eine 9er-Mannschaft die L\u00f6sung<\/li>\n<li>Die Damen, trotz schlechter Trainingsbeteiligung, auf einem 4. Platz<\/li>\n<li>Besonders stolz sind wir\u00a0auf die B-Juniorinnen, die am 07.06. um den Aufstieg in H\u00f6xter k\u00e4mpfen und dort nach vielen Anl\u00e4ufen diesmal hoffentlich Erfolg haben<\/li>\n<\/ul>\n<p><strong>\u00a0<\/strong><strong>Tischtennisabteilung<\/strong><\/p>\n<ul>\n<li>Ansprechpartner G\u00fcnter Mischer 05231-4328<\/li>\n<\/ul>\n<p><strong>\u00a0<\/strong><strong>Verschiedenes<\/strong><\/p>\n<ul>\n<li>N\u00e4chste Vorstandssitzung am 04. August 2015<\/li>\n<\/ul>\n","protected":false},"excerpt":{"rendered":"<p>Vorsitzende Zahlreiche Zu &#8211; und Abg\u00e4nge richtungsweisend f\u00fcr die Zukunft und Planung Versammlung im Remikenhus mit einer geplanten Satzungs\u00e4nderung Verein<\/p>\n","protected":false},"author":46,"featured_media":0,"comment_status":"closed","ping_status":"closed","sticky":false,"template":"","format":"standard","meta":{"colormag_page_container_layout":"default_layout","colormag_page_sidebar_layout":"default_layout","_jetpack_memberships_contains_paid_content":false,"footnotes":"","jetpack_publicize_message":"","jetpack_publicize_feature_enabled":true,"jetpack_social_post_already_shared":false,"jetpack_social_options":{"image_generator_settings":{"template":"highway","default_image_id":0,"font":"","enabled":false},"version":2}},"categories":[157],"tags":[],"class_list":["post-7702","post","type-post","status-publish","format-standard","hentry","category-archiv"],"jetpack_publicize_connections":[],"jetpack_featured_media_url":"","jetpack_sharing_enabled":true,"_links":{"self":[{"href":"https:\/\/www.tuseichholzremmighausen.de\/wordpress\/wp-json\/wp\/v2\/posts\/7702","targetHints":{"allow":["GET"]}}],"collection":[{"href":"https:\/\/www.tuseichholzremmighausen.de\/wordpress\/wp-json\/wp\/v2\/posts"}],"about":[{"href":"https:\/\/www.tuseichholzremmighausen.de\/wordpress\/wp-json\/wp\/v2\/types\/post"}],"author":[{"embeddable":true,"href":"https:\/\/www.tuseichholzremmighausen.de\/wordpress\/wp-json\/wp\/v2\/users\/46"}],"replies":[{"embeddable":true,"href":"https:\/\/www.tuseichholzremmighausen.de\/wordpress\/wp-json\/wp\/v2\/comments?post=7702"}],"version-history":[{"count":0,"href":"https:\/\/www.tuseichholzremmighausen.de\/wordpress\/wp-json\/wp\/v2\/posts\/7702\/revisions"}],"wp:attachment":[{"href":"https:\/\/www.tuseichholzremmighausen.de\/wordpress\/wp-json\/wp\/v2\/media?parent=7702"}],"wp:term":[{"taxonomy":"category","embeddable":true,"href":"https:\/\/www.tuseichholzremmighausen.de\/wordpress\/wp-json\/wp\/v2\/categories?post=7702"},{"taxonomy":"post_tag","embeddable":true,"href":"https:\/\/www.tuseichholzremmighausen.de\/wordpress\/wp-json\/wp\/v2\/tags?post=7702"}],"curies":[{"name":"wp","href":"https:\/\/api.w.org\/{rel}","templated":true}]}}