{"id":7747,"date":"2015-06-18T21:51:15","date_gmt":"2015-06-18T20:51:15","guid":{"rendered":"http:\/\/www.tuseichholzremmighausen.de\/wordpress\/?p=7747"},"modified":"2020-09-11T20:32:43","modified_gmt":"2020-09-11T18:32:43","slug":"eilmeldung-erste-neuverpflichtungen-weitere-in-planung","status":"publish","type":"post","link":"https:\/\/www.tuseichholzremmighausen.de\/wordpress\/archives\/7747","title":{"rendered":"Eilmeldung! Erste Neuverpflichtung &#8211; weitere in Planung"},"content":{"rendered":"<p><strong>Das Eichholzer Projekt, Neuaufbau der Fu\u00dfballm\u00e4nner tr\u00e4gt erste Fr\u00fcchte:<\/strong><\/p>\n<figure id=\"attachment_7748\" aria-describedby=\"caption-attachment-7748\" style=\"width: 600px\" class=\"wp-caption aligncenter\"><a href=\"https:\/\/i0.wp.com\/www.tuseichholzremmighausen.de\/wordpress\/wp-content\/uploads\/2015\/06\/fb_erste_150618_01.jpg?ssl=1\"><img data-recalc-dims=\"1\" loading=\"lazy\" decoding=\"async\" data-attachment-id=\"7748\" data-permalink=\"https:\/\/www.tuseichholzremmighausen.de\/wordpress\/archives\/7747\/fb_erste_150618_01\" data-orig-file=\"https:\/\/i0.wp.com\/www.tuseichholzremmighausen.de\/wordpress\/wp-content\/uploads\/2015\/06\/fb_erste_150618_01.jpg?fit=600%2C399&amp;ssl=1\" data-orig-size=\"600,399\" data-comments-opened=\"1\" data-image-meta=\"{&quot;aperture&quot;:&quot;3.5&quot;,&quot;credit&quot;:&quot;RoGe&quot;,&quot;camera&quot;:&quot;Canon EOS 70D&quot;,&quot;caption&quot;:&quot;&quot;,&quot;created_timestamp&quot;:&quot;1434659038&quot;,&quot;copyright&quot;:&quot;RoGe2015&quot;,&quot;focal_length&quot;:&quot;28&quot;,&quot;iso&quot;:&quot;320&quot;,&quot;shutter_speed&quot;:&quot;0.016666666666667&quot;,&quot;title&quot;:&quot;&quot;,&quot;orientation&quot;:&quot;1&quot;}\" data-image-title=\"fb_erste_150618_01\" data-image-description=\"\" data-image-caption=\"&lt;p&gt;Martin Ertner begr\u00fc\u00dft Vincenzo Gaeta im TuS&lt;\/p&gt;\n\" data-large-file=\"https:\/\/i0.wp.com\/www.tuseichholzremmighausen.de\/wordpress\/wp-content\/uploads\/2015\/06\/fb_erste_150618_01.jpg?fit=600%2C399&amp;ssl=1\" class=\"size-full wp-image-7748\" src=\"https:\/\/i0.wp.com\/www.tuseichholzremmighausen.de\/wordpress\/wp-content\/uploads\/2015\/06\/fb_erste_150618_01.jpg?resize=600%2C399&#038;ssl=1\" alt=\"Martin Ertner begr\u00fc\u00dft Vincenzo Gaeta im TuS\" width=\"600\" height=\"399\" srcset=\"https:\/\/i0.wp.com\/www.tuseichholzremmighausen.de\/wordpress\/wp-content\/uploads\/2015\/06\/fb_erste_150618_01.jpg?w=600&amp;ssl=1 600w, https:\/\/i0.wp.com\/www.tuseichholzremmighausen.de\/wordpress\/wp-content\/uploads\/2015\/06\/fb_erste_150618_01.jpg?resize=300%2C200&amp;ssl=1 300w\" sizes=\"auto, (max-width: 600px) 100vw, 600px\" \/><\/a><figcaption id=\"caption-attachment-7748\" class=\"wp-caption-text\">Martin Ertner begr\u00fc\u00dft Vincenzo Gaeta im TuS<\/figcaption><\/figure>\n<p>In der\u00a0kommenden Saison verst\u00e4rkt\u00a0<strong>Vincenzo Gaeta<\/strong>\u00a0die Gr\u00fcn-Wei\u00dfen Farben.<\/p>\n<p>Trainer Ertner und sein neu aufgestellter Betreuerstab\u00a0zeigen sich optimistisch, weitere Zug\u00e4nge werden erwartet.<\/p>\n","protected":false},"excerpt":{"rendered":"<p>Das Eichholzer Projekt, Neuaufbau der Fu\u00dfballm\u00e4nner tr\u00e4gt erste Fr\u00fcchte: In der\u00a0kommenden Saison verst\u00e4rkt\u00a0Vincenzo Gaeta\u00a0die Gr\u00fcn-Wei\u00dfen Farben. Trainer Ertner und sein<\/p>\n","protected":false},"author":16,"featured_media":0,"comment_status":"open","ping_status":"open","sticky":false,"template":"","format":"standard","meta":{"colormag_page_container_layout":"default_layout","colormag_page_sidebar_layout":"default_layout","_jetpack_memberships_contains_paid_content":false,"footnotes":"","jetpack_publicize_message":"","jetpack_publicize_feature_enabled":true,"jetpack_social_post_already_shared":false,"jetpack_social_options":{"image_generator_settings":{"template":"highway","default_image_id":0,"font":"","enabled":false},"version":2}},"categories":[157],"tags":[],"class_list":["post-7747","post","type-post","status-publish","format-standard","hentry","category-archiv"],"jetpack_publicize_connections":[],"jetpack_featured_media_url":"","jetpack_sharing_enabled":true,"_links":{"self":[{"href":"https:\/\/www.tuseichholzremmighausen.de\/wordpress\/wp-json\/wp\/v2\/posts\/7747","targetHints":{"allow":["GET"]}}],"collection":[{"href":"https:\/\/www.tuseichholzremmighausen.de\/wordpress\/wp-json\/wp\/v2\/posts"}],"about":[{"href":"https:\/\/www.tuseichholzremmighausen.de\/wordpress\/wp-json\/wp\/v2\/types\/post"}],"author":[{"embeddable":true,"href":"https:\/\/www.tuseichholzremmighausen.de\/wordpress\/wp-json\/wp\/v2\/users\/16"}],"replies":[{"embeddable":true,"href":"https:\/\/www.tuseichholzremmighausen.de\/wordpress\/wp-json\/wp\/v2\/comments?post=7747"}],"version-history":[{"count":0,"href":"https:\/\/www.tuseichholzremmighausen.de\/wordpress\/wp-json\/wp\/v2\/posts\/7747\/revisions"}],"wp:attachment":[{"href":"https:\/\/www.tuseichholzremmighausen.de\/wordpress\/wp-json\/wp\/v2\/media?parent=7747"}],"wp:term":[{"taxonomy":"category","embeddable":true,"href":"https:\/\/www.tuseichholzremmighausen.de\/wordpress\/wp-json\/wp\/v2\/categories?post=7747"},{"taxonomy":"post_tag","embeddable":true,"href":"https:\/\/www.tuseichholzremmighausen.de\/wordpress\/wp-json\/wp\/v2\/tags?post=7747"}],"curies":[{"name":"wp","href":"https:\/\/api.w.org\/{rel}","templated":true}]}}