{"id":7772,"date":"2015-07-01T23:40:34","date_gmt":"2015-07-01T22:40:34","guid":{"rendered":"http:\/\/www.tuseichholzremmighausen.de\/wordpress\/?p=7772"},"modified":"2020-09-11T20:32:43","modified_gmt":"2020-09-11T18:32:43","slug":"ah-radler-ii","status":"publish","type":"post","link":"https:\/\/www.tuseichholzremmighausen.de\/wordpress\/archives\/7772","title":{"rendered":"AH Radler Sommertour 2"},"content":{"rendered":"<p>Ging es letzte Woche gen S\u00fcd-Ost Richtung Horn, so war diesmal der Westen mit dem Meschesee das Ziel. 20 km bei hohen Temperaturen und allerbestem Wetter sollten allemal ausreichen. Anschlie\u00dfend wurde von Frank fachm\u00e4nnisch gegrillt, Jochen legte dazu die &#8222;passende&#8220; Musik auf. Erst sp\u00e4t am Abend l\u00f6ste sich die gem\u00fctliche Runde auf.<br \/>\n<figure id=\"attachment_7773\" aria-describedby=\"caption-attachment-7773\" style=\"width: 600px\" class=\"wp-caption alignleft\"><a href=\"https:\/\/i0.wp.com\/www.tuseichholzremmighausen.de\/wordpress\/wp-content\/uploads\/2015\/07\/1507_AH-radler.jpg?ssl=1\"><img data-recalc-dims=\"1\" loading=\"lazy\" decoding=\"async\" data-attachment-id=\"7773\" data-permalink=\"https:\/\/www.tuseichholzremmighausen.de\/wordpress\/archives\/7772\/1507_ah-radler\" data-orig-file=\"https:\/\/i0.wp.com\/www.tuseichholzremmighausen.de\/wordpress\/wp-content\/uploads\/2015\/07\/1507_AH-radler.jpg?fit=600%2C399&amp;ssl=1\" data-orig-size=\"600,399\" data-comments-opened=\"1\" data-image-meta=\"{&quot;aperture&quot;:&quot;0&quot;,&quot;credit&quot;:&quot;&quot;,&quot;camera&quot;:&quot;LG-P970&quot;,&quot;caption&quot;:&quot;&quot;,&quot;created_timestamp&quot;:&quot;1435778472&quot;,&quot;copyright&quot;:&quot;&quot;,&quot;focal_length&quot;:&quot;3.67&quot;,&quot;iso&quot;:&quot;123&quot;,&quot;shutter_speed&quot;:&quot;0.01&quot;,&quot;title&quot;:&quot;&quot;,&quot;orientation&quot;:&quot;1&quot;}\" data-image-title=\"1507_AH-radler\" data-image-description=\"\" data-image-caption=\"&lt;p&gt;Diesmal noch die gleiche Truppe wie letzten Mittwoch&lt;\/p&gt;\n\" data-large-file=\"https:\/\/i0.wp.com\/www.tuseichholzremmighausen.de\/wordpress\/wp-content\/uploads\/2015\/07\/1507_AH-radler.jpg?fit=600%2C399&amp;ssl=1\" class=\"size-full wp-image-7773\" src=\"https:\/\/i0.wp.com\/www.tuseichholzremmighausen.de\/wordpress\/wp-content\/uploads\/2015\/07\/1507_AH-radler.jpg?resize=600%2C399&#038;ssl=1\" alt=\"AH Radler\" width=\"600\" height=\"399\" srcset=\"https:\/\/i0.wp.com\/www.tuseichholzremmighausen.de\/wordpress\/wp-content\/uploads\/2015\/07\/1507_AH-radler.jpg?w=600&amp;ssl=1 600w, https:\/\/i0.wp.com\/www.tuseichholzremmighausen.de\/wordpress\/wp-content\/uploads\/2015\/07\/1507_AH-radler.jpg?resize=300%2C200&amp;ssl=1 300w\" sizes=\"auto, (max-width: 600px) 100vw, 600px\" \/><\/a><figcaption id=\"caption-attachment-7773\" class=\"wp-caption-text\">Diesmal noch die gleiche Truppe wie letzten Mittwoch<\/figcaption><\/figure><\/p>\n","protected":false},"excerpt":{"rendered":"<p>Ging es letzte Woche gen S\u00fcd-Ost Richtung Horn, so war diesmal der Westen mit dem Meschesee das Ziel. 20 km<\/p>\n","protected":false},"author":2,"featured_media":0,"comment_status":"closed","ping_status":"closed","sticky":false,"template":"","format":"standard","meta":{"colormag_page_container_layout":"default_layout","colormag_page_sidebar_layout":"default_layout","_jetpack_memberships_contains_paid_content":false,"footnotes":"","jetpack_publicize_message":"","jetpack_publicize_feature_enabled":true,"jetpack_social_post_already_shared":false,"jetpack_social_options":{"image_generator_settings":{"template":"highway","default_image_id":0,"font":"","enabled":false},"version":2}},"categories":[157],"tags":[],"class_list":["post-7772","post","type-post","status-publish","format-standard","hentry","category-archiv"],"jetpack_publicize_connections":[],"jetpack_featured_media_url":"","jetpack_sharing_enabled":true,"_links":{"self":[{"href":"https:\/\/www.tuseichholzremmighausen.de\/wordpress\/wp-json\/wp\/v2\/posts\/7772","targetHints":{"allow":["GET"]}}],"collection":[{"href":"https:\/\/www.tuseichholzremmighausen.de\/wordpress\/wp-json\/wp\/v2\/posts"}],"about":[{"href":"https:\/\/www.tuseichholzremmighausen.de\/wordpress\/wp-json\/wp\/v2\/types\/post"}],"author":[{"embeddable":true,"href":"https:\/\/www.tuseichholzremmighausen.de\/wordpress\/wp-json\/wp\/v2\/users\/2"}],"replies":[{"embeddable":true,"href":"https:\/\/www.tuseichholzremmighausen.de\/wordpress\/wp-json\/wp\/v2\/comments?post=7772"}],"version-history":[{"count":0,"href":"https:\/\/www.tuseichholzremmighausen.de\/wordpress\/wp-json\/wp\/v2\/posts\/7772\/revisions"}],"wp:attachment":[{"href":"https:\/\/www.tuseichholzremmighausen.de\/wordpress\/wp-json\/wp\/v2\/media?parent=7772"}],"wp:term":[{"taxonomy":"category","embeddable":true,"href":"https:\/\/www.tuseichholzremmighausen.de\/wordpress\/wp-json\/wp\/v2\/categories?post=7772"},{"taxonomy":"post_tag","embeddable":true,"href":"https:\/\/www.tuseichholzremmighausen.de\/wordpress\/wp-json\/wp\/v2\/tags?post=7772"}],"curies":[{"name":"wp","href":"https:\/\/api.w.org\/{rel}","templated":true}]}}