{"id":7778,"date":"2015-07-09T21:37:06","date_gmt":"2015-07-09T20:37:06","guid":{"rendered":"http:\/\/www.tuseichholzremmighausen.de\/wordpress\/?p=7778"},"modified":"2020-09-11T20:33:34","modified_gmt":"2020-09-11T18:33:34","slug":"co-trainerin-gesucht","status":"publish","type":"post","link":"https:\/\/www.tuseichholzremmighausen.de\/wordpress\/archives\/7778","title":{"rendered":"Co-Trainer(in) gesucht"},"content":{"rendered":"<p>F\u00fcr unsere <strong>F-Jugend<\/strong> wird f\u00fcr die neue Saison 2015\/16 noch dringend ein(e) Co-Trainer(in) zur Unterst\u00fctzung der Mannschaft gesucht. F\u00fcr Informationen diesbez\u00fcglich bitte Pio kontaktieren!<\/p>\n<p>Dirk Piontek<br \/>\n05231-305357 oder 0170-5238085<br \/>\npio71[\u00e4t]t-online[dot]de<\/p>\n","protected":false},"excerpt":{"rendered":"<p>F\u00fcr unsere F-Jugend wird f\u00fcr die neue Saison 2015\/16 noch dringend ein(e) Co-Trainer(in) zur Unterst\u00fctzung der Mannschaft gesucht. F\u00fcr Informationen<\/p>\n","protected":false},"author":2,"featured_media":0,"comment_status":"open","ping_status":"open","sticky":false,"template":"","format":"standard","meta":{"colormag_page_container_layout":"default_layout","colormag_page_sidebar_layout":"default_layout","_jetpack_memberships_contains_paid_content":false,"footnotes":"","jetpack_publicize_message":"","jetpack_publicize_feature_enabled":true,"jetpack_social_post_already_shared":false,"jetpack_social_options":{"image_generator_settings":{"template":"highway","default_image_id":0,"font":"","enabled":false},"version":2}},"categories":[157],"tags":[],"class_list":["post-7778","post","type-post","status-publish","format-standard","hentry","category-archiv"],"jetpack_publicize_connections":[],"jetpack_featured_media_url":"","jetpack_sharing_enabled":true,"_links":{"self":[{"href":"https:\/\/www.tuseichholzremmighausen.de\/wordpress\/wp-json\/wp\/v2\/posts\/7778","targetHints":{"allow":["GET"]}}],"collection":[{"href":"https:\/\/www.tuseichholzremmighausen.de\/wordpress\/wp-json\/wp\/v2\/posts"}],"about":[{"href":"https:\/\/www.tuseichholzremmighausen.de\/wordpress\/wp-json\/wp\/v2\/types\/post"}],"author":[{"embeddable":true,"href":"https:\/\/www.tuseichholzremmighausen.de\/wordpress\/wp-json\/wp\/v2\/users\/2"}],"replies":[{"embeddable":true,"href":"https:\/\/www.tuseichholzremmighausen.de\/wordpress\/wp-json\/wp\/v2\/comments?post=7778"}],"version-history":[{"count":0,"href":"https:\/\/www.tuseichholzremmighausen.de\/wordpress\/wp-json\/wp\/v2\/posts\/7778\/revisions"}],"wp:attachment":[{"href":"https:\/\/www.tuseichholzremmighausen.de\/wordpress\/wp-json\/wp\/v2\/media?parent=7778"}],"wp:term":[{"taxonomy":"category","embeddable":true,"href":"https:\/\/www.tuseichholzremmighausen.de\/wordpress\/wp-json\/wp\/v2\/categories?post=7778"},{"taxonomy":"post_tag","embeddable":true,"href":"https:\/\/www.tuseichholzremmighausen.de\/wordpress\/wp-json\/wp\/v2\/tags?post=7778"}],"curies":[{"name":"wp","href":"https:\/\/api.w.org\/{rel}","templated":true}]}}