{"id":7779,"date":"2015-07-09T21:51:18","date_gmt":"2015-07-09T20:51:18","guid":{"rendered":"http:\/\/www.tuseichholzremmighausen.de\/wordpress\/?p=7779"},"modified":"2020-09-11T20:33:34","modified_gmt":"2020-09-11T18:33:34","slug":"tag-des-fussballs-am-8-august-2015","status":"publish","type":"post","link":"https:\/\/www.tuseichholzremmighausen.de\/wordpress\/archives\/7779","title":{"rendered":"Tag des Fu\u00dfballs am 8. August 2015"},"content":{"rendered":"<p>Der &#8222;<strong>Tag des Fu\u00dfballs<\/strong>&#8220; findet f\u00fcr M\u00e4dchen und Jungen im Alter von 3-12 Jahren auch dieses Jahr wieder statt. Dieses Jahr steht er unter dem Motto &#8222;<strong>Fu\u00dfball f\u00e4ngt mit Gemeinschaf an<\/strong>&#8222;. Ihr seid herzlich willkommen zahlreich an dieser Veranstaltung teil zu nehmen.<\/p>\n<figure id=\"attachment_7812\" aria-describedby=\"caption-attachment-7812\" style=\"width: 584px\" class=\"wp-caption alignleft\"><a href=\"https:\/\/i0.wp.com\/www.tuseichholzremmighausen.de\/wordpress\/wp-content\/uploads\/2015\/07\/Kennenlernen.jpg?ssl=1\"><img data-recalc-dims=\"1\" loading=\"lazy\" decoding=\"async\" data-attachment-id=\"7812\" data-permalink=\"https:\/\/www.tuseichholzremmighausen.de\/wordpress\/archives\/7779\/kennenlernen\" data-orig-file=\"https:\/\/i0.wp.com\/www.tuseichholzremmighausen.de\/wordpress\/wp-content\/uploads\/2015\/07\/Kennenlernen.jpg?fit=584%2C784&amp;ssl=1\" data-orig-size=\"584,784\" data-comments-opened=\"1\" data-image-meta=\"{&quot;aperture&quot;:&quot;0&quot;,&quot;credit&quot;:&quot;&quot;,&quot;camera&quot;:&quot;&quot;,&quot;caption&quot;:&quot;&quot;,&quot;created_timestamp&quot;:&quot;0&quot;,&quot;copyright&quot;:&quot;&quot;,&quot;focal_length&quot;:&quot;0&quot;,&quot;iso&quot;:&quot;0&quot;,&quot;shutter_speed&quot;:&quot;0&quot;,&quot;title&quot;:&quot;&quot;,&quot;orientation&quot;:&quot;0&quot;}\" data-image-title=\"Kennenlernen\" data-image-description=\"\" data-image-caption=\"&lt;p&gt;Kennenlernentag des TuS&lt;\/p&gt;\n\" data-large-file=\"https:\/\/i0.wp.com\/www.tuseichholzremmighausen.de\/wordpress\/wp-content\/uploads\/2015\/07\/Kennenlernen.jpg?fit=584%2C784&amp;ssl=1\" class=\"size-full wp-image-7812\" src=\"https:\/\/i0.wp.com\/www.tuseichholzremmighausen.de\/wordpress\/wp-content\/uploads\/2015\/07\/Kennenlernen.jpg?resize=584%2C784&#038;ssl=1\" alt=\"Kennenlernentag des TuS\" width=\"584\" height=\"784\" srcset=\"https:\/\/i0.wp.com\/www.tuseichholzremmighausen.de\/wordpress\/wp-content\/uploads\/2015\/07\/Kennenlernen.jpg?w=584&amp;ssl=1 584w, https:\/\/i0.wp.com\/www.tuseichholzremmighausen.de\/wordpress\/wp-content\/uploads\/2015\/07\/Kennenlernen.jpg?resize=223%2C300&amp;ssl=1 223w\" sizes=\"auto, (max-width: 584px) 100vw, 584px\" \/><\/a><figcaption id=\"caption-attachment-7812\" class=\"wp-caption-text\">Kennenlernentag des TuS : Die Fu\u00dfballjugend<\/figcaption><\/figure>\n<p>Ort: Sportplatz Remmighausen<br \/>\nTermin: 8. August 2015<br \/>\nKontakt: Dirk Piontek (Pio)<br \/>\no5231-305357 oder 0170-5238085<br \/>\npio71[\u00e4t]t-online[dot]de<\/p>\n<p>&nbsp;<\/p>\n","protected":false},"excerpt":{"rendered":"<p>Der &#8222;Tag des Fu\u00dfballs&#8220; findet f\u00fcr M\u00e4dchen und Jungen im Alter von 3-12 Jahren auch dieses Jahr wieder statt. Dieses<\/p>\n","protected":false},"author":2,"featured_media":0,"comment_status":"open","ping_status":"open","sticky":false,"template":"","format":"standard","meta":{"colormag_page_container_layout":"default_layout","colormag_page_sidebar_layout":"default_layout","_jetpack_memberships_contains_paid_content":false,"footnotes":"","jetpack_publicize_message":"","jetpack_publicize_feature_enabled":true,"jetpack_social_post_already_shared":false,"jetpack_social_options":{"image_generator_settings":{"template":"highway","default_image_id":0,"font":"","enabled":false},"version":2}},"categories":[157],"tags":[],"class_list":["post-7779","post","type-post","status-publish","format-standard","hentry","category-archiv"],"jetpack_publicize_connections":[],"jetpack_featured_media_url":"","jetpack_sharing_enabled":true,"_links":{"self":[{"href":"https:\/\/www.tuseichholzremmighausen.de\/wordpress\/wp-json\/wp\/v2\/posts\/7779","targetHints":{"allow":["GET"]}}],"collection":[{"href":"https:\/\/www.tuseichholzremmighausen.de\/wordpress\/wp-json\/wp\/v2\/posts"}],"about":[{"href":"https:\/\/www.tuseichholzremmighausen.de\/wordpress\/wp-json\/wp\/v2\/types\/post"}],"author":[{"embeddable":true,"href":"https:\/\/www.tuseichholzremmighausen.de\/wordpress\/wp-json\/wp\/v2\/users\/2"}],"replies":[{"embeddable":true,"href":"https:\/\/www.tuseichholzremmighausen.de\/wordpress\/wp-json\/wp\/v2\/comments?post=7779"}],"version-history":[{"count":0,"href":"https:\/\/www.tuseichholzremmighausen.de\/wordpress\/wp-json\/wp\/v2\/posts\/7779\/revisions"}],"wp:attachment":[{"href":"https:\/\/www.tuseichholzremmighausen.de\/wordpress\/wp-json\/wp\/v2\/media?parent=7779"}],"wp:term":[{"taxonomy":"category","embeddable":true,"href":"https:\/\/www.tuseichholzremmighausen.de\/wordpress\/wp-json\/wp\/v2\/categories?post=7779"},{"taxonomy":"post_tag","embeddable":true,"href":"https:\/\/www.tuseichholzremmighausen.de\/wordpress\/wp-json\/wp\/v2\/tags?post=7779"}],"curies":[{"name":"wp","href":"https:\/\/api.w.org\/{rel}","templated":true}]}}