{"id":7806,"date":"2015-08-05T12:10:00","date_gmt":"2015-08-05T11:10:00","guid":{"rendered":"http:\/\/www.tuseichholzremmighausen.de\/wordpress\/?p=7806"},"modified":"2020-09-11T20:33:34","modified_gmt":"2020-09-11T18:33:34","slug":"7-ordentliche-vorstandssitzung-am-04-august-2015","status":"publish","type":"post","link":"https:\/\/www.tuseichholzremmighausen.de\/wordpress\/archives\/7806","title":{"rendered":"7. Ordentliche Vorstandssitzung am 04. August 2015"},"content":{"rendered":"<p><strong>Vorsitzende<\/strong><\/p>\n<ul>\n<li>Vereinsbully ist in die Jahre gekommen, Neuanschaffung angedacht<\/li>\n<li>Neue\u00a0Versicherungsvertr\u00e4ge f\u00fcr Vorstand, Vereinsmitglieder, Kursteilnehmer<\/li>\n<li>Halle Eichholz nur zur sportlichen Nutzung geeignet, Stadt DT sucht Unterkunft<strong>\u00a0<\/strong><\/li>\n<\/ul>\n<p><!--more--><\/p>\n<p><strong>Kassenwarte<\/strong><\/p>\n<ul>\n<li>Etatabrechnung zum 30.06.2015 erfolgt und verteilt<\/li>\n<li>Neuer Vertrag mit den Stadtwerken Detmold soll den Haushalt entlasten<\/li>\n<\/ul>\n<p><strong>Schriftf\u00fchrer<\/strong><\/p>\n<ul>\n<li>keine besonderen Punkte<\/li>\n<\/ul>\n<p><strong>Sozialwart<\/strong><\/p>\n<ul>\n<li>1 Unfall bei den Alten Herren<\/li>\n<\/ul>\n<p><strong>\u00a0Vereinsjugend<\/strong><\/p>\n<ul>\n<li>Nach Aufl\u00f6sung der Interessengemeinschaft hilft die Vereinsjugend tatkr\u00e4ftig im Festausschuss FUI, kommende Veranstaltungen weiterhin durchzuf\u00fchren<\/li>\n<\/ul>\n<p><strong>Schachabteilung<\/strong><\/p>\n<ul>\n<li>Am 22.08.2015 findet ein Schachseminar im Vereinsheim statt<\/li>\n<li>Die Mannschaftsaufstellungen f\u00fcr die neue Saison wurden gemeldet<\/li>\n<li>Verbandsklasse, 1. Mannschaft mit Begegnung am 20.09.2015 gegen Ubedissen<\/li>\n<li>Bezirksklasse,\u00a0\u00a0\u00a0\u00a0 2. Mannschaft mit Begegnung am 31.10.2015\u00a0 gegen Lage<\/li>\n<li>Verbandsklasse, U 14 ebenfalls gemeldet , muss sich bew\u00e4hren<\/li>\n<\/ul>\n<p><strong>Turn- und Leichtathletikabteilung<\/strong><\/p>\n<ul>\n<li>Verdiente Sommerpause, Suche nach neuen Tanzthemen, neuer Musik<\/li>\n<li>Trainer-Workshop f\u00fcr September 2015 geplant<\/li>\n<li>Neue Kindertanzgruppe, trainiert von Jana Bohnert u. Liara M\u00fcller hei\u00dft Saphira<\/li>\n<li>Auftaktgrillen aller Jugendgruppen geplant<\/li>\n<li>Neuer Zumba Kurs startet am 12.08.2015 in der Halle Eichholz<\/li>\n<li>TuL unterst\u00fctzt das Alte Herren &#8211; Sportfest im September 2015<\/li>\n<li>Turnfest 2015 in Siegen super gelaufen, n\u00e4chstes Turnfest 2017 in Berlin<\/li>\n<\/ul>\n<p><strong>Handballabteilung<\/strong><\/p>\n<ul>\n<li>Die Handballabteilung befindet sich in Vorbereitung auf die neue Saison<\/li>\n<li>Die neue Saison beginnt Ende August 2015<\/li>\n<li>Strafen drohen bei nicht ordnungsgem\u00e4\u00dfer Nutzung des neu\u00a0eingef\u00fchrten Computerprogramms<\/li>\n<\/ul>\n<p><strong>Fu\u00dfballabteilung<\/strong><\/p>\n<ul>\n<li>Vorbereitung f\u00fcr die neue Saison bei den Damen und 1. und 2. Senioren<\/li>\n<li>1. Seniorenmannschaft mit guten Ergebnissen in der Vorbereitung<\/li>\n<li>Kai Tcheon k\u00fcmmert sich jetzt verst\u00e4rkt um die 2. Seniorenmannschaft<\/li>\n<li>Bringt Ordnung in die Bannerwerbung, beginnt mit der Erstellung eines Ballfangzaunes im Bereich der Werre<\/li>\n<\/ul>\n<p><strong>Tischtennisabteilung<\/strong><\/p>\n<ul>\n<li>Ansprechpartner G\u00fcnter Mischer T. 05231-4328<strong>\u00a0<\/strong><\/li>\n<\/ul>\n<p><strong>Verschiedenes<\/strong><\/p>\n<ul>\n<li>Neue Schl\u00f6sser und Schl\u00fcssel f\u00fcr das Vereinsheim<\/li>\n<\/ul>\n","protected":false},"excerpt":{"rendered":"<p>Vorsitzende Vereinsbully ist in die Jahre gekommen, Neuanschaffung angedacht Neue\u00a0Versicherungsvertr\u00e4ge f\u00fcr Vorstand, Vereinsmitglieder, Kursteilnehmer Halle Eichholz nur zur sportlichen Nutzung<\/p>\n","protected":false},"author":46,"featured_media":0,"comment_status":"closed","ping_status":"closed","sticky":false,"template":"","format":"standard","meta":{"colormag_page_container_layout":"default_layout","colormag_page_sidebar_layout":"default_layout","_jetpack_memberships_contains_paid_content":false,"footnotes":"","jetpack_publicize_message":"","jetpack_publicize_feature_enabled":true,"jetpack_social_post_already_shared":false,"jetpack_social_options":{"image_generator_settings":{"template":"highway","default_image_id":0,"font":"","enabled":false},"version":2}},"categories":[157],"tags":[],"class_list":["post-7806","post","type-post","status-publish","format-standard","hentry","category-archiv"],"jetpack_publicize_connections":[],"jetpack_featured_media_url":"","jetpack_sharing_enabled":true,"_links":{"self":[{"href":"https:\/\/www.tuseichholzremmighausen.de\/wordpress\/wp-json\/wp\/v2\/posts\/7806","targetHints":{"allow":["GET"]}}],"collection":[{"href":"https:\/\/www.tuseichholzremmighausen.de\/wordpress\/wp-json\/wp\/v2\/posts"}],"about":[{"href":"https:\/\/www.tuseichholzremmighausen.de\/wordpress\/wp-json\/wp\/v2\/types\/post"}],"author":[{"embeddable":true,"href":"https:\/\/www.tuseichholzremmighausen.de\/wordpress\/wp-json\/wp\/v2\/users\/46"}],"replies":[{"embeddable":true,"href":"https:\/\/www.tuseichholzremmighausen.de\/wordpress\/wp-json\/wp\/v2\/comments?post=7806"}],"version-history":[{"count":0,"href":"https:\/\/www.tuseichholzremmighausen.de\/wordpress\/wp-json\/wp\/v2\/posts\/7806\/revisions"}],"wp:attachment":[{"href":"https:\/\/www.tuseichholzremmighausen.de\/wordpress\/wp-json\/wp\/v2\/media?parent=7806"}],"wp:term":[{"taxonomy":"category","embeddable":true,"href":"https:\/\/www.tuseichholzremmighausen.de\/wordpress\/wp-json\/wp\/v2\/categories?post=7806"},{"taxonomy":"post_tag","embeddable":true,"href":"https:\/\/www.tuseichholzremmighausen.de\/wordpress\/wp-json\/wp\/v2\/tags?post=7806"}],"curies":[{"name":"wp","href":"https:\/\/api.w.org\/{rel}","templated":true}]}}