{"id":7834,"date":"2015-08-16T16:33:09","date_gmt":"2015-08-16T15:33:09","guid":{"rendered":"http:\/\/www.tuseichholzremmighausen.de\/wordpress\/?p=7834"},"modified":"2020-09-11T20:33:34","modified_gmt":"2020-09-11T18:33:34","slug":"12-beim-rsv-hoerste-ungluecklicher-saisonauftakt-der-ersten","status":"publish","type":"post","link":"https:\/\/www.tuseichholzremmighausen.de\/wordpress\/archives\/7834","title":{"rendered":"1:2 beim RSV H\u00f6rste &#8211; Ungl\u00fccklicher Saisonauftakt der Ersten"},"content":{"rendered":"<figure id=\"attachment_7835\" aria-describedby=\"caption-attachment-7835\" style=\"width: 600px\" class=\"wp-caption aligncenter\"><a href=\"https:\/\/i0.wp.com\/www.tuseichholzremmighausen.de\/wordpress\/wp-content\/uploads\/2015\/08\/fb_erste_150816_01.jpg?ssl=1\"><img data-recalc-dims=\"1\" loading=\"lazy\" decoding=\"async\" data-attachment-id=\"7835\" data-permalink=\"https:\/\/www.tuseichholzremmighausen.de\/wordpress\/archives\/7834\/fb_erste_150816_01\" data-orig-file=\"https:\/\/i0.wp.com\/www.tuseichholzremmighausen.de\/wordpress\/wp-content\/uploads\/2015\/08\/fb_erste_150816_01.jpg?fit=600%2C400&amp;ssl=1\" data-orig-size=\"600,400\" data-comments-opened=\"1\" data-image-meta=\"{&quot;aperture&quot;:&quot;5&quot;,&quot;credit&quot;:&quot;RoGe&quot;,&quot;camera&quot;:&quot;Canon EOS 70D&quot;,&quot;caption&quot;:&quot;&quot;,&quot;created_timestamp&quot;:&quot;1439739534&quot;,&quot;copyright&quot;:&quot;RoGe2015&quot;,&quot;focal_length&quot;:&quot;100&quot;,&quot;iso&quot;:&quot;1600&quot;,&quot;shutter_speed&quot;:&quot;0.00125&quot;,&quot;title&quot;:&quot;&quot;,&quot;orientation&quot;:&quot;1&quot;}\" data-image-title=\"fb_erste_150816_01\" data-image-description=\"\" data-image-caption=\"&lt;p&gt;Jan Eskuchen erzielt den F\u00fchrungstreffer f\u00fcr die Gr\u00fcn-Wei\u00dfen &lt;\/p&gt;\n\" data-large-file=\"https:\/\/i0.wp.com\/www.tuseichholzremmighausen.de\/wordpress\/wp-content\/uploads\/2015\/08\/fb_erste_150816_01.jpg?fit=600%2C400&amp;ssl=1\" class=\"size-full wp-image-7835\" src=\"https:\/\/i0.wp.com\/www.tuseichholzremmighausen.de\/wordpress\/wp-content\/uploads\/2015\/08\/fb_erste_150816_01.jpg?resize=600%2C400&#038;ssl=1\" alt=\"Jan Eskuchen erzielt den F\u00fchrungstreffer f\u00fcr die Gr\u00fcn-Wei\u00dfen \" width=\"600\" height=\"400\" srcset=\"https:\/\/i0.wp.com\/www.tuseichholzremmighausen.de\/wordpress\/wp-content\/uploads\/2015\/08\/fb_erste_150816_01.jpg?w=600&amp;ssl=1 600w, https:\/\/i0.wp.com\/www.tuseichholzremmighausen.de\/wordpress\/wp-content\/uploads\/2015\/08\/fb_erste_150816_01.jpg?resize=300%2C200&amp;ssl=1 300w\" sizes=\"auto, (max-width: 600px) 100vw, 600px\" \/><\/a><figcaption id=\"caption-attachment-7835\" class=\"wp-caption-text\">Jan Eskuchen erzielt den F\u00fchrungstreffer f\u00fcr die Gr\u00fcn-Wei\u00dfen<\/figcaption><\/figure>\n<p>Sintflutartige Regenf\u00e4lle begleiteten die Erste Fu\u00dfballmannschaft und den gastgebenden RSV H\u00f6rste. Jan Eskuchen schockte den ehemaligen A-Ligisten mit einem sehenswerten Treffer aus der Distanz. Danach nutzten die Einheimischen\u00a0ihren Heimvorteil und drehten die Partie. Letztendlich ein\u00a0insgesamt ungl\u00fccklicher\u00a0Start in die neue Saison. Auch die Zweite musste am ersten Spieltag der Kreisliga C in Kohlst\u00e4dt\u00a0eine 1:3-Auftaktniederlage hinnehmen.<\/p>\n","protected":false},"excerpt":{"rendered":"<p>Sintflutartige Regenf\u00e4lle begleiteten die Erste Fu\u00dfballmannschaft und den gastgebenden RSV H\u00f6rste. Jan Eskuchen schockte den ehemaligen A-Ligisten mit einem sehenswerten<\/p>\n","protected":false},"author":16,"featured_media":0,"comment_status":"closed","ping_status":"closed","sticky":false,"template":"","format":"standard","meta":{"colormag_page_container_layout":"default_layout","colormag_page_sidebar_layout":"default_layout","_jetpack_memberships_contains_paid_content":false,"footnotes":"","jetpack_publicize_message":"","jetpack_publicize_feature_enabled":true,"jetpack_social_post_already_shared":false,"jetpack_social_options":{"image_generator_settings":{"template":"highway","default_image_id":0,"font":"","enabled":false},"version":2}},"categories":[157],"tags":[],"class_list":["post-7834","post","type-post","status-publish","format-standard","hentry","category-archiv"],"jetpack_publicize_connections":[],"jetpack_featured_media_url":"","jetpack_sharing_enabled":true,"_links":{"self":[{"href":"https:\/\/www.tuseichholzremmighausen.de\/wordpress\/wp-json\/wp\/v2\/posts\/7834","targetHints":{"allow":["GET"]}}],"collection":[{"href":"https:\/\/www.tuseichholzremmighausen.de\/wordpress\/wp-json\/wp\/v2\/posts"}],"about":[{"href":"https:\/\/www.tuseichholzremmighausen.de\/wordpress\/wp-json\/wp\/v2\/types\/post"}],"author":[{"embeddable":true,"href":"https:\/\/www.tuseichholzremmighausen.de\/wordpress\/wp-json\/wp\/v2\/users\/16"}],"replies":[{"embeddable":true,"href":"https:\/\/www.tuseichholzremmighausen.de\/wordpress\/wp-json\/wp\/v2\/comments?post=7834"}],"version-history":[{"count":0,"href":"https:\/\/www.tuseichholzremmighausen.de\/wordpress\/wp-json\/wp\/v2\/posts\/7834\/revisions"}],"wp:attachment":[{"href":"https:\/\/www.tuseichholzremmighausen.de\/wordpress\/wp-json\/wp\/v2\/media?parent=7834"}],"wp:term":[{"taxonomy":"category","embeddable":true,"href":"https:\/\/www.tuseichholzremmighausen.de\/wordpress\/wp-json\/wp\/v2\/categories?post=7834"},{"taxonomy":"post_tag","embeddable":true,"href":"https:\/\/www.tuseichholzremmighausen.de\/wordpress\/wp-json\/wp\/v2\/tags?post=7834"}],"curies":[{"name":"wp","href":"https:\/\/api.w.org\/{rel}","templated":true}]}}