{"id":7837,"date":"2015-08-17T22:56:30","date_gmt":"2015-08-17T21:56:30","guid":{"rendered":"http:\/\/www.tuseichholzremmighausen.de\/wordpress\/?p=7837"},"modified":"2020-09-11T20:33:34","modified_gmt":"2020-09-11T18:33:34","slug":"ah-radler-abschlusstour-2015","status":"publish","type":"post","link":"https:\/\/www.tuseichholzremmighausen.de\/wordpress\/archives\/7837","title":{"rendered":"AH-Radler Abschlu\u00dftour 2015"},"content":{"rendered":"<p>Am Samstag, den 15. August brachte die Westfalenbahn 5 gut trainierte AH-Radler mit ihren R\u00e4dern nach Paderborn. Wir, das sind Erwin, Horst, Jochen, Reinhard und Sieghard. Wir erreichten die Domstadt kuz vor 10 Uhr. Aus der Stadt heraus f\u00fchrte die Strecke in Richtung Salzkotten und wir erreichten die erste Rast etwa bei km 17 in Upsprunge bei den Heder-Quellen gegen 11:15 Uhr.<\/p>\n<figure id=\"attachment_7838\" aria-describedby=\"caption-attachment-7838\" style=\"width: 600px\" class=\"wp-caption alignleft\"><a href=\"https:\/\/i0.wp.com\/www.tuseichholzremmighausen.de\/wordpress\/wp-content\/uploads\/2015\/08\/1508_AH-radler_101.jpg?ssl=1\"><img data-recalc-dims=\"1\" loading=\"lazy\" decoding=\"async\" data-attachment-id=\"7838\" data-permalink=\"https:\/\/www.tuseichholzremmighausen.de\/wordpress\/archives\/7837\/1508_ah-radler_101\" data-orig-file=\"https:\/\/i0.wp.com\/www.tuseichholzremmighausen.de\/wordpress\/wp-content\/uploads\/2015\/08\/1508_AH-radler_101.jpg?fit=600%2C371&amp;ssl=1\" data-orig-size=\"600,371\" data-comments-opened=\"1\" data-image-meta=\"{&quot;aperture&quot;:&quot;0&quot;,&quot;credit&quot;:&quot;&quot;,&quot;camera&quot;:&quot;LG-P970&quot;,&quot;caption&quot;:&quot;&quot;,&quot;created_timestamp&quot;:&quot;1439637508&quot;,&quot;copyright&quot;:&quot;&quot;,&quot;focal_length&quot;:&quot;3.67&quot;,&quot;iso&quot;:&quot;107&quot;,&quot;shutter_speed&quot;:&quot;0.01&quot;,&quot;title&quot;:&quot;&quot;,&quot;orientation&quot;:&quot;1&quot;}\" data-image-title=\"1508_AH-radler_101\" data-image-description=\"\" data-image-caption=\"&lt;p&gt;Rast im Heder-Quellgebiet in Upsprunge&lt;\/p&gt;\n\" data-large-file=\"https:\/\/i0.wp.com\/www.tuseichholzremmighausen.de\/wordpress\/wp-content\/uploads\/2015\/08\/1508_AH-radler_101.jpg?fit=600%2C371&amp;ssl=1\" class=\"size-full wp-image-7838\" src=\"https:\/\/i0.wp.com\/www.tuseichholzremmighausen.de\/wordpress\/wp-content\/uploads\/2015\/08\/1508_AH-radler_101.jpg?resize=600%2C371&#038;ssl=1\" alt=\"Rast im Heder-Quellgebiet in Upsprunge\" width=\"600\" height=\"371\" srcset=\"https:\/\/i0.wp.com\/www.tuseichholzremmighausen.de\/wordpress\/wp-content\/uploads\/2015\/08\/1508_AH-radler_101.jpg?w=600&amp;ssl=1 600w, https:\/\/i0.wp.com\/www.tuseichholzremmighausen.de\/wordpress\/wp-content\/uploads\/2015\/08\/1508_AH-radler_101.jpg?resize=300%2C186&amp;ssl=1 300w\" sizes=\"auto, (max-width: 600px) 100vw, 600px\" \/><\/a><figcaption id=\"caption-attachment-7838\" class=\"wp-caption-text\">Rast im Heder-Quellgebiet in Upsprunge, im Bild 4 von 5 Teilnehmern!<\/figcaption><\/figure>\n<p><!--more-->Horst gestanden wir noch verl\u00e4ngerte Rastzeit zu, denn er f\u00fctterte dort &#8222;seine&#8220; Forellen. Es war faszinierend zu sehen wie die Forellen im flie\u00dfenden Gew\u00e4sser die zugeworfenen Brotkrumen aufnahmen. Dann ging es weiter in Richtung Flughafen PB, den wir zumindest zur H\u00e4lfte umradelten. Die Ger\u00e4usche der startenden und landenden Jets h\u00f6rten wir (fast) noch am n\u00e4chsten Rastpunkt bei km 27 gegen 12:30 Uhr, der direkt unterhalb der Wewelsburg lag.<\/p>\n<figure id=\"attachment_7839\" aria-describedby=\"caption-attachment-7839\" style=\"width: 600px\" class=\"wp-caption alignleft\"><a href=\"https:\/\/i0.wp.com\/www.tuseichholzremmighausen.de\/wordpress\/wp-content\/uploads\/2015\/08\/1508_AH-radler_102.jpg?ssl=1\"><img data-recalc-dims=\"1\" loading=\"lazy\" decoding=\"async\" data-attachment-id=\"7839\" data-permalink=\"https:\/\/www.tuseichholzremmighausen.de\/wordpress\/archives\/7837\/1508_ah-radler_102\" data-orig-file=\"https:\/\/i0.wp.com\/www.tuseichholzremmighausen.de\/wordpress\/wp-content\/uploads\/2015\/08\/1508_AH-radler_102.jpg?fit=600%2C600&amp;ssl=1\" data-orig-size=\"600,600\" data-comments-opened=\"1\" data-image-meta=\"{&quot;aperture&quot;:&quot;0&quot;,&quot;credit&quot;:&quot;&quot;,&quot;camera&quot;:&quot;LG-P970&quot;,&quot;caption&quot;:&quot;&quot;,&quot;created_timestamp&quot;:&quot;1439642567&quot;,&quot;copyright&quot;:&quot;&quot;,&quot;focal_length&quot;:&quot;3.67&quot;,&quot;iso&quot;:&quot;100&quot;,&quot;shutter_speed&quot;:&quot;0.002304&quot;,&quot;title&quot;:&quot;&quot;,&quot;orientation&quot;:&quot;1&quot;}\" data-image-title=\"1508_AH-radler_102\" data-image-description=\"\" data-image-caption=\"&lt;p&gt;AH-Radler unterhalb  der Wewelsburg&lt;\/p&gt;\n\" data-large-file=\"https:\/\/i0.wp.com\/www.tuseichholzremmighausen.de\/wordpress\/wp-content\/uploads\/2015\/08\/1508_AH-radler_102.jpg?fit=600%2C600&amp;ssl=1\" class=\"size-full wp-image-7839\" src=\"https:\/\/i0.wp.com\/www.tuseichholzremmighausen.de\/wordpress\/wp-content\/uploads\/2015\/08\/1508_AH-radler_102.jpg?resize=600%2C600&#038;ssl=1\" alt=\"AH-Radler unterhalb  der Wewelsburg\" width=\"600\" height=\"600\" srcset=\"https:\/\/i0.wp.com\/www.tuseichholzremmighausen.de\/wordpress\/wp-content\/uploads\/2015\/08\/1508_AH-radler_102.jpg?w=600&amp;ssl=1 600w, https:\/\/i0.wp.com\/www.tuseichholzremmighausen.de\/wordpress\/wp-content\/uploads\/2015\/08\/1508_AH-radler_102.jpg?resize=300%2C300&amp;ssl=1 300w, https:\/\/i0.wp.com\/www.tuseichholzremmighausen.de\/wordpress\/wp-content\/uploads\/2015\/08\/1508_AH-radler_102.jpg?resize=100%2C100&amp;ssl=1 100w, https:\/\/i0.wp.com\/www.tuseichholzremmighausen.de\/wordpress\/wp-content\/uploads\/2015\/08\/1508_AH-radler_102.jpg?resize=150%2C150&amp;ssl=1 150w\" sizes=\"auto, (max-width: 600px) 100vw, 600px\" \/><\/a><figcaption id=\"caption-attachment-7839\" class=\"wp-caption-text\">AH-Radler unterhalb der Wewelsburg &#8211; Jochen machte das Bild!<\/figcaption><\/figure>\n<p>Jetzt f\u00fchrte uns die Tour weiter durch das Almetal, die Alme flie\u00dft ja bekanntlich gen Paderborn. Ein f\u00fcr mich zumindest ungewohntes Bild, dass dieser Fluss fast g\u00e4nzlich ausgetrocknet uns bis PB begleitet hat. Der Alme-Radweg ist aber eine Empfehlung &#8211; sehr abwechslungsreich von der Landschaft her, mit traumhaften Ausblicken &#8211; so richtig zum relaxen, aber durchaus auch etwas anspruchsvoll was die Steuerk\u00fcnste der Radler betrifft, es gibt dazu auch einige knackige Steigungen.<\/p>\n<p>Nach einer weiteren Rast in Wewer bei km 45 gegen 14 Uhr auf einem tollen kombinierten Spiel\/Rastplatz erreichten wir Paderborn nach geradelten 50 km gegen 15 Uhr, bei bestem nicht zu toppendem Radel-Wetter. Die Westfalenbahn brachte uns dann zur\u00fcck zum Bahnhof Horn (HBM), die Uhr zeigte jetzt etwa 16 Uhr. Vom Bahnhof aus radelten wir gem\u00fctlich zum Sportplatz in Remmighausen zur\u00fcck.\u00a0 So standen am Ende des Tages dann runde 60 km auf dem Fahrradtacho der Radler! Flei\u00dfige Helfer hatten am Jugendheim schon den Grill prepariert. Mit gegrillten Steaks und W\u00fcrstchen bei einem Bier wurde dieser sch\u00f6ne Tag dann in vergr\u00f6\u00dferter Runde beschlossen.<\/p>\n","protected":false},"excerpt":{"rendered":"<p>Am Samstag, den 15. August brachte die Westfalenbahn 5 gut trainierte AH-Radler mit ihren R\u00e4dern nach Paderborn. Wir, das sind<\/p>\n","protected":false},"author":2,"featured_media":0,"comment_status":"closed","ping_status":"closed","sticky":false,"template":"","format":"standard","meta":{"colormag_page_container_layout":"default_layout","colormag_page_sidebar_layout":"default_layout","_jetpack_memberships_contains_paid_content":false,"footnotes":"","jetpack_publicize_message":"","jetpack_publicize_feature_enabled":true,"jetpack_social_post_already_shared":false,"jetpack_social_options":{"image_generator_settings":{"template":"highway","default_image_id":0,"font":"","enabled":false},"version":2}},"categories":[157],"tags":[],"class_list":["post-7837","post","type-post","status-publish","format-standard","hentry","category-archiv"],"jetpack_publicize_connections":[],"jetpack_featured_media_url":"","jetpack_sharing_enabled":true,"_links":{"self":[{"href":"https:\/\/www.tuseichholzremmighausen.de\/wordpress\/wp-json\/wp\/v2\/posts\/7837","targetHints":{"allow":["GET"]}}],"collection":[{"href":"https:\/\/www.tuseichholzremmighausen.de\/wordpress\/wp-json\/wp\/v2\/posts"}],"about":[{"href":"https:\/\/www.tuseichholzremmighausen.de\/wordpress\/wp-json\/wp\/v2\/types\/post"}],"author":[{"embeddable":true,"href":"https:\/\/www.tuseichholzremmighausen.de\/wordpress\/wp-json\/wp\/v2\/users\/2"}],"replies":[{"embeddable":true,"href":"https:\/\/www.tuseichholzremmighausen.de\/wordpress\/wp-json\/wp\/v2\/comments?post=7837"}],"version-history":[{"count":0,"href":"https:\/\/www.tuseichholzremmighausen.de\/wordpress\/wp-json\/wp\/v2\/posts\/7837\/revisions"}],"wp:attachment":[{"href":"https:\/\/www.tuseichholzremmighausen.de\/wordpress\/wp-json\/wp\/v2\/media?parent=7837"}],"wp:term":[{"taxonomy":"category","embeddable":true,"href":"https:\/\/www.tuseichholzremmighausen.de\/wordpress\/wp-json\/wp\/v2\/categories?post=7837"},{"taxonomy":"post_tag","embeddable":true,"href":"https:\/\/www.tuseichholzremmighausen.de\/wordpress\/wp-json\/wp\/v2\/tags?post=7837"}],"curies":[{"name":"wp","href":"https:\/\/api.w.org\/{rel}","templated":true}]}}