{"id":7841,"date":"2015-08-18T21:13:31","date_gmt":"2015-08-18T20:13:31","guid":{"rendered":"http:\/\/www.tuseichholzremmighausen.de\/wordpress\/?p=7841"},"modified":"2020-09-11T20:33:34","modified_gmt":"2020-09-11T18:33:34","slug":"heimpremiere-70-ertner-elf-dominiert-gegen-tura-heiden-ii","status":"publish","type":"post","link":"https:\/\/www.tuseichholzremmighausen.de\/wordpress\/archives\/7841","title":{"rendered":"Heimpremiere 7:0! Ertner-Elf dominiert gegen TuRa Heiden II"},"content":{"rendered":"<p>Nur zwei Tage nach dem Saisonauftakt in H\u00f6rste hatte die Erste Fu\u00dfballmannschaft des TuS am Dienstag Abend den TuRa Heiden II zum ersten Heimauftritt\u00a0zu Gast.<\/p>\n<figure id=\"attachment_7842\" aria-describedby=\"caption-attachment-7842\" style=\"width: 600px\" class=\"wp-caption aligncenter\"><a href=\"https:\/\/i0.wp.com\/www.tuseichholzremmighausen.de\/wordpress\/wp-content\/uploads\/2015\/08\/fb_erste_150818_01.jpg?ssl=1\"><img data-recalc-dims=\"1\" loading=\"lazy\" decoding=\"async\" data-attachment-id=\"7842\" data-permalink=\"https:\/\/www.tuseichholzremmighausen.de\/wordpress\/archives\/7841\/fb_erste_150818_01\" data-orig-file=\"https:\/\/i0.wp.com\/www.tuseichholzremmighausen.de\/wordpress\/wp-content\/uploads\/2015\/08\/fb_erste_150818_01.jpg?fit=600%2C400&amp;ssl=1\" data-orig-size=\"600,400\" data-comments-opened=\"1\" data-image-meta=\"{&quot;aperture&quot;:&quot;1.8&quot;,&quot;credit&quot;:&quot;RoGe&quot;,&quot;camera&quot;:&quot;Canon EOS 70D&quot;,&quot;caption&quot;:&quot;&quot;,&quot;created_timestamp&quot;:&quot;1439930817&quot;,&quot;copyright&quot;:&quot;RoGe2015&quot;,&quot;focal_length&quot;:&quot;85&quot;,&quot;iso&quot;:&quot;2500&quot;,&quot;shutter_speed&quot;:&quot;0.00125&quot;,&quot;title&quot;:&quot;&quot;,&quot;orientation&quot;:&quot;1&quot;}\" data-image-title=\"fb_erste_150818_01\" data-image-description=\"\" data-image-caption=\"&lt;p&gt;Starke Partie &amp;#8211; Damian schirmt das Leder ab &lt;\/p&gt;\n\" data-large-file=\"https:\/\/i0.wp.com\/www.tuseichholzremmighausen.de\/wordpress\/wp-content\/uploads\/2015\/08\/fb_erste_150818_01.jpg?fit=600%2C400&amp;ssl=1\" class=\"size-full wp-image-7842\" src=\"https:\/\/i0.wp.com\/www.tuseichholzremmighausen.de\/wordpress\/wp-content\/uploads\/2015\/08\/fb_erste_150818_01.jpg?resize=600%2C400&#038;ssl=1\" alt=\"Starke Partie - Damian schirmt das Leder ab \" width=\"600\" height=\"400\" srcset=\"https:\/\/i0.wp.com\/www.tuseichholzremmighausen.de\/wordpress\/wp-content\/uploads\/2015\/08\/fb_erste_150818_01.jpg?w=600&amp;ssl=1 600w, https:\/\/i0.wp.com\/www.tuseichholzremmighausen.de\/wordpress\/wp-content\/uploads\/2015\/08\/fb_erste_150818_01.jpg?resize=300%2C200&amp;ssl=1 300w\" sizes=\"auto, (max-width: 600px) 100vw, 600px\" \/><\/a><figcaption id=\"caption-attachment-7842\" class=\"wp-caption-text\">Starke Partie &#8211; Damian schirmt das Leder ab<\/figcaption><\/figure>\n<p>Das Ertner-Team war von Beginn an die spielbestimmende Mannschaft. Timo Tcheon, Jan Lukas und Jan Eskuchen schossen eine komfortable 3:0-Halbzeitf\u00fchrung heraus.<!--more--> Dass die Null noch Bestand hatte, war insbesondere auch Keeper Jean-Marc zu verdanken! Bravour\u00f6s heilt er einen Strafsto\u00df der G\u00e4ste, indem er das Leder zur Ecke lenkte. Nach der Pause verflachte die Partie. Viel spielte sich im Mittelfeld ab, kaum Torgelegenheiten auf beiden Seiten. Die letzten zehn Minuten hatten es dann wieder in sich! Dominik Klare (81. und 86.), Jannik Rother (84.), sowie Timo Tcheon zwei Minuten vor Schluss erzielten die vier weiteren Treffer zum klaren 7:0-Endstand.<\/p>\n","protected":false},"excerpt":{"rendered":"<p>Nur zwei Tage nach dem Saisonauftakt in H\u00f6rste hatte die Erste Fu\u00dfballmannschaft des TuS am Dienstag Abend den TuRa Heiden<\/p>\n","protected":false},"author":16,"featured_media":0,"comment_status":"open","ping_status":"open","sticky":false,"template":"","format":"standard","meta":{"colormag_page_container_layout":"default_layout","colormag_page_sidebar_layout":"default_layout","_jetpack_memberships_contains_paid_content":false,"footnotes":"","jetpack_publicize_message":"","jetpack_publicize_feature_enabled":true,"jetpack_social_post_already_shared":false,"jetpack_social_options":{"image_generator_settings":{"template":"highway","default_image_id":0,"font":"","enabled":false},"version":2}},"categories":[157],"tags":[],"class_list":["post-7841","post","type-post","status-publish","format-standard","hentry","category-archiv"],"jetpack_publicize_connections":[],"jetpack_featured_media_url":"","jetpack_sharing_enabled":true,"_links":{"self":[{"href":"https:\/\/www.tuseichholzremmighausen.de\/wordpress\/wp-json\/wp\/v2\/posts\/7841","targetHints":{"allow":["GET"]}}],"collection":[{"href":"https:\/\/www.tuseichholzremmighausen.de\/wordpress\/wp-json\/wp\/v2\/posts"}],"about":[{"href":"https:\/\/www.tuseichholzremmighausen.de\/wordpress\/wp-json\/wp\/v2\/types\/post"}],"author":[{"embeddable":true,"href":"https:\/\/www.tuseichholzremmighausen.de\/wordpress\/wp-json\/wp\/v2\/users\/16"}],"replies":[{"embeddable":true,"href":"https:\/\/www.tuseichholzremmighausen.de\/wordpress\/wp-json\/wp\/v2\/comments?post=7841"}],"version-history":[{"count":0,"href":"https:\/\/www.tuseichholzremmighausen.de\/wordpress\/wp-json\/wp\/v2\/posts\/7841\/revisions"}],"wp:attachment":[{"href":"https:\/\/www.tuseichholzremmighausen.de\/wordpress\/wp-json\/wp\/v2\/media?parent=7841"}],"wp:term":[{"taxonomy":"category","embeddable":true,"href":"https:\/\/www.tuseichholzremmighausen.de\/wordpress\/wp-json\/wp\/v2\/categories?post=7841"},{"taxonomy":"post_tag","embeddable":true,"href":"https:\/\/www.tuseichholzremmighausen.de\/wordpress\/wp-json\/wp\/v2\/tags?post=7841"}],"curies":[{"name":"wp","href":"https:\/\/api.w.org\/{rel}","templated":true}]}}