{"id":7981,"date":"2015-09-13T19:12:29","date_gmt":"2015-09-13T18:12:29","guid":{"rendered":"http:\/\/www.tuseichholzremmighausen.de\/wordpress\/?p=7981"},"modified":"2020-09-11T20:33:33","modified_gmt":"2020-09-11T18:33:33","slug":"frauen-21-in-asemissen-zweite-gewinnt-zu-hause-71","status":"publish","type":"post","link":"https:\/\/www.tuseichholzremmighausen.de\/wordpress\/archives\/7981","title":{"rendered":"Frauen 2:1 in Asemissen &#8211; Zweite gewinnt zu Hause 7:1"},"content":{"rendered":"<p>Nachdem der Nachwuchs am heutigen Sonntag nicht punkten konnte, musste\u00a0die Erste eine Schlappe hinnehmen&#8230; nach zuletzt durchweg guten Leistungen setzte es eine 2:4-Ausw\u00e4rtsniederlage bei Post TSV Detmold II.<\/p>\n<figure id=\"attachment_7982\" aria-describedby=\"caption-attachment-7982\" style=\"width: 600px\" class=\"wp-caption aligncenter\"><a href=\"https:\/\/i0.wp.com\/www.tuseichholzremmighausen.de\/wordpress\/wp-content\/uploads\/2015\/09\/fb_erste_150913_01.jpg?ssl=1\"><img data-recalc-dims=\"1\" loading=\"lazy\" decoding=\"async\" data-attachment-id=\"7982\" data-permalink=\"https:\/\/www.tuseichholzremmighausen.de\/wordpress\/archives\/7981\/fb_erste_150913_01\" data-orig-file=\"https:\/\/i0.wp.com\/www.tuseichholzremmighausen.de\/wordpress\/wp-content\/uploads\/2015\/09\/fb_erste_150913_01.jpg?fit=600%2C399&amp;ssl=1\" data-orig-size=\"600,399\" data-comments-opened=\"0\" data-image-meta=\"{&quot;aperture&quot;:&quot;4&quot;,&quot;credit&quot;:&quot;Rolf Gehrke&quot;,&quot;camera&quot;:&quot;Canon EOS 70D&quot;,&quot;caption&quot;:&quot;&quot;,&quot;created_timestamp&quot;:&quot;1442154965&quot;,&quot;copyright&quot;:&quot;Rolf Gehrke 2015&quot;,&quot;focal_length&quot;:&quot;84&quot;,&quot;iso&quot;:&quot;640&quot;,&quot;shutter_speed&quot;:&quot;0.000625&quot;,&quot;title&quot;:&quot;&quot;,&quot;orientation&quot;:&quot;1&quot;}\" data-image-title=\"fb_erste_150913_01\" data-image-description=\"\" data-image-caption=\"&lt;p&gt;Timo im rassigen Kopfballduell mit seinem st\u00e4ndigen Widersacher&lt;\/p&gt;\n\" data-large-file=\"https:\/\/i0.wp.com\/www.tuseichholzremmighausen.de\/wordpress\/wp-content\/uploads\/2015\/09\/fb_erste_150913_01.jpg?fit=600%2C399&amp;ssl=1\" class=\"size-full wp-image-7982\" src=\"https:\/\/i0.wp.com\/www.tuseichholzremmighausen.de\/wordpress\/wp-content\/uploads\/2015\/09\/fb_erste_150913_01.jpg?resize=600%2C399&#038;ssl=1\" alt=\"Timo im rassigen Kopfballduell mit seinem st\u00e4ndigen Widersacher\" width=\"600\" height=\"399\" srcset=\"https:\/\/i0.wp.com\/www.tuseichholzremmighausen.de\/wordpress\/wp-content\/uploads\/2015\/09\/fb_erste_150913_01.jpg?w=600&amp;ssl=1 600w, https:\/\/i0.wp.com\/www.tuseichholzremmighausen.de\/wordpress\/wp-content\/uploads\/2015\/09\/fb_erste_150913_01.jpg?resize=300%2C200&amp;ssl=1 300w\" sizes=\"auto, (max-width: 600px) 100vw, 600px\" \/><\/a><figcaption id=\"caption-attachment-7982\" class=\"wp-caption-text\">Timo im rassigen Kopfballduell mit seinem st\u00e4ndigen Widersacher<\/figcaption><\/figure>\n<p>Das Doppelpack von Sven Albrecht reichte nur zur Ergebniskosmetik. <strong>Im Heimspiel der Zweiten Mannschaft<\/strong> sahen die begeisterten Anh\u00e4nger des TuS ein 7:1 gegen die SG Belle-Cappel-Reelkirchen III.<!--more--> Die mit einigen Altmeistern und lippischen Fu\u00dfball Legenden gespickte Mannschaft lie\u00df den G\u00e4sten aus dem\u00a0H\u00fcgelland keine Chance. \u00a0<strong>Zum Abschluss\u00a0des heutigen Spieltages<\/strong> gelang\u00a0den Frauen\u00a0mit einem 2:1-Sieg beim TuS Asemissen II eine faustdicke \u00dcberraschung! Sah es nach einigen Absagen noch am Morgen so aus,\u00a0dass die Frauen als Kanonenfutter zum TuS Asemissen fahren mussten, boten sie eine wahre Energieleistung. \u00dcberlegen und spielbestimmend gaben die Gr\u00fcn-Wei\u00dfen den Ton an.\u00a0Kurz vor der Pause markierte Nicole Sch\u00e4fermeier das 1:0. Ein sicher von Latsamy\u00a0verwandelter Elfer brachte die zwischenzeitliche\u00a02:0-F\u00fchrung, ehe\u00a0Asemissen\u00a0f\u00fcnf Minuten vor Schluss zum Anschlusstreffer kam.\u00a0Ein verdienter Sieg, der dem Team sicher Auftrieb f\u00fcr die kommenden Aufgaben geben wird.<\/p>\n","protected":false},"excerpt":{"rendered":"<p>Nachdem der Nachwuchs am heutigen Sonntag nicht punkten konnte, musste\u00a0die Erste eine Schlappe hinnehmen&#8230; nach zuletzt durchweg guten Leistungen setzte<\/p>\n","protected":false},"author":16,"featured_media":0,"comment_status":"closed","ping_status":"open","sticky":false,"template":"","format":"standard","meta":{"colormag_page_container_layout":"default_layout","colormag_page_sidebar_layout":"default_layout","_jetpack_memberships_contains_paid_content":false,"footnotes":"","jetpack_publicize_message":"","jetpack_publicize_feature_enabled":true,"jetpack_social_post_already_shared":false,"jetpack_social_options":{"image_generator_settings":{"template":"highway","default_image_id":0,"font":"","enabled":false},"version":2}},"categories":[157],"tags":[],"class_list":["post-7981","post","type-post","status-publish","format-standard","hentry","category-archiv"],"jetpack_publicize_connections":[],"jetpack_featured_media_url":"","jetpack_sharing_enabled":true,"_links":{"self":[{"href":"https:\/\/www.tuseichholzremmighausen.de\/wordpress\/wp-json\/wp\/v2\/posts\/7981","targetHints":{"allow":["GET"]}}],"collection":[{"href":"https:\/\/www.tuseichholzremmighausen.de\/wordpress\/wp-json\/wp\/v2\/posts"}],"about":[{"href":"https:\/\/www.tuseichholzremmighausen.de\/wordpress\/wp-json\/wp\/v2\/types\/post"}],"author":[{"embeddable":true,"href":"https:\/\/www.tuseichholzremmighausen.de\/wordpress\/wp-json\/wp\/v2\/users\/16"}],"replies":[{"embeddable":true,"href":"https:\/\/www.tuseichholzremmighausen.de\/wordpress\/wp-json\/wp\/v2\/comments?post=7981"}],"version-history":[{"count":0,"href":"https:\/\/www.tuseichholzremmighausen.de\/wordpress\/wp-json\/wp\/v2\/posts\/7981\/revisions"}],"wp:attachment":[{"href":"https:\/\/www.tuseichholzremmighausen.de\/wordpress\/wp-json\/wp\/v2\/media?parent=7981"}],"wp:term":[{"taxonomy":"category","embeddable":true,"href":"https:\/\/www.tuseichholzremmighausen.de\/wordpress\/wp-json\/wp\/v2\/categories?post=7981"},{"taxonomy":"post_tag","embeddable":true,"href":"https:\/\/www.tuseichholzremmighausen.de\/wordpress\/wp-json\/wp\/v2\/tags?post=7981"}],"curies":[{"name":"wp","href":"https:\/\/api.w.org\/{rel}","templated":true}]}}