{"id":7983,"date":"2015-09-15T16:43:55","date_gmt":"2015-09-15T15:43:55","guid":{"rendered":"http:\/\/www.tuseichholzremmighausen.de\/wordpress\/?p=7983"},"modified":"2020-09-11T20:33:33","modified_gmt":"2020-09-11T18:33:33","slug":"ue60-lipper-hochalpin-teil-iii","status":"publish","type":"post","link":"https:\/\/www.tuseichholzremmighausen.de\/wordpress\/archives\/7983","title":{"rendered":"\u00fc60 Lipper hochalpin Teil III"},"content":{"rendered":"<p><strong>Alle Jahre wieder!<\/strong><\/p>\n<figure id=\"attachment_7984\" aria-describedby=\"caption-attachment-7984\" style=\"width: 295px\" class=\"wp-caption alignleft\"><a href=\"https:\/\/i0.wp.com\/www.tuseichholzremmighausen.de\/wordpress\/wp-content\/uploads\/2015\/09\/fb_ah_EL_01.jpg?ssl=1\"><img data-recalc-dims=\"1\" loading=\"lazy\" decoding=\"async\" data-attachment-id=\"7984\" data-permalink=\"https:\/\/www.tuseichholzremmighausen.de\/wordpress\/archives\/7983\/fb_ah_el_01\" data-orig-file=\"https:\/\/i0.wp.com\/www.tuseichholzremmighausen.de\/wordpress\/wp-content\/uploads\/2015\/09\/fb_ah_EL_01.jpg?fit=295%2C295&amp;ssl=1\" data-orig-size=\"295,295\" data-comments-opened=\"0\" data-image-meta=\"{&quot;aperture&quot;:&quot;3.5&quot;,&quot;credit&quot;:&quot;&quot;,&quot;camera&quot;:&quot;NIKON D90&quot;,&quot;caption&quot;:&quot;&quot;,&quot;created_timestamp&quot;:&quot;1442330872&quot;,&quot;copyright&quot;:&quot;&quot;,&quot;focal_length&quot;:&quot;35&quot;,&quot;iso&quot;:&quot;1000&quot;,&quot;shutter_speed&quot;:&quot;0.00499999&quot;,&quot;title&quot;:&quot;&quot;,&quot;orientation&quot;:&quot;1&quot;}\" data-image-title=\"fb_ah_EL_01\" data-image-description=\"\" data-image-caption=\"&lt;p&gt;Fritz und Erwin&lt;\/p&gt;\n\" data-large-file=\"https:\/\/i0.wp.com\/www.tuseichholzremmighausen.de\/wordpress\/wp-content\/uploads\/2015\/09\/fb_ah_EL_01.jpg?fit=295%2C295&amp;ssl=1\" class=\"size-full wp-image-7984\" src=\"https:\/\/i0.wp.com\/www.tuseichholzremmighausen.de\/wordpress\/wp-content\/uploads\/2015\/09\/fb_ah_EL_01.jpg?resize=295%2C295&#038;ssl=1\" alt=\"Fritz und Erwin\" width=\"295\" height=\"295\" srcset=\"https:\/\/i0.wp.com\/www.tuseichholzremmighausen.de\/wordpress\/wp-content\/uploads\/2015\/09\/fb_ah_EL_01.jpg?w=295&amp;ssl=1 295w, https:\/\/i0.wp.com\/www.tuseichholzremmighausen.de\/wordpress\/wp-content\/uploads\/2015\/09\/fb_ah_EL_01.jpg?resize=100%2C100&amp;ssl=1 100w, https:\/\/i0.wp.com\/www.tuseichholzremmighausen.de\/wordpress\/wp-content\/uploads\/2015\/09\/fb_ah_EL_01.jpg?resize=150%2C150&amp;ssl=1 150w\" sizes=\"auto, (max-width: 295px) 100vw, 295px\" \/><\/a><figcaption id=\"caption-attachment-7984\" class=\"wp-caption-text\">Fritz und Erwin<\/figcaption><\/figure>\n<p>Zwei mittelr\u00fcstige Rentner wandern auch im Jahr 2015 wieder im Hochgebirge. Morgens um 5:00 Uhr startete man zu einer etwa 7 1\/2 Stunden dauernden Fahrt mit dem PKW in die Tiroler Alpen.<\/p>\n<p>&nbsp;<\/p>\n<p>&nbsp;<\/p>\n<p>&nbsp;<\/p>\n<p>&nbsp;<\/p>\n<p>&nbsp;<\/p>\n<p>TuS AH-Mitglied Erwin Linnebr\u00fcgge und sein langj\u00e4hriger Wanderkumpel Fritz Trachte vom TuS Almena hatten sich das \u00d6rtchen Z\u00f6blen als Quartier ausgesucht. Im Triendlhof war Erwin bekannt.<\/p>\n<figure id=\"attachment_7985\" aria-describedby=\"caption-attachment-7985\" style=\"width: 600px\" class=\"wp-caption alignleft\"><a href=\"https:\/\/i0.wp.com\/www.tuseichholzremmighausen.de\/wordpress\/wp-content\/uploads\/2015\/09\/fb_ah_EL_02.jpg?ssl=1\"><img data-recalc-dims=\"1\" loading=\"lazy\" decoding=\"async\" data-attachment-id=\"7985\" data-permalink=\"https:\/\/www.tuseichholzremmighausen.de\/wordpress\/archives\/7983\/fb_ah_el_02\" data-orig-file=\"https:\/\/i0.wp.com\/www.tuseichholzremmighausen.de\/wordpress\/wp-content\/uploads\/2015\/09\/fb_ah_EL_02.jpg?fit=600%2C400&amp;ssl=1\" data-orig-size=\"600,400\" data-comments-opened=\"0\" data-image-meta=\"{&quot;aperture&quot;:&quot;3.5&quot;,&quot;credit&quot;:&quot;&quot;,&quot;camera&quot;:&quot;NIKON D90&quot;,&quot;caption&quot;:&quot;&quot;,&quot;created_timestamp&quot;:&quot;1442330837&quot;,&quot;copyright&quot;:&quot;&quot;,&quot;focal_length&quot;:&quot;35&quot;,&quot;iso&quot;:&quot;1000&quot;,&quot;shutter_speed&quot;:&quot;0.00249999&quot;,&quot;title&quot;:&quot;&quot;,&quot;orientation&quot;:&quot;1&quot;}\" data-image-title=\"fb_ah_EL_02\" data-image-description=\"\" data-image-caption=\"&lt;p&gt;Gipfelkreuz &amp;#8211; gut besucht!&lt;\/p&gt;\n\" data-large-file=\"https:\/\/i0.wp.com\/www.tuseichholzremmighausen.de\/wordpress\/wp-content\/uploads\/2015\/09\/fb_ah_EL_02.jpg?fit=600%2C400&amp;ssl=1\" class=\"size-full wp-image-7985\" src=\"https:\/\/i0.wp.com\/www.tuseichholzremmighausen.de\/wordpress\/wp-content\/uploads\/2015\/09\/fb_ah_EL_02.jpg?resize=600%2C400&#038;ssl=1\" alt=\"Gipfelkreuz\" width=\"600\" height=\"400\" srcset=\"https:\/\/i0.wp.com\/www.tuseichholzremmighausen.de\/wordpress\/wp-content\/uploads\/2015\/09\/fb_ah_EL_02.jpg?w=600&amp;ssl=1 600w, https:\/\/i0.wp.com\/www.tuseichholzremmighausen.de\/wordpress\/wp-content\/uploads\/2015\/09\/fb_ah_EL_02.jpg?resize=300%2C200&amp;ssl=1 300w\" sizes=\"auto, (max-width: 600px) 100vw, 600px\" \/><\/a><figcaption id=\"caption-attachment-7985\" class=\"wp-caption-text\">Gipfelkreuz &#8211; gut besucht!<\/figcaption><\/figure>\n<p>&nbsp;<\/p>\n<p>&nbsp;<\/p>\n<p>Nun aber zum Wandern, Wandern, Wandern &#8230;.. ! Ziele waren unter anderem die Gipfel Wannenjoch, Bschie\u00dfer, Rohnenspitze, Ponten, Gei\u00dfhorn und Aggenstein &#8211; dies alles bei 35\u00b0 C im Schatten!<\/p>\n<figure id=\"attachment_7986\" aria-describedby=\"caption-attachment-7986\" style=\"width: 600px\" class=\"wp-caption alignleft\"><a href=\"https:\/\/i0.wp.com\/www.tuseichholzremmighausen.de\/wordpress\/wp-content\/uploads\/2015\/09\/fb_ah_EL_03.jpg?ssl=1\"><img data-recalc-dims=\"1\" loading=\"lazy\" decoding=\"async\" data-attachment-id=\"7986\" data-permalink=\"https:\/\/www.tuseichholzremmighausen.de\/wordpress\/archives\/7983\/fb_ah_el_03\" data-orig-file=\"https:\/\/i0.wp.com\/www.tuseichholzremmighausen.de\/wordpress\/wp-content\/uploads\/2015\/09\/fb_ah_EL_03.jpg?fit=600%2C400&amp;ssl=1\" data-orig-size=\"600,400\" data-comments-opened=\"0\" data-image-meta=\"{&quot;aperture&quot;:&quot;3.5&quot;,&quot;credit&quot;:&quot;&quot;,&quot;camera&quot;:&quot;NIKON D90&quot;,&quot;caption&quot;:&quot;&quot;,&quot;created_timestamp&quot;:&quot;1442330736&quot;,&quot;copyright&quot;:&quot;&quot;,&quot;focal_length&quot;:&quot;35&quot;,&quot;iso&quot;:&quot;1000&quot;,&quot;shutter_speed&quot;:&quot;0.008&quot;,&quot;title&quot;:&quot;&quot;,&quot;orientation&quot;:&quot;1&quot;}\" data-image-title=\"fb_ah_EL_03\" data-image-description=\"\" data-image-caption=\"&lt;p&gt;Erwin vor gro\u00dfartiger Bergkulisse&lt;\/p&gt;\n\" data-large-file=\"https:\/\/i0.wp.com\/www.tuseichholzremmighausen.de\/wordpress\/wp-content\/uploads\/2015\/09\/fb_ah_EL_03.jpg?fit=600%2C400&amp;ssl=1\" class=\"size-full wp-image-7986\" src=\"https:\/\/i0.wp.com\/www.tuseichholzremmighausen.de\/wordpress\/wp-content\/uploads\/2015\/09\/fb_ah_EL_03.jpg?resize=600%2C400&#038;ssl=1\" alt=\"Bergkulisse\" width=\"600\" height=\"400\" srcset=\"https:\/\/i0.wp.com\/www.tuseichholzremmighausen.de\/wordpress\/wp-content\/uploads\/2015\/09\/fb_ah_EL_03.jpg?w=600&amp;ssl=1 600w, https:\/\/i0.wp.com\/www.tuseichholzremmighausen.de\/wordpress\/wp-content\/uploads\/2015\/09\/fb_ah_EL_03.jpg?resize=300%2C200&amp;ssl=1 300w\" sizes=\"auto, (max-width: 600px) 100vw, 600px\" \/><\/a><figcaption id=\"caption-attachment-7986\" class=\"wp-caption-text\">Erwin vor gro\u00dfartiger Bergkulisse<\/figcaption><\/figure>\n<p>Jeden Tag waren etwa 1100-1300 H\u00f6henmeter zu \u00fcberwinden, da war Rucksack-verpflegung angesagt. Ohne gro\u00dfe Blessuren traten &#8222;Die Zwei&#8220; dann eine Woche sp\u00e4ter die Heimfahrt an.<\/p>\n<figure id=\"attachment_7988\" aria-describedby=\"caption-attachment-7988\" style=\"width: 600px\" class=\"wp-caption alignleft\"><a href=\"https:\/\/i0.wp.com\/www.tuseichholzremmighausen.de\/wordpress\/wp-content\/uploads\/2015\/09\/fb_ah_EL_04.jpg?ssl=1\"><img data-recalc-dims=\"1\" loading=\"lazy\" decoding=\"async\" data-attachment-id=\"7988\" data-permalink=\"https:\/\/www.tuseichholzremmighausen.de\/wordpress\/archives\/7983\/fb_ah_el_04\" data-orig-file=\"https:\/\/i0.wp.com\/www.tuseichholzremmighausen.de\/wordpress\/wp-content\/uploads\/2015\/09\/fb_ah_EL_04.jpg?fit=600%2C399&amp;ssl=1\" data-orig-size=\"600,399\" data-comments-opened=\"0\" data-image-meta=\"{&quot;aperture&quot;:&quot;3.5&quot;,&quot;credit&quot;:&quot;&quot;,&quot;camera&quot;:&quot;NIKON D90&quot;,&quot;caption&quot;:&quot;&quot;,&quot;created_timestamp&quot;:&quot;1442330850&quot;,&quot;copyright&quot;:&quot;&quot;,&quot;focal_length&quot;:&quot;35&quot;,&quot;iso&quot;:&quot;1000&quot;,&quot;shutter_speed&quot;:&quot;0.00312499&quot;,&quot;title&quot;:&quot;&quot;,&quot;orientation&quot;:&quot;1&quot;}\" data-image-title=\"fb_ah_EL_04\" data-image-description=\"\" data-image-caption=\"&lt;p&gt;Sch\u00f6ner Blick auf kleine Kapelle&lt;\/p&gt;\n\" data-large-file=\"https:\/\/i0.wp.com\/www.tuseichholzremmighausen.de\/wordpress\/wp-content\/uploads\/2015\/09\/fb_ah_EL_04.jpg?fit=600%2C399&amp;ssl=1\" class=\"size-full wp-image-7988\" src=\"https:\/\/i0.wp.com\/www.tuseichholzremmighausen.de\/wordpress\/wp-content\/uploads\/2015\/09\/fb_ah_EL_04.jpg?resize=600%2C399&#038;ssl=1\" alt=\"Kapelle\" width=\"600\" height=\"399\" srcset=\"https:\/\/i0.wp.com\/www.tuseichholzremmighausen.de\/wordpress\/wp-content\/uploads\/2015\/09\/fb_ah_EL_04.jpg?w=600&amp;ssl=1 600w, https:\/\/i0.wp.com\/www.tuseichholzremmighausen.de\/wordpress\/wp-content\/uploads\/2015\/09\/fb_ah_EL_04.jpg?resize=300%2C200&amp;ssl=1 300w\" sizes=\"auto, (max-width: 600px) 100vw, 600px\" \/><\/a><figcaption id=\"caption-attachment-7988\" class=\"wp-caption-text\">Sch\u00f6ner Blick auf kleine Kapelle<\/figcaption><\/figure>\n<p>Hier noch der Verweis auf die fr\u00fcheren Touren: <a href=\"https:\/\/www.tuseichholzremmighausen.de\/wordpress\/archives\/7123\">Hochalpin Teil II<\/a> und <a href=\"https:\/\/www.tuseichholzremmighausen.de\/wordpress\/archives\/4325\">Hochalpin Teil I<\/a><\/p>\n","protected":false},"excerpt":{"rendered":"<p>Alle Jahre wieder! Zwei mittelr\u00fcstige Rentner wandern auch im Jahr 2015 wieder im Hochgebirge. Morgens um 5:00 Uhr startete man<\/p>\n","protected":false},"author":46,"featured_media":0,"comment_status":"closed","ping_status":"open","sticky":false,"template":"","format":"standard","meta":{"colormag_page_container_layout":"default_layout","colormag_page_sidebar_layout":"default_layout","_jetpack_memberships_contains_paid_content":false,"footnotes":"","jetpack_publicize_message":"","jetpack_publicize_feature_enabled":true,"jetpack_social_post_already_shared":false,"jetpack_social_options":{"image_generator_settings":{"template":"highway","default_image_id":0,"font":"","enabled":false},"version":2}},"categories":[157],"tags":[],"class_list":["post-7983","post","type-post","status-publish","format-standard","hentry","category-archiv"],"jetpack_publicize_connections":[],"jetpack_featured_media_url":"","jetpack_sharing_enabled":true,"_links":{"self":[{"href":"https:\/\/www.tuseichholzremmighausen.de\/wordpress\/wp-json\/wp\/v2\/posts\/7983","targetHints":{"allow":["GET"]}}],"collection":[{"href":"https:\/\/www.tuseichholzremmighausen.de\/wordpress\/wp-json\/wp\/v2\/posts"}],"about":[{"href":"https:\/\/www.tuseichholzremmighausen.de\/wordpress\/wp-json\/wp\/v2\/types\/post"}],"author":[{"embeddable":true,"href":"https:\/\/www.tuseichholzremmighausen.de\/wordpress\/wp-json\/wp\/v2\/users\/46"}],"replies":[{"embeddable":true,"href":"https:\/\/www.tuseichholzremmighausen.de\/wordpress\/wp-json\/wp\/v2\/comments?post=7983"}],"version-history":[{"count":0,"href":"https:\/\/www.tuseichholzremmighausen.de\/wordpress\/wp-json\/wp\/v2\/posts\/7983\/revisions"}],"wp:attachment":[{"href":"https:\/\/www.tuseichholzremmighausen.de\/wordpress\/wp-json\/wp\/v2\/media?parent=7983"}],"wp:term":[{"taxonomy":"category","embeddable":true,"href":"https:\/\/www.tuseichholzremmighausen.de\/wordpress\/wp-json\/wp\/v2\/categories?post=7983"},{"taxonomy":"post_tag","embeddable":true,"href":"https:\/\/www.tuseichholzremmighausen.de\/wordpress\/wp-json\/wp\/v2\/tags?post=7983"}],"curies":[{"name":"wp","href":"https:\/\/api.w.org\/{rel}","templated":true}]}}