{"id":8004,"date":"2015-09-20T20:12:33","date_gmt":"2015-09-20T19:12:33","guid":{"rendered":"http:\/\/www.tuseichholzremmighausen.de\/wordpress\/?p=8004"},"modified":"2020-09-11T20:33:33","modified_gmt":"2020-09-11T18:33:33","slug":"keine-punkte-fuer-die-fussballmaenner","status":"publish","type":"post","link":"https:\/\/www.tuseichholzremmighausen.de\/wordpress\/archives\/8004","title":{"rendered":"Keine Punkte f\u00fcr die Fussballm\u00e4nner"},"content":{"rendered":"<figure id=\"attachment_8006\" aria-describedby=\"caption-attachment-8006\" style=\"width: 600px\" class=\"wp-caption alignnone\"><a href=\"https:\/\/i0.wp.com\/www.tuseichholzremmighausen.de\/wordpress\/wp-content\/uploads\/2015\/09\/fb_erste_150920_02.jpg?ssl=1\"><img data-recalc-dims=\"1\" loading=\"lazy\" decoding=\"async\" data-attachment-id=\"8006\" data-permalink=\"https:\/\/www.tuseichholzremmighausen.de\/wordpress\/archives\/8004\/fb_erste_150920_02\" data-orig-file=\"https:\/\/i0.wp.com\/www.tuseichholzremmighausen.de\/wordpress\/wp-content\/uploads\/2015\/09\/fb_erste_150920_02.jpg?fit=600%2C398&amp;ssl=1\" data-orig-size=\"600,398\" data-comments-opened=\"0\" data-image-meta=\"{&quot;aperture&quot;:&quot;5&quot;,&quot;credit&quot;:&quot;Rolf Gehrke&quot;,&quot;camera&quot;:&quot;Canon EOS 70D&quot;,&quot;caption&quot;:&quot;&quot;,&quot;created_timestamp&quot;:&quot;1442764595&quot;,&quot;copyright&quot;:&quot;Rolf Gehrke 2015&quot;,&quot;focal_length&quot;:&quot;91&quot;,&quot;iso&quot;:&quot;400&quot;,&quot;shutter_speed&quot;:&quot;0.0005&quot;,&quot;title&quot;:&quot;&quot;,&quot;orientation&quot;:&quot;1&quot;}\" data-image-title=\"fb_erste_150920_02\" data-image-description=\"\" data-image-caption=\"&lt;p&gt;Torsch\u00fctze zum zwischenzeitlichen 1:1 &amp;#8211; Vincenzo Gaeta&lt;\/p&gt;\n\" data-large-file=\"https:\/\/i0.wp.com\/www.tuseichholzremmighausen.de\/wordpress\/wp-content\/uploads\/2015\/09\/fb_erste_150920_02.jpg?fit=600%2C398&amp;ssl=1\" class=\"size-full wp-image-8006\" src=\"https:\/\/i0.wp.com\/www.tuseichholzremmighausen.de\/wordpress\/wp-content\/uploads\/2015\/09\/fb_erste_150920_02.jpg?resize=600%2C398&#038;ssl=1\" alt=\"Torsch\u00fctze zum zwischenzeitlichen 1:1 - Vincenzo Gaeta\" width=\"600\" height=\"398\" srcset=\"https:\/\/i0.wp.com\/www.tuseichholzremmighausen.de\/wordpress\/wp-content\/uploads\/2015\/09\/fb_erste_150920_02.jpg?w=600&amp;ssl=1 600w, https:\/\/i0.wp.com\/www.tuseichholzremmighausen.de\/wordpress\/wp-content\/uploads\/2015\/09\/fb_erste_150920_02.jpg?resize=300%2C199&amp;ssl=1 300w\" sizes=\"auto, (max-width: 600px) 100vw, 600px\" \/><\/a><figcaption id=\"caption-attachment-8006\" class=\"wp-caption-text\">Torsch\u00fctze zum zwischenzeitlichen 1:1 &#8211; Vincenzo Gaeta<\/figcaption><\/figure>\n<p><strong>Im Spitzenspiel der Kreisliga B hatte\u00a0der TuS heute den BSV M\u00fcssen zu Gast.<\/strong><\/p>\n<p>Bereits in der 18. Spielminute gingen die spielstarken G\u00e4ste in F\u00fchrung. Neuzugang Vincenzo Gaeta erzielte in der 76. Minute den Ausgleich.<!--more--> Mit der erneuten F\u00fchrung\u00a0in der Folgeminute\u00a0brachen die G\u00e4ste den Kampfgeist der Eichholzer.<\/p>\n<figure id=\"attachment_8005\" aria-describedby=\"caption-attachment-8005\" style=\"width: 400px\" class=\"wp-caption alignnone\"><a href=\"https:\/\/i0.wp.com\/www.tuseichholzremmighausen.de\/wordpress\/wp-content\/uploads\/2015\/09\/fb_erste_150920_01.jpg?ssl=1\"><img data-recalc-dims=\"1\" loading=\"lazy\" decoding=\"async\" data-attachment-id=\"8005\" data-permalink=\"https:\/\/www.tuseichholzremmighausen.de\/wordpress\/archives\/8004\/fb_erste_150920_01\" data-orig-file=\"https:\/\/i0.wp.com\/www.tuseichholzremmighausen.de\/wordpress\/wp-content\/uploads\/2015\/09\/fb_erste_150920_01.jpg?fit=400%2C602&amp;ssl=1\" data-orig-size=\"400,602\" data-comments-opened=\"0\" data-image-meta=\"{&quot;aperture&quot;:&quot;4&quot;,&quot;credit&quot;:&quot;Rolf Gehrke&quot;,&quot;camera&quot;:&quot;Canon EOS 70D&quot;,&quot;caption&quot;:&quot;&quot;,&quot;created_timestamp&quot;:&quot;1442764244&quot;,&quot;copyright&quot;:&quot;Rolf Gehrke 2015&quot;,&quot;focal_length&quot;:&quot;70&quot;,&quot;iso&quot;:&quot;500&quot;,&quot;shutter_speed&quot;:&quot;0.0005&quot;,&quot;title&quot;:&quot;&quot;,&quot;orientation&quot;:&quot;1&quot;}\" data-image-title=\"fb_erste_150920_01\" data-image-description=\"\" data-image-caption=\"&lt;p&gt;Steigt im richtigen Moment hoch &amp;#8211; Jan E. ignoriert den kleinen Schubser &lt;\/p&gt;\n\" data-large-file=\"https:\/\/i0.wp.com\/www.tuseichholzremmighausen.de\/wordpress\/wp-content\/uploads\/2015\/09\/fb_erste_150920_01.jpg?fit=400%2C602&amp;ssl=1\" class=\"size-full wp-image-8005\" src=\"https:\/\/i0.wp.com\/www.tuseichholzremmighausen.de\/wordpress\/wp-content\/uploads\/2015\/09\/fb_erste_150920_01.jpg?resize=400%2C602&#038;ssl=1\" alt=\"Steigt im richtigen Moment hoch - Jan E. ignoriert den kleinen Schubser \" width=\"400\" height=\"602\" srcset=\"https:\/\/i0.wp.com\/www.tuseichholzremmighausen.de\/wordpress\/wp-content\/uploads\/2015\/09\/fb_erste_150920_01.jpg?w=400&amp;ssl=1 400w, https:\/\/i0.wp.com\/www.tuseichholzremmighausen.de\/wordpress\/wp-content\/uploads\/2015\/09\/fb_erste_150920_01.jpg?resize=199%2C300&amp;ssl=1 199w\" sizes=\"auto, (max-width: 400px) 100vw, 400px\" \/><\/a><figcaption id=\"caption-attachment-8005\" class=\"wp-caption-text\">Steigt im richtigen Moment hoch &#8211; Jan E. ignoriert den kleinen Schubser<\/figcaption><\/figure>\n<p>Acht Minuten vor Schluss musste die Ertner-Elf gar noch das 1:3 hinnehmen, und f\u00e4llt damit auf Rang 7\u00a0in der Tabelle\u00a0zur\u00fcck.\u00a0 Unsere\u00a0zweite Mannschaft hatte\u00a0ein ganz schweres Los bei der SG Belle-Cappel-Reelkirchen II. Mit sage und Schreibe 0:7 musste das Team die Heimreise aus Belle antreten, und belegt nun Platz 11 in der aktuellen Tabelle.<\/p>\n","protected":false},"excerpt":{"rendered":"<p>Im Spitzenspiel der Kreisliga B hatte\u00a0der TuS heute den BSV M\u00fcssen zu Gast. Bereits in der 18. Spielminute gingen die<\/p>\n","protected":false},"author":16,"featured_media":0,"comment_status":"closed","ping_status":"open","sticky":false,"template":"","format":"standard","meta":{"colormag_page_container_layout":"default_layout","colormag_page_sidebar_layout":"default_layout","_jetpack_memberships_contains_paid_content":false,"footnotes":"","jetpack_publicize_message":"","jetpack_publicize_feature_enabled":true,"jetpack_social_post_already_shared":false,"jetpack_social_options":{"image_generator_settings":{"template":"highway","default_image_id":0,"font":"","enabled":false},"version":2}},"categories":[157],"tags":[],"class_list":["post-8004","post","type-post","status-publish","format-standard","hentry","category-archiv"],"jetpack_publicize_connections":[],"jetpack_featured_media_url":"","jetpack_sharing_enabled":true,"_links":{"self":[{"href":"https:\/\/www.tuseichholzremmighausen.de\/wordpress\/wp-json\/wp\/v2\/posts\/8004","targetHints":{"allow":["GET"]}}],"collection":[{"href":"https:\/\/www.tuseichholzremmighausen.de\/wordpress\/wp-json\/wp\/v2\/posts"}],"about":[{"href":"https:\/\/www.tuseichholzremmighausen.de\/wordpress\/wp-json\/wp\/v2\/types\/post"}],"author":[{"embeddable":true,"href":"https:\/\/www.tuseichholzremmighausen.de\/wordpress\/wp-json\/wp\/v2\/users\/16"}],"replies":[{"embeddable":true,"href":"https:\/\/www.tuseichholzremmighausen.de\/wordpress\/wp-json\/wp\/v2\/comments?post=8004"}],"version-history":[{"count":0,"href":"https:\/\/www.tuseichholzremmighausen.de\/wordpress\/wp-json\/wp\/v2\/posts\/8004\/revisions"}],"wp:attachment":[{"href":"https:\/\/www.tuseichholzremmighausen.de\/wordpress\/wp-json\/wp\/v2\/media?parent=8004"}],"wp:term":[{"taxonomy":"category","embeddable":true,"href":"https:\/\/www.tuseichholzremmighausen.de\/wordpress\/wp-json\/wp\/v2\/categories?post=8004"},{"taxonomy":"post_tag","embeddable":true,"href":"https:\/\/www.tuseichholzremmighausen.de\/wordpress\/wp-json\/wp\/v2\/tags?post=8004"}],"curies":[{"name":"wp","href":"https:\/\/api.w.org\/{rel}","templated":true}]}}